{"id":5762,"date":"2026-08-31T06:36:54","date_gmt":"2026-08-31T06:36:54","guid":{"rendered":"https:\/\/stiri-faine.com\/?p=5762"},"modified":"2026-08-31T06:36:54","modified_gmt":"2026-08-31T06:36:54","slug":"petrisor-peiu-a-aruncat-b0mba-sunt-amenintat-cu-vezi-mai-mult-4","status":"publish","type":"post","link":"https:\/\/stiri-faine.com\/?p=5762","title":{"rendered":"Petri\u0219or Peiu a aruncat B0MBA: \u201eSunt amenin\u021bat cu\u2026 Vezi mai mult"},"content":{"rendered":"<p>Petri\u0219or Peiu, liderul senatorilor AUR, a oferit noi explica\u021bii dup\u0103 ce nu a participat la votul din Senat asupra Legii ANI. Parlamentarul sus\u021bine c\u0103 absen\u021ba sa a avut leg\u0103tur\u0103 cu o problem\u0103 de familie stabilit\u0103 cu mai mult timp \u00eenainte \u0219i precizeaz\u0103 c\u0103, \u00een momentul votului, nici m\u0103car nu se afla \u00een Bucure\u0219ti.<\/p>\n<p>Controversele ap\u0103rute ulterior l-ar fi pus \u00eens\u0103 \u00eentr-o situa\u021bie extrem de dificil\u0103. Peiu sus\u021bine c\u0103 a primit sute de mesaje \u00een care a fost criticat \u0219i acuzat de tr\u0103dare, iar unele dintre acestea ar fi con\u021binut inclusiv amenin\u021b\u0103ri cu moartea.<\/p>\n<p>\u00cen ciuda tensiunilor, senatorul spune clar c\u0103 nu inten\u021bioneaz\u0103 s\u0103 plece din AUR. Recunoa\u0219te \u00eens\u0103 c\u0103 experien\u021bele recente l-au f\u0103cut s\u0103 regrete decizia de a intra \u00een politic\u0103 \u0219i s\u0103 \u00ee\u0219i piard\u0103 \u00eencrederea \u00een oamenii din acest mediu.<\/p>\n<p>De ce nu a participat Petri\u0219or Peiu la votLiderul senatorilor AUR a explicat c\u0103, \u00een momentul \u00een care Legea ANI a fost supus\u0103 votului, se afla \u00een afara Capitalei din motive personale.<\/p>\n<p>Potrivit acestuia, era vorba despre o chestiune de familie programat\u0103 \u00eenc\u0103 din luna februarie, astfel c\u0103 nu \u0219i-ar fi putut modifica agenda pentru a ajunge fizic \u00een Parlament.<\/p>\n<p>Peiu a vorbit \u0219i despre posibilitatea particip\u0103rii de la distan\u021b\u0103, preciz\u00e2nd c\u0103 a \u00eent\u00e2mpinat \u00een trecut probleme cu tableta pus\u0103 la dispozi\u021bie de STS \u0219i c\u0103 prefer\u0103, \u00een general, s\u0103 voteze atunci c\u00e2nd se afl\u0103 fizic \u00een Parlament.<\/p>\n<p>\u201e\u00cen primul r\u00e2nd, nu am participat la vot pentru c\u0103 nu eram prezent \u00een Bucure\u0219ti. N-a\u0219 fi putut, pentru c\u0103 era o chestiune de familie programat\u0103 din februarie\u201d, a explicat senatorul.<\/p>\n<p>Petri\u0219or Peiu sus\u021bine c\u0103 a primit amenin\u021b\u0103riSitua\u021bia ar fi devenit mult mai tensionat\u0103 dup\u0103 vot.<\/p>\n<p>Petri\u0219or Peiu afirm\u0103 c\u0103 s-a sim\u021bit pus \u00eentr-o pozi\u021bie dificil\u0103 de unii dintre colegii s\u0103i \u0219i c\u0103, \u00een acela\u0219i timp, a devenit \u021binta unor critici dure \u00een spa\u021biul public.<\/p>\n<p>Potrivit senatorului, oamenii care cuno\u0219teau situa\u021bia nu ar fi intervenit pentru a explica motivele reale ale absen\u021bei sale.<\/p>\n<p>Consecin\u021bele ar fi fost serioase. Peiu spune c\u0103 telefonul s\u0103u a fost asaltat de mesaje, unele dintre ele dep\u0103\u0219ind cu mult nivelul unor simple critici.<\/p>\n<p>\u201eM-au asaltat sute de mesaje \u00een care sunt f\u0103cut tr\u0103d\u0103tor, sunt amenin\u021bat cu moartea\u201d, a declarat liderul senatorilor AUR.<\/p>\n<p>Parlamentarul sus\u021bine c\u0103 experien\u021ba l-a afectat \u0219i l-a determinat s\u0103 priveasc\u0103 diferit rela\u021biile din interiorul mediului politic.<\/p>\n<p>\u201eNu plec din AUR\u201d\u00cen ciuda situa\u021biei tensionate, Petri\u0219or Peiu exclude posibilitatea unei plec\u0103ri din partid.<\/p>\n<p>Senatorul consider\u0103 c\u0103 a ob\u021binut mandatul pe listele AUR \u0219i c\u0103 are obliga\u021bia s\u0103 r\u0103m\u00e2n\u0103 al\u0103turi de forma\u021biunea cu care a intrat \u00een Parlament p\u00e2n\u0103 la \u00eencheierea actualei legislaturi.<\/p>\n<p>\u201eNu plec din AUR. Cum s\u0103 plec din AUR? Am intrat \u00een Parlament pe listele unui partid, sunt dator s\u0103 continui pe listele acelui partid p\u00e2n\u0103 la finalul legislaturii\u201d, a declarat acesta.<\/p>\n<p>Pozi\u021bia sa este categoric\u0103 \u00een ceea ce prive\u0219te apartenen\u021ba la partid, \u00eens\u0103 mult mai dur\u0103 atunci c\u00e2nd vorbe\u0219te despre experien\u021ba sa \u00een politic\u0103.<\/p>\n<p>Petri\u0219or Peiu spune c\u0103 regret\u0103 intrarea \u00een politic\u0103Evenimentele din ultimele zile l-ar fi f\u0103cut pe liderul senatorilor AUR s\u0103 ajung\u0103 la o concluzie nea\u0219teptat\u0103.<\/p>\n<p>Peiu spune c\u0103 intrarea \u00een politic\u0103 a fost o gre\u0219eal\u0103 \u0219i c\u0103 nu simte c\u0103 apar\u021bine acestui mediu.<\/p>\n<p>\u201eMi-am dat seama c\u0103 a fost o gre\u0219eal\u0103 c\u0103 am intrat \u00een politic\u0103. Nu m\u0103 simt \u00een lumea mea aici\u201d, a m\u0103rturisit parlamentarul.<\/p>\n<p>Mai mult, senatorul afirm\u0103 c\u0103 \u0219i-a pierdut o mare parte din \u00eencrederea \u00een oamenii din jurul s\u0103u.<\/p>\n<p>Acesta a folosit chiar o compara\u021bie ironic\u0103 pentru a descrie lec\u021bia pe care spune c\u0103 a \u00eenv\u0103\u021bat-o \u00een urma ultimelor evenimente.<\/p>\n<p>\u201eDac\u0103 un politician \u00ee\u021bi \u00eentinde o m\u00e2n\u0103, e bine s\u0103-\u021bi pui m\u00e2inile pe buzunare, s\u0103 nu r\u0103m\u00e2i cumva f\u0103r\u0103 cheile de acas\u0103\u201d, a declarat Peiu.<\/p>\n<p>Senatorul a precizat c\u0103 nu acuz\u0103 \u00een mod direct o anumit\u0103 persoan\u0103, \u00eens\u0103 spune c\u0103 nu mai are \u00eencredere \u00een promisiunile sau cuv\u00e2ntul celor din mediul politic.<\/p>\n<p>Controverse \u00eenaintea votului pe Legea ANIAbsen\u021ba lui Petri\u0219or Peiu de la vot nu a reprezentat o surpriz\u0103 total\u0103. Liderul senatorilor AUR anun\u021base anterior c\u0103 nu inten\u021bioneaz\u0103 s\u0103 participe.<\/p>\n<p>Mai mult, acesta afirmase c\u0103 ar putea renun\u021ba la conducerea grupului parlamentar dac\u0103 senatorii partidului ar fi sus\u021binut proiectul.<\/p>\n<p>Peiu \u0219i-a justificat pozi\u021bia prin nevoia de consecven\u021b\u0103. Potrivit acestuia, deputa\u021bii AUR votaser\u0103 anterior \u00eempotriva proiectului f\u0103r\u0103 s\u0103 existe o consultare cu el.<\/p>\n<p>Senatorul considera c\u0103 parlamentarii partidului trebuie s\u0103 \u00ee\u0219i p\u0103streze pozi\u021bia sau, \u00een cazul unei schimb\u0103ri de vot, s\u0103 explice public motivele.<\/p>\n<p>\u201eAici intervine onoarea. Onoarea de a nu vota azi ceea ce ai respins ieri. Sau m\u0103car de a explica de ce ai f\u0103cut-o\u201d, transmisese Peiu \u00eenaintea votului.<\/p>\n<p>Tensiunile continu\u0103 dup\u0103 adoptarea legiiDisputa privind Legea ANI a provocat reac\u021bii puternice \u00een Parlament \u0219i a generat controverse inclusiv \u00een interiorul partidelor.<\/p>\n<p>\u00cen cazul lui Petri\u0219or Peiu, situa\u021bia a dep\u0103\u0219it \u00eens\u0103 dezbaterea strict legislativ\u0103. Liderul senatorilor AUR sus\u021bine c\u0103 reac\u021biile primite dup\u0103 vot l-au f\u0103cut s\u0103 \u00ee\u0219i reevalueze experien\u021ba politic\u0103 \u0219i rela\u021biile cu oamenii din acest mediu.<\/p>\n<p>De\u0219i afirm\u0103 categoric c\u0103 va r\u0103m\u00e2ne \u00een AUR \u0219i \u00ee\u0219i va duce mandatul p\u00e2n\u0103 la final, declara\u021biile sale arat\u0103 c\u0103 episodul a l\u0103sat urme serioase.<\/p>\n<p>Pentru moment, Petri\u0219or Peiu \u00ee\u0219i men\u021bine pozi\u021bia privind Legea ANI, dar transmite c\u0103 lec\u021bia ultimelor zile i-a schimbat profund perspectiva asupra politicii \u0219i asupra \u00eencrederii pe care este dispus s\u0103 o acorde celor din jur.<\/p>\n","protected":false},"excerpt":{"rendered":"<p>Petri\u0219or Peiu, liderul senatorilor AUR, a oferit noi explica\u021bii dup\u0103 ce nu a participat la votul din Senat asupra Legii ANI. Parlamentarul sus\u021bine c\u0103 absen\u021ba sa a avut leg\u0103tur\u0103 cu o problem\u0103 de familie stabilit\u0103 cu mai mult timp \u00eenainte \u0219i precizeaz\u0103 c\u0103, \u00een momentul votului, nici m\u0103car nu se afla \u00een Bucure\u0219ti. Controversele ap\u0103rute &#8230; <a title=\"Petri\u0219or Peiu a aruncat B0MBA: \u201eSunt amenin\u021bat cu\u2026 Vezi mai mult\" class=\"read-more\" href=\"https:\/\/stiri-faine.com\/?p=5762\" aria-label=\"Read more about Petri\u0219or Peiu a aruncat B0MBA: \u201eSunt amenin\u021bat cu\u2026 Vezi mai mult\">Read more<\/a><\/p>\n","protected":false},"author":1,"featured_media":0,"comment_status":"open","ping_status":"open","sticky":false,"template":"","format":"standard","meta":{"footnotes":""},"categories":[1],"tags":[],"class_list":["post-5762","post","type-post","status-publish","format-standard","hentry","category-uncategorized"],"_links":{"self":[{"href":"https:\/\/stiri-faine.com\/index.php?rest_route=\/wp\/v2\/posts\/5762","targetHints":{"allow":["GET"]}}],"collection":[{"href":"https:\/\/stiri-faine.com\/index.php?rest_route=\/wp\/v2\/posts"}],"about":[{"href":"https:\/\/stiri-faine.com\/index.php?rest_route=\/wp\/v2\/types\/post"}],"author":[{"embeddable":true,"href":"https:\/\/stiri-faine.com\/index.php?rest_route=\/wp\/v2\/users\/1"}],"replies":[{"embeddable":true,"href":"https:\/\/stiri-faine.com\/index.php?rest_route=%2Fwp%2Fv2%2Fcomments&post=5762"}],"version-history":[{"count":0,"href":"https:\/\/stiri-faine.com\/index.php?rest_route=\/wp\/v2\/posts\/5762\/revisions"}],"wp:attachment":[{"href":"https:\/\/stiri-faine.com\/index.php?rest_route=%2Fwp%2Fv2%2Fmedia&parent=5762"}],"wp:term":[{"taxonomy":"category","embeddable":true,"href":"https:\/\/stiri-faine.com\/index.php?rest_route=%2Fwp%2Fv2%2Fcategories&post=5762"},{"taxonomy":"post_tag","embeddable":true,"href":"https:\/\/stiri-faine.com\/index.php?rest_route=%2Fwp%2Fv2%2Ftags&post=5762"}],"curies":[{"name":"wp","href":"https:\/\/api.w.org\/{rel}","templated":true}]}}