{"id":5761,"date":"2026-08-31T06:37:29","date_gmt":"2026-08-31T06:37:29","guid":{"rendered":"https:\/\/stiri-faine.com\/?p=5761"},"modified":"2026-08-31T06:37:30","modified_gmt":"2026-08-31T06:37:30","slug":"pleaca-de-la-cotroceni-si-a-dat-demisia-chiar-acum-vezi-mai-mult-5","status":"publish","type":"post","link":"https:\/\/stiri-faine.com\/?p=5761","title":{"rendered":"Pleac\u0103 de la Cotroceni! Si-a dat demisia chiar acum\u2026 Vezi mai mult"},"content":{"rendered":"\n<p class=\"wp-block-paragraph\">Consilierul de stat Mihai \u0218omordolea, secretar al Consiliului Suprem de Ap\u0103rare a \u021a\u0103rii (CSAT), \u00ee\u0219i \u00eencheie mandatul dup\u0103 10 ani de activitate la Palatul Cotroceni. Pre\u0219edintele Nicu\u0219or Dan a semnat vineri decretul de eliberare din func\u021bie, potrivit unui comunicat transmis de Administra\u021bia Preziden\u021bial\u0103.<\/p>\n\n\n\n<p class=\"wp-block-paragraph\">Totodat\u0103, \u0219eful statului a semnat \u0219i decretul privind trecerea \u00een rezerv\u0103 a lui \u0218omordolea, general cu patru stele \u00een cadrul Ministerului Ap\u0103r\u0103rii Na\u021bionale.<\/p>\n\n\n\n<p class=\"wp-block-paragraph\">\u00cen locul s\u0103u a fost numit generalul Sorin C\u00eerstea, \u00eencep\u00e2nd cu data de 31 ianuarie 2026.<\/p>\n\n\n\n<p class=\"wp-block-paragraph\">Cine este Mihai \u0218omordolea<br>Mihai \u0218omordolea este absolvent al Academiei de \u00cenalte Studii Militare din Bucure\u0219ti, licen\u021biat \u00een \u0218tiin\u021be Juridice la Universitatea \u201eLucian Blaga\u201d din Sibiu \u0219i doctor \u00een \u0218tiin\u021be Militare.<\/p>\n\n\n\n<p class=\"wp-block-paragraph\">Cariera sa \u00een cadrul CSAT a \u00eenceput \u00een 2008, c\u00e2nd a fost numit \u0219ef al Secretariatului Consiliului Suprem de Ap\u0103rare a \u021a\u0103rii, func\u021bie pe care a ocupat-o p\u00e2n\u0103 \u00een 2015. La 9 martie 2015 a fost desemnat secretar al CSAT, pozi\u021bie pe care a de\u021binut-o p\u00e2n\u0103 \u00een prezent.<\/p>\n\n\n\n<p class=\"wp-block-paragraph\">De-a lungul carierei militare, \u00eenceput\u0103 \u00een 1987, a ocupat mai multe func\u021bii \u00een cadrul Ministerului Ap\u0103r\u0103rii Na\u021bionale, avans\u00e2nd de la gradul de locotenent p\u00e2n\u0103 la general. \u00centre 2003 \u0219i 2006 a fost \u0219ef al Biroului Planificare, Organizare \u0219i Desf\u0103\u0219urare Activit\u0103\u021bi de Reprezentare \u00een Statul Major General \u0219i ofi\u021ber \u00een cadrul Serviciului Secretariat al Statului Major General.<\/p>\n\n\n\n<p class=\"wp-block-paragraph\">A participat la misiuni interna\u021bionale, inclusiv \u00een cadrul Comandamentului KFOR, unde a fost senior na\u021bional reprezentativ al Rom\u00e2niei \u00een teatrul de opera\u021biuni din Kosovo (2007\u20132008).<\/p>\n\n\n\n<p class=\"wp-block-paragraph\">Pe l\u00e2ng\u0103 activitatea militar\u0103, a avut \u0219i o carier\u0103 academic\u0103, fiind conferen\u021biar universitar la Academia Tehnic\u0103 Militar\u0103 \u0219i profesor \u00een cadrul Catedrei de Securitate \u0219i Ap\u0103rare Na\u021bional\u0103 a Universit\u0103\u021bii Na\u021bionale de Ap\u0103rare \u201eCarol I\u201d. De asemenea, a urmat numeroase cursuri de perfec\u021bionare, printre care \u0219i Cursul NATO privind opera\u021biunile de men\u021binere a p\u0103cii, desf\u0103\u0219urat la Oberammergau, Germania, \u00een 2007.<\/p>\n\n\n\n<p class=\"wp-block-paragraph\">Pentru activitatea sa, a fost distins cu mai multe decora\u021bii, printre care:<\/p>\n\n\n\n<p class=\"wp-block-paragraph\">\u201eEmblema de Onoare a Armatei Rom\u00e2niei\u201d (2008)<br>\u201eEmblema de Onoare a Statului Major General\u201d (2010)<br>\u201eCrucea comemorativ\u0103 a Italiei\u201d pentru misiunea din Kosovo (2008)<br>Ordinul Na\u021bional \u201eServiciul Credincios\u201d \u00een grad de Comandor (2014)<br>Cine este Sorin C\u00eerstea, noul secretar al CSAT<br>Generalul Sorin C\u00eerstea, care preia func\u021bia \u00eencep\u00e2nd cu 31 ianuarie 2026, are o vast\u0103 experien\u021b\u0103 \u00een teatrele de opera\u021bii externe.<\/p>\n\n\n\n<p class=\"wp-block-paragraph\">\u00cen 2017, a fost decorat cu Highest Medal of Ghazi (Hero) de c\u0103tre pre\u0219edintele Afganistanului, pentru activitatea desf\u0103\u0219urat\u0103 \u00een misiunile din Afganistan.<\/p>\n\n\n\n<p class=\"wp-block-paragraph\">Potrivit informa\u021biilor publice, a participat la cinci misiuni \u00een Afganistan \u0219i Kosovo. Cea mai \u00eenalt\u0103 func\u021bie ocupat\u0103 \u00een aceste teatre de opera\u021bii a fost cea de comandant al Elementului de Sprijin Opera\u021bii Psihologice din Pristina (KFOR) \u0219i din Kabul, \u00een cadrul Comandamentului \u00centrunit ISAF (IJC).<\/p>\n\n\n\n<p class=\"wp-block-paragraph\">De-a lungul carierei, a fost decorat \u00een repetate r\u00e2nduri at\u00e2t pentru activitatea din \u021bar\u0103, c\u00e2t \u0219i pentru cea desf\u0103\u0219urat\u0103 \u00een misiuni externe.<\/p>\n\n\n\n<p class=\"wp-block-paragraph\">Sorin C\u00eerstea este absolvent al \u0218colii Militare de Ofi\u021beri Activi \u201eLeontin S\u0103l\u0103jan\u201d, arma rachete \u0219i artilerie antiaerian\u0103. Este licen\u021biat al Facult\u0103\u021bii de Electromecanic\u0103 (1997) \u0219i al Facult\u0103\u021bii de \u0218tiin\u021be, specializarea Psihologie (2005).<\/p>\n\n\n\n<p class=\"wp-block-paragraph\"><\/p>\n","protected":false},"excerpt":{"rendered":"<p>Consilierul de stat Mihai \u0218omordolea, secretar al Consiliului Suprem de Ap\u0103rare a \u021a\u0103rii (CSAT), \u00ee\u0219i \u00eencheie mandatul dup\u0103 10 ani de activitate la Palatul Cotroceni. Pre\u0219edintele Nicu\u0219or Dan a semnat vineri decretul de eliberare din func\u021bie, potrivit unui comunicat transmis de Administra\u021bia Preziden\u021bial\u0103. Totodat\u0103, \u0219eful statului a semnat \u0219i decretul privind trecerea \u00een rezerv\u0103 a &#8230; <a title=\"Pleac\u0103 de la Cotroceni! Si-a dat demisia chiar acum\u2026 Vezi mai mult\" class=\"read-more\" href=\"https:\/\/stiri-faine.com\/?p=5761\" aria-label=\"Read more about Pleac\u0103 de la Cotroceni! Si-a dat demisia chiar acum\u2026 Vezi mai mult\">Read more<\/a><\/p>\n","protected":false},"author":1,"featured_media":0,"comment_status":"open","ping_status":"open","sticky":false,"template":"","format":"standard","meta":{"footnotes":""},"categories":[1],"tags":[],"class_list":["post-5761","post","type-post","status-publish","format-standard","hentry","category-uncategorized"],"_links":{"self":[{"href":"https:\/\/stiri-faine.com\/index.php?rest_route=\/wp\/v2\/posts\/5761","targetHints":{"allow":["GET"]}}],"collection":[{"href":"https:\/\/stiri-faine.com\/index.php?rest_route=\/wp\/v2\/posts"}],"about":[{"href":"https:\/\/stiri-faine.com\/index.php?rest_route=\/wp\/v2\/types\/post"}],"author":[{"embeddable":true,"href":"https:\/\/stiri-faine.com\/index.php?rest_route=\/wp\/v2\/users\/1"}],"replies":[{"embeddable":true,"href":"https:\/\/stiri-faine.com\/index.php?rest_route=%2Fwp%2Fv2%2Fcomments&post=5761"}],"version-history":[{"count":1,"href":"https:\/\/stiri-faine.com\/index.php?rest_route=\/wp\/v2\/posts\/5761\/revisions"}],"predecessor-version":[{"id":5763,"href":"https:\/\/stiri-faine.com\/index.php?rest_route=\/wp\/v2\/posts\/5761\/revisions\/5763"}],"wp:attachment":[{"href":"https:\/\/stiri-faine.com\/index.php?rest_route=%2Fwp%2Fv2%2Fmedia&parent=5761"}],"wp:term":[{"taxonomy":"category","embeddable":true,"href":"https:\/\/stiri-faine.com\/index.php?rest_route=%2Fwp%2Fv2%2Fcategories&post=5761"},{"taxonomy":"post_tag","embeddable":true,"href":"https:\/\/stiri-faine.com\/index.php?rest_route=%2Fwp%2Fv2%2Ftags&post=5761"}],"curies":[{"name":"wp","href":"https:\/\/api.w.org\/{rel}","templated":true}]}}