{"id":5759,"date":"2026-08-31T06:36:08","date_gmt":"2026-08-31T06:36:08","guid":{"rendered":"https:\/\/stiri-faine.com\/?p=5759"},"modified":"2026-08-31T06:36:08","modified_gmt":"2026-08-31T06:36:08","slug":"cutremur-pe-scena-politica-fostul-presedinte-klaus-iohannis-4","status":"publish","type":"post","link":"https:\/\/stiri-faine.com\/?p=5759","title":{"rendered":"CUTREMUR pe scena politic\u0103! Fostul pre\u0219edinte Klaus Iohannis\u2026"},"content":{"rendered":"<p>Dosarul privind imobilul din centrul municipiului Sibiu asociat cu numele fostului pre\u0219edinte Klaus Iohannis a ajuns \u00eentr-o nou\u0103 etap\u0103 important\u0103. Instan\u021ba a dat c\u00e2\u0219tig de cauz\u0103 statului rom\u00e2n \u0219i \u00een ceea ce prive\u0219te cea de-a doua jum\u0103tate a cl\u0103dirii, deschiz\u00e2nd astfel posibilitatea recuper\u0103rii unor sume estimate la c\u00e2teva sute de mii de euro.<\/p>\n<p>Hot\u0103r\u00e2rea nu este \u00eens\u0103 definitiv\u0103 \u0219i poate fi atacat\u0103 cu apel.<\/p>\n<p>Cum a \u00eenceput disputa pentru imobilCl\u0103direa, situat\u0103 pe strada Nicolae B\u0103lcescu din Sibiu, a fost revendicat\u0103 de familiile Iohannis \u0219i Ba\u0219tea.<\/p>\n<p>Statul a contestat documentele care au stat la baza dob\u00e2ndirii propriet\u0103\u021bii \u0219i a sus\u021binut c\u0103 certificatul de mo\u0219tenitor invocat \u00een cadrul procedurilor nu era valabil.<\/p>\n<p>\u00cen urma proceselor, instan\u021bele au dispus radierea dreptului de proprietate al so\u021bilor Iohannis pentru partea vizat\u0103 \u0219i \u00eenscrierea statului rom\u00e2n drept proprietar.<\/p>\n<p>Noua decizie prive\u0219te \u0219i cealalt\u0103 jum\u0103tate a imobilului \u0219i ar putea permite statului s\u0103 intre \u00een posesia complet\u0103 a cl\u0103dirii.<\/p>\n<p>Miza financiar\u0103 este una important\u0103Imobilul se afl\u0103 \u00eentr-una dintre cele mai valoroase zone comerciale ale Sibiului.<\/p>\n<p>Potrivit estim\u0103rilor prezentate, pre\u021burile spa\u021biilor din zon\u0103 pot ajunge la aproximativ 2.700\u20133.300 de euro pe metru p\u0103trat. La o suprafa\u021b\u0103 util\u0103 de aproximativ 166 de metri p\u0103tra\u021bi, valoarea propriet\u0103\u021bii ar putea fi cuprins\u0103 \u00eentre 450.000 \u0219i 550.000 de euro.<\/p>\n<p>Pentru autorit\u0103\u021bi, miza nu se limiteaz\u0103 \u00eens\u0103 la valoarea cl\u0103dirii.<\/p>\n<p>ANAF urm\u0103re\u0219te \u0219i recuperarea unor sume provenite din chirii, precum \u0219i desp\u0103gubiri pentru lipsa de folosin\u021b\u0103 a imobilului.<\/p>\n<p>Alte procese sunt \u00eenc\u0103 \u00een desf\u0103\u0219urareDirec\u021bia Regional\u0103 a Finan\u021belor Publice Bra\u0219ov a atacat separat decizia prin care fusese respins\u0103 instituirea unui sechestru asigur\u0103tor asupra unor bunuri apar\u021bin\u00e2nd familiei Iohannis.<\/p>\n<p>Aceast\u0103 cauz\u0103 urmeaz\u0103 s\u0103 fie analizat\u0103 de Curtea de Apel Alba.<\/p>\n<p>De asemenea, statul a deschis o ac\u021biune distinct\u0103 prin care solicit\u0103 plata desp\u0103gubirilor stabilite, sus\u021bin\u00e2nd c\u0103 acestea nu au fost achitate voluntar.<\/p>\n<p>Ce se poate \u00eent\u00e2mpla cu imobilulDac\u0103 hot\u0103r\u00e2rile vor deveni definitive \u0219i statul va intra complet \u00een posesia cl\u0103dirii, autorit\u0103\u021bile vor putea decide ce se \u00eent\u00e2mpl\u0103 mai departe cu proprietatea.<\/p>\n<p>Printre variante se num\u0103r\u0103 \u00eenchirierea sau valorificarea imobilului, astfel \u00eenc\u00e2t statul s\u0103 poat\u0103 recupera o parte dintre sumele revendicate.<\/p>\n<p>Cazul continu\u0103 s\u0103 provoace discu\u021bii \u0219i la nivel local, mai ales din cauza istoricului complicat al propriet\u0103\u021bii.<\/p>\n<p>Pentru moment, procesul nu este \u00eencheiat. Hot\u0103r\u00e2rea Tribunalului Sibiu poate fi contestat\u0103, iar situa\u021bia definitiv\u0103 a imobilului \u0219i a eventualelor desp\u0103gubiri va depinde de deciziile instan\u021belor \u00een etapele urm\u0103toare.<\/p>\n","protected":false},"excerpt":{"rendered":"<p>Dosarul privind imobilul din centrul municipiului Sibiu asociat cu numele fostului pre\u0219edinte Klaus Iohannis a ajuns \u00eentr-o nou\u0103 etap\u0103 important\u0103. Instan\u021ba a dat c\u00e2\u0219tig de cauz\u0103 statului rom\u00e2n \u0219i \u00een ceea ce prive\u0219te cea de-a doua jum\u0103tate a cl\u0103dirii, deschiz\u00e2nd astfel posibilitatea recuper\u0103rii unor sume estimate la c\u00e2teva sute de mii de euro. Hot\u0103r\u00e2rea nu &#8230; <a title=\"CUTREMUR pe scena politic\u0103! Fostul pre\u0219edinte Klaus Iohannis\u2026\" class=\"read-more\" href=\"https:\/\/stiri-faine.com\/?p=5759\" aria-label=\"Read more about CUTREMUR pe scena politic\u0103! Fostul pre\u0219edinte Klaus Iohannis\u2026\">Read more<\/a><\/p>\n","protected":false},"author":1,"featured_media":0,"comment_status":"open","ping_status":"open","sticky":false,"template":"","format":"standard","meta":{"footnotes":""},"categories":[1],"tags":[],"class_list":["post-5759","post","type-post","status-publish","format-standard","hentry","category-uncategorized"],"_links":{"self":[{"href":"https:\/\/stiri-faine.com\/index.php?rest_route=\/wp\/v2\/posts\/5759","targetHints":{"allow":["GET"]}}],"collection":[{"href":"https:\/\/stiri-faine.com\/index.php?rest_route=\/wp\/v2\/posts"}],"about":[{"href":"https:\/\/stiri-faine.com\/index.php?rest_route=\/wp\/v2\/types\/post"}],"author":[{"embeddable":true,"href":"https:\/\/stiri-faine.com\/index.php?rest_route=\/wp\/v2\/users\/1"}],"replies":[{"embeddable":true,"href":"https:\/\/stiri-faine.com\/index.php?rest_route=%2Fwp%2Fv2%2Fcomments&post=5759"}],"version-history":[{"count":0,"href":"https:\/\/stiri-faine.com\/index.php?rest_route=\/wp\/v2\/posts\/5759\/revisions"}],"wp:attachment":[{"href":"https:\/\/stiri-faine.com\/index.php?rest_route=%2Fwp%2Fv2%2Fmedia&parent=5759"}],"wp:term":[{"taxonomy":"category","embeddable":true,"href":"https:\/\/stiri-faine.com\/index.php?rest_route=%2Fwp%2Fv2%2Fcategories&post=5759"},{"taxonomy":"post_tag","embeddable":true,"href":"https:\/\/stiri-faine.com\/index.php?rest_route=%2Fwp%2Fv2%2Ftags&post=5759"}],"curies":[{"name":"wp","href":"https:\/\/api.w.org\/{rel}","templated":true}]}}