{"id":5749,"date":"2026-08-31T06:34:48","date_gmt":"2026-08-31T06:34:48","guid":{"rendered":"https:\/\/stiri-faine.com\/?p=5749"},"modified":"2026-08-31T06:34:48","modified_gmt":"2026-08-31T06:34:48","slug":"decizie-definitiva-calin-georgescu-va-fi","status":"publish","type":"post","link":"https:\/\/stiri-faine.com\/?p=5749","title":{"rendered":"Decizie DEFINITIV\u0102! C\u0103lin Georgescu va fi\u2026"},"content":{"rendered":"\n<p class=\"wp-block-paragraph\">\u00cenalta Curte de Casa\u021bie \u0219i Justi\u021bie a decis definitiv c\u0103 dosarul \u00een care C\u0103lin Georgescu, Hora\u021biu Potra \u0219i alte 20 de persoane sunt acuzate de infrac\u021biuni \u00eempotriva ordinii constitu\u021bionale poate intra \u00een faza de judecat\u0103. Magistra\u021bii au constatat legalitatea rechizitoriului \u00eentocmit de procurori, ceea ce \u00eenseamn\u0103 c\u0103 procesul pe fond poate \u00eencepe.<\/p>\n\n\n\n<p class=\"wp-block-paragraph\">Hot\u0103r\u00e2rea a fost pronun\u021bat\u0103 joi, 6 august 2026, dup\u0103 mai multe am\u00e2n\u0103ri \u0219i dup\u0103 reluarea unor proceduri din camera preliminar\u0103.<\/p>\n\n\n\n<p class=\"wp-block-paragraph\">Decizia nu stabile\u0219te vinov\u0103\u021bia inculpa\u021bilor, ci doar faptul c\u0103 dosarul poate fi judecat \u00een forma trimis\u0103 de procurori.<\/p>\n\n\n\n<p class=\"wp-block-paragraph\">\u00cenalta Curte a respins contesta\u021biile din camera preliminar\u0103<br>\u00cen aceast\u0103 etap\u0103, judec\u0103torii au analizat legalitatea sesiz\u0103rii instan\u021bei, a rechizitoriului \u0219i a probelor administrate \u00een cursul anchetei.<\/p>\n\n\n\n<p class=\"wp-block-paragraph\">Dup\u0103 examinarea contesta\u021biilor \u0219i excep\u021biilor formulate de ap\u0103rare, \u00cenalta Curte a stabilit definitiv c\u0103 procesul poate continua \u0219i a dispus \u00eenceperea judec\u0103\u021bii.<\/p>\n\n\n\n<p class=\"wp-block-paragraph\">Astfel, dosarul nu va fi retrimis la Parchet, iar acuza\u021biile vor fi analizate \u00een cadrul procesului pe fond.<\/p>\n\n\n\n<p class=\"wp-block-paragraph\">C\u0103lin Georgescu este acuzat de complicitate la tentativ\u0103 de ac\u021biuni \u00eempotriva ordinii constitu\u021bionale \u0219i de comunicarea de informa\u021bii false \u00een form\u0103 continuat\u0103.<\/p>\n\n\n\n<p class=\"wp-block-paragraph\">Hora\u021biu Potra este acuzat, printre altele, de tentativ\u0103 la ac\u021biuni \u00eempotriva ordinii constitu\u021bionale \u0219i de infrac\u021biuni privind regimul armelor, muni\u021biilor \u0219i materiilor explozive.<\/p>\n\n\n\n<p class=\"wp-block-paragraph\">Ce sus\u021bin procurorii despre \u00eent\u00e2lnirea de la Ciolpani<br>O parte important\u0103 a dosarului prive\u0219te evenimentele de dup\u0103 anularea alegerilor preziden\u021biale din decembrie 2024.<\/p>\n\n\n\n<p class=\"wp-block-paragraph\">Procurorii sus\u021bin c\u0103 Georgescu \u0219i Potra s-ar fi \u00eent\u00e2lnit la un complex de echita\u021bie din Ciolpani, unde ar fi discutat despre protestele care urmau s\u0103 aib\u0103 loc \u00een Bucure\u0219ti.<\/p>\n\n\n\n<p class=\"wp-block-paragraph\">Potrivit tezei acuz\u0103rii, persoane cu preg\u0103tire militar\u0103 ar fi urmat s\u0103 ajung\u0103 \u00een Capital\u0103 \u0219i s\u0103 provoace ac\u021biuni violente care s\u0103 deturneze manifesta\u021biile.<\/p>\n\n\n\n<p class=\"wp-block-paragraph\">Anchetatorii afirm\u0103 c\u0103 Hora\u021biu Potra ar fi coordonat un grup de 21 de persoane care inten\u021bionau s\u0103 se deplaseze spre Bucure\u0219ti.<\/p>\n\n\n\n<p class=\"wp-block-paragraph\">\u00cen noaptea de 7 spre 8 decembrie 2024, autorit\u0103\u021bile au organizat mai multe filtre, iar \u00een autoturismele verificate ar fi fost descoperite arme albe, pistoale, spray-uri iritant-lacrimogene \u0219i materiale pirotehnice.<\/p>\n\n\n\n<p class=\"wp-block-paragraph\">Ce urmeaz\u0103 \u00een proces<br>Odat\u0103 \u00eencheiat\u0103 camera preliminar\u0103, instan\u021ba va analiza pe fond acuza\u021biile, probele procurorilor \u0219i argumentele ap\u0103r\u0103rii.<\/p>\n\n\n\n<p class=\"wp-block-paragraph\">Judec\u0103torii vor trebui s\u0103 stabileasc\u0103 dac\u0103 faptele descrise \u00een rechizitoriu s-au petrecut \u00een forma sus\u021binut\u0103 de anchetatori \u0219i dac\u0103 exist\u0103 r\u0103spundere penal\u0103 pentru fiecare inculpat.<\/p>\n\n\n\n<p class=\"wp-block-paragraph\">Este important de precizat c\u0103 validarea rechizitoriului nu reprezint\u0103 o condamnare. C\u0103lin Georgescu, Hora\u021biu Potra \u0219i ceilal\u021bi inculpa\u021bi beneficiaz\u0103 de prezum\u021bia de nevinov\u0103\u021bie p\u00e2n\u0103 la pronun\u021barea unei hot\u0103r\u00e2ri definitive.<\/p>\n\n\n\n<p class=\"wp-block-paragraph\">Dup\u0103 decizia \u00cenaltei Cur\u021bi, aten\u021bia se mut\u0103 acum asupra procesului propriu-zis \u0219i asupra probelor care vor fi analizate \u00een instan\u021b\u0103.<\/p>\n","protected":false},"excerpt":{"rendered":"<p>\u00cenalta Curte de Casa\u021bie \u0219i Justi\u021bie a decis definitiv c\u0103 dosarul \u00een care C\u0103lin Georgescu, Hora\u021biu Potra \u0219i alte 20 de persoane sunt acuzate de infrac\u021biuni \u00eempotriva ordinii constitu\u021bionale poate intra \u00een faza de judecat\u0103. Magistra\u021bii au constatat legalitatea rechizitoriului \u00eentocmit de procurori, ceea ce \u00eenseamn\u0103 c\u0103 procesul pe fond poate \u00eencepe. Hot\u0103r\u00e2rea a fost &#8230; <a title=\"Decizie DEFINITIV\u0102! C\u0103lin Georgescu va fi\u2026\" class=\"read-more\" href=\"https:\/\/stiri-faine.com\/?p=5749\" aria-label=\"Read more about Decizie DEFINITIV\u0102! C\u0103lin Georgescu va fi\u2026\">Read more<\/a><\/p>\n","protected":false},"author":1,"featured_media":0,"comment_status":"open","ping_status":"open","sticky":false,"template":"","format":"standard","meta":{"footnotes":""},"categories":[1],"tags":[],"class_list":["post-5749","post","type-post","status-publish","format-standard","hentry","category-uncategorized"],"_links":{"self":[{"href":"https:\/\/stiri-faine.com\/index.php?rest_route=\/wp\/v2\/posts\/5749","targetHints":{"allow":["GET"]}}],"collection":[{"href":"https:\/\/stiri-faine.com\/index.php?rest_route=\/wp\/v2\/posts"}],"about":[{"href":"https:\/\/stiri-faine.com\/index.php?rest_route=\/wp\/v2\/types\/post"}],"author":[{"embeddable":true,"href":"https:\/\/stiri-faine.com\/index.php?rest_route=\/wp\/v2\/users\/1"}],"replies":[{"embeddable":true,"href":"https:\/\/stiri-faine.com\/index.php?rest_route=%2Fwp%2Fv2%2Fcomments&post=5749"}],"version-history":[{"count":1,"href":"https:\/\/stiri-faine.com\/index.php?rest_route=\/wp\/v2\/posts\/5749\/revisions"}],"predecessor-version":[{"id":5751,"href":"https:\/\/stiri-faine.com\/index.php?rest_route=\/wp\/v2\/posts\/5749\/revisions\/5751"}],"wp:attachment":[{"href":"https:\/\/stiri-faine.com\/index.php?rest_route=%2Fwp%2Fv2%2Fmedia&parent=5749"}],"wp:term":[{"taxonomy":"category","embeddable":true,"href":"https:\/\/stiri-faine.com\/index.php?rest_route=%2Fwp%2Fv2%2Fcategories&post=5749"},{"taxonomy":"post_tag","embeddable":true,"href":"https:\/\/stiri-faine.com\/index.php?rest_route=%2Fwp%2Fv2%2Ftags&post=5749"}],"curies":[{"name":"wp","href":"https:\/\/api.w.org\/{rel}","templated":true}]}}