{"id":5640,"date":"2026-08-29T07:08:47","date_gmt":"2026-08-29T07:08:47","guid":{"rendered":"https:\/\/stiri-faine.com\/?p=5640"},"modified":"2026-08-29T07:08:47","modified_gmt":"2026-08-29T07:08:47","slug":"ultima-ora-veste-trista-pentru-fanii-indragitei-artiste","status":"publish","type":"post","link":"https:\/\/stiri-faine.com\/?p=5640","title":{"rendered":"ULTIMA OR\u0102! Veste trist\u0103 pentru fanii \u00eendr\u0103gitei artiste"},"content":{"rendered":"\n<p class=\"wp-block-paragraph\">O veste nea\u0219teptat\u0103 a \u00eentristat mii de admiratori \u00een aceast\u0103 diminea\u021b\u0103. Cunoscuta artist\u0103 a anun\u021bat prin intermediul re\u021belelor sociale c\u0103 se retrage temporar din lumina reflectoarelor pentru a se concentra asupra problemelor personale \u0219i a s\u0103n\u0103t\u0103\u021bii.<\/p>\n\n\n\n<p class=\"wp-block-paragraph\">Mesajul publicat a st\u00e2rnit imediat reac\u021bii emo\u021bionante din partea fanilor, care i-au transmis mii de mesaje de sus\u021binere \u0219i \u00eencurajare. De\u0219i nu a oferit foarte multe detalii, artista a precizat c\u0103 aceast\u0103 decizie este necesar\u0103 pentru a-\u0219i rec\u0103p\u0103ta echilibrul \u0219i energia.<\/p>\n\n\n\n<p class=\"wp-block-paragraph\">\u201eV\u0103 mul\u021bumesc pentru dragostea \u0219i sprijinul vostru. Am nevoie de pu\u021bin timp pentru mine \u0219i sper s\u0103 revin c\u00e2t mai cur\u00e2nd\u201d, a scris aceasta.<\/p>\n\n\n\n<p class=\"wp-block-paragraph\">Numeroase personalit\u0103\u021bi din lumea muzicii \u0219i a televiziunii \u0219i-au exprimat solidaritatea, dorindu-i mult\u0103 s\u0103n\u0103tate \u0219i putere \u00een aceast\u0103 perioad\u0103 dificil\u0103.<\/p>\n\n\n\n<p class=\"wp-block-paragraph\">Fanii sper\u0103 c\u0103 retragerea va fi doar una temporar\u0103 \u0219i c\u0103 artista va reveni \u00een cur\u00e2nd pe scen\u0103, acolo unde a cucerit inimile publicului prin talentul \u0219i carisma sa.<\/p>\n","protected":false},"excerpt":{"rendered":"<p>O veste nea\u0219teptat\u0103 a \u00eentristat mii de admiratori \u00een aceast\u0103 diminea\u021b\u0103. Cunoscuta artist\u0103 a anun\u021bat prin intermediul re\u021belelor sociale c\u0103 se retrage temporar din lumina reflectoarelor pentru a se concentra asupra problemelor personale \u0219i a s\u0103n\u0103t\u0103\u021bii. Mesajul publicat a st\u00e2rnit imediat reac\u021bii emo\u021bionante din partea fanilor, care i-au transmis mii de mesaje de sus\u021binere \u0219i &#8230; <a title=\"ULTIMA OR\u0102! Veste trist\u0103 pentru fanii \u00eendr\u0103gitei artiste\" class=\"read-more\" href=\"https:\/\/stiri-faine.com\/?p=5640\" aria-label=\"Read more about ULTIMA OR\u0102! Veste trist\u0103 pentru fanii \u00eendr\u0103gitei artiste\">Read more<\/a><\/p>\n","protected":false},"author":1,"featured_media":0,"comment_status":"open","ping_status":"open","sticky":false,"template":"","format":"standard","meta":{"footnotes":""},"categories":[1],"tags":[],"class_list":["post-5640","post","type-post","status-publish","format-standard","hentry","category-uncategorized"],"_links":{"self":[{"href":"https:\/\/stiri-faine.com\/index.php?rest_route=\/wp\/v2\/posts\/5640","targetHints":{"allow":["GET"]}}],"collection":[{"href":"https:\/\/stiri-faine.com\/index.php?rest_route=\/wp\/v2\/posts"}],"about":[{"href":"https:\/\/stiri-faine.com\/index.php?rest_route=\/wp\/v2\/types\/post"}],"author":[{"embeddable":true,"href":"https:\/\/stiri-faine.com\/index.php?rest_route=\/wp\/v2\/users\/1"}],"replies":[{"embeddable":true,"href":"https:\/\/stiri-faine.com\/index.php?rest_route=%2Fwp%2Fv2%2Fcomments&post=5640"}],"version-history":[{"count":1,"href":"https:\/\/stiri-faine.com\/index.php?rest_route=\/wp\/v2\/posts\/5640\/revisions"}],"predecessor-version":[{"id":5641,"href":"https:\/\/stiri-faine.com\/index.php?rest_route=\/wp\/v2\/posts\/5640\/revisions\/5641"}],"wp:attachment":[{"href":"https:\/\/stiri-faine.com\/index.php?rest_route=%2Fwp%2Fv2%2Fmedia&parent=5640"}],"wp:term":[{"taxonomy":"category","embeddable":true,"href":"https:\/\/stiri-faine.com\/index.php?rest_route=%2Fwp%2Fv2%2Fcategories&post=5640"},{"taxonomy":"post_tag","embeddable":true,"href":"https:\/\/stiri-faine.com\/index.php?rest_route=%2Fwp%2Fv2%2Ftags&post=5640"}],"curies":[{"name":"wp","href":"https:\/\/api.w.org\/{rel}","templated":true}]}}