{"id":5625,"date":"2026-08-28T22:22:06","date_gmt":"2026-08-28T22:22:06","guid":{"rendered":"https:\/\/stiri-faine.com\/?p=5625"},"modified":"2026-08-28T22:22:06","modified_gmt":"2026-08-28T22:22:06","slug":"fiul-meu-a-fost-hartuit-pe-tot-parcursul-scolii-nici-macar-nu-l-au-invitat-la-reuniunea-de-10-ani-3","status":"publish","type":"post","link":"https:\/\/stiri-faine.com\/?p=5625","title":{"rendered":"Fiul meu a fost h\u0103r\u021buit pe tot parcursul \u0219colii \u2014 nici m\u0103car nu l-au invitat la reuniunea de 10 ani."},"content":{"rendered":"<p>L-am urm\u0103rit pe telefon p\u00e2n\u0103 c\u00e2nd am v\u0103zut c\u0103 a ajuns la restaurantul din Bucure\u0219ti unde se \u021binea reuniunea.<\/p>\n<p>Dup\u0103 aceea am \u00eencercat s\u0103-mi ocup mintea cu altceva.<\/p>\n<p>N-am reu\u0219it.<\/p>\n<p>G\u00e2ndurile \u00eemi fugeau mereu la b\u0103iatul care se \u00eentorcea singur acas\u0103 dup\u0103 \u0219coal\u0103.<\/p>\n<p>La copilul care \u00ee\u0219i petrecea zilele de na\u0219tere doar cu familia, pentru c\u0103 niciun coleg nu venea.<\/p>\n<p>La adolescentul care se pref\u0103cea c\u0103 nu-l afecteaz\u0103 nimic, de\u0219i eu \u0219tiam c\u00e2t de mult \u00eel durea.<\/p>\n<p>Dup\u0103 aproape o or\u0103, telefonul a \u00eenceput s\u0103 vibreze.<\/p>\n<p>Era o veche cuno\u0219tin\u021b\u0103, mama unuia dintre fo\u0219tii lui colegi.<\/p>\n<p>\u2014 Ai aflat ce s-a \u00eent\u00e2mplat?<\/p>\n<p>\u2014 Nu. Ce s-a \u00eent\u00e2mplat?<\/p>\n<p>\u2014 Fiul t\u0103u a l\u0103sat pe toat\u0103 lumea f\u0103r\u0103 cuvinte.<\/p>\n<p>Am sim\u021bit cum \u00eemi cre\u0219te pulsul.<\/p>\n<p>\u2014 Despre ce vorbe\u0219ti?<\/p>\n<p>\u2014 Sun\u0103-l c\u00e2nd ai ocazia.<\/p>\n<p>\u0218i a \u00eenchis.<\/p>\n<p>\u00cen loc s\u0103 m\u0103 l\u0103muresc, eram \u0219i mai nedumerit\u0103.<\/p>\n<p>Abia t\u00e2rziu, spre miezul nop\u021bii, fiul meu s-a \u00eentors acas\u0103.<\/p>\n<p>Nu p\u0103rea nici sup\u0103rat, nici trist.<\/p>\n<p>Dimpotriv\u0103.<\/p>\n<p>Avea o lini\u0219te pe chip pe care nu i-o mai v\u0103zusem de mult.<\/p>\n<p>S-a a\u0219ezat la masa din buc\u0103t\u0103rie \u0219i \u0219i-a turnat un pahar cu ap\u0103.<\/p>\n<p>\u2014 Cum a fost? l-am \u00eentrebat.<\/p>\n<p>A z\u00e2mbit u\u0219or.<\/p>\n<p>\u2014 Exact cum m\u0103 a\u0219teptam.<\/p>\n<p>\u2014 \u0218i ce ai f\u0103cut?<\/p>\n<p>A r\u0103mas c\u00e2teva clipe pe g\u00e2nduri, apoi a \u00eenceput s\u0103-mi povesteasc\u0103.<\/p>\n<p>C\u00e2nd intrase \u00een sal\u0103, multe conversa\u021bii se opriser\u0103 brusc.<\/p>\n<p>O parte dintre cei prezen\u021bi nu-l mai v\u0103zuser\u0103 de aproape zece ani.<\/p>\n<p>Unii nici m\u0103car nu-l recunoscuser\u0103 imediat.<\/p>\n<p>Dar \u00een momentul \u00een care \u0219i-au dat seama cine este, atmosfera se schimbase.<\/p>\n<p>Mul\u021bi deveniser\u0103 vizibil st\u00e2njeni\u021bi.<\/p>\n<p>Nimeni nu se a\u0219tepta s\u0103 apar\u0103.<\/p>\n<p>Mai ales dup\u0103 ce fusese exclus inten\u021bionat de pe lista invita\u021bilor.<\/p>\n<p>La un moment dat, unul dintre organizatori s-a apropiat de el.<\/p>\n<p>\u2014 Cred c\u0103 a fost o ne\u00een\u021belegere cu invita\u021biile.<\/p>\n<p>Fiul meu l-a privit calm.<\/p>\n<p>\u2014 Nu cred.<\/p>\n<p>B\u0103rbatul n-a mai insistat.<\/p>\n<p>Am\u00e2ndoi \u0219tiau adev\u0103rul.<\/p>\n<p>Pu\u021bin mai t\u00e2rziu, cineva a luat microfonul \u0219i a \u00eenceput discursul obi\u0219nuit despre anii de liceu, amintiri \u0219i drumurile pe care le urmeaz\u0103 fiecare \u00een via\u021b\u0103.<\/p>\n<p>Atunci fiul meu s-a ridicat.<\/p>\n<p>S-a \u00eendreptat spre scen\u0103.<\/p>\n<p>Mul\u021bi au crezut c\u0103 urmeaz\u0103 un scandal.<\/p>\n<p>Al\u021bii se a\u0219teptau la repro\u0219uri sau la o r\u0103zbunare.<\/p>\n<p>Dar el nu venise pentru asta.<\/p>\n<p>A cerut microfonul pentru c\u00e2teva minute.<\/p>\n<p>\u00cen sal\u0103 s-a f\u0103cut lini\u0219te.<\/p>\n<p>To\u021bi voiau s\u0103 afle ce avea de spus.<\/p>\n<p>\u2014 Bun\u0103 seara, a \u00eenceput el. Probabil v\u0103 \u00eentreba\u021bi de ce sunt aici.<\/p>\n<p>Nimeni nu a r\u0103spuns.<\/p>\n<p>\u2014 Am aflat c\u0103 \u00eentreaga genera\u021bie a fost invitat\u0103 la aceast\u0103 reuniune. \u00centreaga genera\u021bie\u2026 mai pu\u021bin eu.<\/p>\n<p>Lini\u0219tea s-a ad\u00e2ncit.<\/p>\n<p>\u2014 Acum zece ani, lucrul acesta m-ar fi distrus.<\/p>\n<p>Mai multe priviri s-au cobor\u00e2t spre podea.<\/p>\n<p>\u2014 A\u0219 fi crezut c\u0103 problema este la mine.<\/p>\n<p>Vorbea calm.<\/p>\n<p>F\u0103r\u0103 furie.<\/p>\n<p>F\u0103r\u0103 resentimente.<\/p>\n<p>\u2014 \u00cen ultimii ani am \u00eenv\u0103\u021bat \u00eens\u0103 ceva foarte important: felul \u00een care te trateaz\u0103 al\u021bii nu \u00ee\u021bi stabile\u0219te valoarea ca om.<\/p>\n<p>Nimeni nu mai scotea un cuv\u00e2nt.<\/p>\n<p>\u2014 Nu am venit aici pentru c\u0103 aveam nevoie de aprobarea voastr\u0103. Nu am venit pentru scuze \u0219i nici pentru r\u0103zbunare.<\/p>\n<p>\u0218i-a plimbat privirea prin sal\u0103.<\/p>\n<p>\u2014 Am venit doar ca s\u0103 aflu dac\u0103 mai port cu mine povara acelor ani.<\/p>\n<p>A f\u0103cut o scurt\u0103 pauz\u0103.<\/p>\n<p>\u2014 \u0218i am realizat c\u0103 nu o mai port.<\/p>\n<p>\u00cen acel moment, mul\u021bi aveau ochii \u00een lacrimi.<\/p>\n<p>Iar cei care participaser\u0103 c\u00e2ndva la batjocura lui p\u0103reau incapabili s\u0103-l priveasc\u0103 \u00een fa\u021b\u0103.<\/p>\n<p>\u2014 V\u0103 iert, a continuat el. Nu pentru voi. Pentru mine.<\/p>\n<p>Sala amu\u021bise complet.<\/p>\n<p>\u2014 \u0218i \u00eenainte s\u0103 plec, vreau s\u0103 fac ceva.<\/p>\n<p>Atunci a scos un dosar.<\/p>\n<p>\u00cen ultimii ani construise o organiza\u021bie care oferea sprijin \u0219i burse copiilor victime ale bullyingului.<\/p>\n<p>Nimeni de acolo nu \u0219tia acest lucru.<\/p>\n<p>\u2014 \u00cencep\u00e2nd de anul acesta, organiza\u021bia noastr\u0103 va oferi \u00een fiecare an o burs\u0103 unui elev din acest liceu care trece prin experien\u021be asem\u0103n\u0103toare celor prin care am trecut eu.<\/p>\n<p>Prin sal\u0103 s-a auzit un murmur.<\/p>\n<p>\u2014 Pentru c\u0103 niciun copil nu ar trebui s\u0103 se simt\u0103 singur doar pentru c\u0103 este diferit.<\/p>\n<p>A \u00eenm\u00e2nat documentele directorului liceului, prezent la reuniune ca invitat special.<\/p>\n<p>Apoi i-a mul\u021bumit \u0219i a cobor\u00e2t de pe scen\u0103.<\/p>\n<p>F\u0103r\u0103 scandal.<\/p>\n<p>F\u0103r\u0103 repro\u0219uri.<\/p>\n<p>F\u0103r\u0103 r\u0103zbunare.<\/p>\n<p>Doar cu demnitate.<\/p>\n<p>Dup\u0103 aceea, mul\u021bi au \u00eencercat s\u0103 vorbeasc\u0103 cu el.<\/p>\n<p>Unii \u0219i-au cerut iertare.<\/p>\n<p>Al\u021bii au recunoscut c\u0103 v\u0103zuser\u0103 ce se \u00eent\u00e2mpla \u00een liceu \u0219i nu avuseser\u0103 curajul s\u0103 intervin\u0103.<\/p>\n<p>I-a ascultat pe to\u021bi.<\/p>\n<p>Dar nu a r\u0103mas mult timp.<\/p>\n<p>C\u00e2nd a plecat, \u00eentreaga sal\u0103 s-a ridicat \u00een picioare \u0219i l-a aplaudat.<\/p>\n<p>Nu pentru succesul lui.<\/p>\n<p>Nu pentru organiza\u021bia pe care o construise.<\/p>\n<p>Ci pentru omul care alesese s\u0103 devin\u0103.<\/p>\n<p>Dup\u0103 ce a terminat de povestit, l-am privit \u0219i am sim\u021bit o emo\u021bie pe care cu greu o pot descrie.<\/p>\n<p>Ani la r\u00e2nd mi-am dorit ca lumea s\u0103 fie mai bl\u00e2nd\u0103 cu el.<\/p>\n<p>Dar \u00een seara aceea am \u00een\u021beles ceva.<\/p>\n<p>Nu c\u00e2\u0219tigase pentru c\u0103 \u00eei f\u0103cuse pe ceilal\u021bi s\u0103 se simt\u0103 mici.<\/p>\n<p>C\u00e2\u0219tigase pentru c\u0103 refuzase s\u0103 devin\u0103 ca ei.<\/p>\n<p>Iar pentru o mam\u0103, nu exista victorie mai mare de at\u00e2t.<\/p>\n","protected":false},"excerpt":{"rendered":"<p>L-am urm\u0103rit pe telefon p\u00e2n\u0103 c\u00e2nd am v\u0103zut c\u0103 a ajuns la restaurantul din Bucure\u0219ti unde se \u021binea reuniunea. Dup\u0103 aceea am \u00eencercat s\u0103-mi ocup mintea cu altceva. N-am reu\u0219it. G\u00e2ndurile \u00eemi fugeau mereu la b\u0103iatul care se \u00eentorcea singur acas\u0103 dup\u0103 \u0219coal\u0103. La copilul care \u00ee\u0219i petrecea zilele de na\u0219tere doar cu familia, pentru &#8230; <a title=\"Fiul meu a fost h\u0103r\u021buit pe tot parcursul \u0219colii \u2014 nici m\u0103car nu l-au invitat la reuniunea de 10 ani.\" class=\"read-more\" href=\"https:\/\/stiri-faine.com\/?p=5625\" aria-label=\"Read more about Fiul meu a fost h\u0103r\u021buit pe tot parcursul \u0219colii \u2014 nici m\u0103car nu l-au invitat la reuniunea de 10 ani.\">Read more<\/a><\/p>\n","protected":false},"author":1,"featured_media":0,"comment_status":"open","ping_status":"open","sticky":false,"template":"","format":"standard","meta":{"footnotes":""},"categories":[1],"tags":[],"class_list":["post-5625","post","type-post","status-publish","format-standard","hentry","category-uncategorized"],"_links":{"self":[{"href":"https:\/\/stiri-faine.com\/index.php?rest_route=\/wp\/v2\/posts\/5625","targetHints":{"allow":["GET"]}}],"collection":[{"href":"https:\/\/stiri-faine.com\/index.php?rest_route=\/wp\/v2\/posts"}],"about":[{"href":"https:\/\/stiri-faine.com\/index.php?rest_route=\/wp\/v2\/types\/post"}],"author":[{"embeddable":true,"href":"https:\/\/stiri-faine.com\/index.php?rest_route=\/wp\/v2\/users\/1"}],"replies":[{"embeddable":true,"href":"https:\/\/stiri-faine.com\/index.php?rest_route=%2Fwp%2Fv2%2Fcomments&post=5625"}],"version-history":[{"count":0,"href":"https:\/\/stiri-faine.com\/index.php?rest_route=\/wp\/v2\/posts\/5625\/revisions"}],"wp:attachment":[{"href":"https:\/\/stiri-faine.com\/index.php?rest_route=%2Fwp%2Fv2%2Fmedia&parent=5625"}],"wp:term":[{"taxonomy":"category","embeddable":true,"href":"https:\/\/stiri-faine.com\/index.php?rest_route=%2Fwp%2Fv2%2Fcategories&post=5625"},{"taxonomy":"post_tag","embeddable":true,"href":"https:\/\/stiri-faine.com\/index.php?rest_route=%2Fwp%2Fv2%2Ftags&post=5625"}],"curies":[{"name":"wp","href":"https:\/\/api.w.org\/{rel}","templated":true}]}}