{"id":5620,"date":"2026-08-28T22:18:55","date_gmt":"2026-08-28T22:18:55","guid":{"rendered":"https:\/\/stiri-faine.com\/?p=5620"},"modified":"2026-08-28T22:18:55","modified_gmt":"2026-08-28T22:18:55","slug":"dominic-fritz-a-fost-dat-afara-ccr-a-afla-mai-multe-detalii-3","status":"publish","type":"post","link":"https:\/\/stiri-faine.com\/?p=5620","title":{"rendered":"Dominic Fritz a fost DAT AFARA ! CCR a\u2026 Afl\u0103 mai multe detalii."},"content":{"rendered":"\n<p class=\"wp-block-paragraph\">Un amendament adoptat \u00een Comisia Juridic\u0103 a Senatului a reaprins disputa politic\u0103 \u00een jurul modific\u0103rii legisla\u021biei privind integritatea ale\u0219ilor. Prevederea vizeaz\u0103 persoanele care au fost declarate definitiv \u00een stare de incompatibilitate sau conflict de interese \u00eenainte de intrarea \u00een vigoare a noii legi.<\/p>\n\n\n\n<p class=\"wp-block-paragraph\">Potrivit formei adoptate \u00een comisie, persoanele aflate \u00een aceast\u0103 situa\u021bie ar putea fi obligate s\u0103 renun\u021be la func\u021bia sau mandatul de\u021binut \u00een termen de 30 de zile de la intrarea \u00een vigoare a noilor prevederi.<\/p>\n\n\n\n<p class=\"wp-block-paragraph\">Amendamentul a fost ini\u021biat de senatorul PSD Ion Rujan \u0219i a beneficiat de sus\u021binerea reprezentan\u021bilor PSD \u0219i AUR, dar \u0219i de voturile senatorilor PNL. Prevederea a devenit astfel una dintre cele mai controversate componente ale proiectului de modificare a Legii Agen\u021biei Na\u021bionale de Integritate.<\/p>\n\n\n\n<h2 class=\"wp-block-heading\">Dominic Fritz, \u00een centrul disputei<\/h2>\n\n\n\n<p class=\"wp-block-paragraph\">Una dintre persoanele asupra c\u0103rora modificarea legislativ\u0103 ar putea avea consecin\u021be este primarul Timi\u0219oarei, Dominic Fritz. Situa\u021bia edilului a fost intens dezb\u0103tut\u0103 \u00een contextul modific\u0103rilor aduse legisla\u021biei privind incompatibilit\u0103\u021bile \u0219i conflictele de interese.<\/p>\n\n\n\n<p class=\"wp-block-paragraph\">Criticii amendamentului sus\u021bin c\u0103 problema principal\u0103 este faptul c\u0103 noua regul\u0103 ar urma s\u0103 produc\u0103 efecte asupra unor situa\u021bii juridice stabilite \u00eenainte ca legea s\u0103 intre \u00een vigoare. \u00cen opinia acestora, o asemenea solu\u021bie ridic\u0103 \u00eentreb\u0103ri serioase privind principiul neretroactivit\u0103\u021bii \u0219i stabilitatea mandatelor deja c\u00e2\u0219tigate prin alegeri.<\/p>\n\n\n\n<p class=\"wp-block-paragraph\">De cealalt\u0103 parte, sus\u021bin\u0103torii modific\u0103rii invoc\u0103 necesitatea respect\u0103rii regulilor de integritate \u0219i a angajamentelor asumate de Rom\u00e2nia prin PNRR.<\/p>\n\n\n\n<h2 class=\"wp-block-heading\">Legea ANI este legat\u0103 de PNRR<\/h2>\n\n\n\n<p class=\"wp-block-paragraph\">Proiectul de modificare a legisla\u021biei ANI face parte din jaloanele asumate de Rom\u00e2nia prin Planul Na\u021bional de Redresare \u0219i Rezilien\u021b\u0103. Adoptarea legisla\u021biei privind integritatea reprezint\u0103, prin urmare, nu doar o disput\u0103 intern\u0103 privind mandatele unor ale\u0219i, ci \u0219i o chestiune cu implica\u021bii financiare pentru Rom\u00e2nia.<\/p>\n\n\n\n<p class=\"wp-block-paragraph\">Tocmai aceast\u0103 situa\u021bie a amplificat conflictul politic. Sus\u021bin\u0103torii adopt\u0103rii rapide a legii argumenteaz\u0103 c\u0103 Rom\u00e2nia trebuie s\u0103 \u00ee\u0219i respecte angajamentele pentru a evita consecin\u021be financiare, \u00een timp ce criticii consider\u0103 c\u0103 \u00eendeplinirea unui jalon european nu poate justifica introducerea unor prevederi care ar putea afecta situa\u021bii juridice deja existente.<\/p>\n\n\n\n<p class=\"wp-block-paragraph\">Adoptarea \u00een Comisia Juridic\u0103 nu \u00eenseamn\u0103 c\u0103 prevederea intr\u0103 automat \u00een vigoare. Proiectul trebuie s\u0103 parcurg\u0103 etapele parlamentare \u0219i s\u0103 fie adoptat \u00een forma final\u0103.<\/p>\n\n\n\n<p class=\"wp-block-paragraph\">Ulterior, legea trebuie promulgat\u0103 \u0219i publicat\u0103 \u00een Monitorul Oficial. Abia dup\u0103 \u00eendeplinirea tuturor acestor proceduri noile reguli pot produce efecte juridice.<\/p>\n\n\n\n<p class=\"wp-block-paragraph\">\u00cen cazul \u00een care forma actual\u0103 va fi men\u021binut\u0103, este posibil ca prevederea s\u0103 genereze noi contesta\u021bii \u0219i litigii, inclusiv \u00een ceea ce prive\u0219te aplicarea sa la mandate \u00eencepute \u00eenainte de intrarea \u00een vigoare a legii.<\/p>\n\n\n\n<p class=\"wp-block-paragraph\">Miza este, astfel, una important\u0103 at\u00e2t din punct de vedere politic, c\u00e2t \u0219i juridic. Pentru ale\u0219ii afla\u021bi \u00een situa\u021bii similare, cele 30 de zile prev\u0103zute de amendament ar putea deveni decisive, \u00een timp ce pentru Parlament urmeaz\u0103 o etap\u0103 \u00een care va trebui s\u0103 g\u0103seasc\u0103 un echilibru \u00eentre respectarea angajamentelor europene \u0219i respectarea principiilor constitu\u021bionale.<\/p>\n","protected":false},"excerpt":{"rendered":"<p>Un amendament adoptat \u00een Comisia Juridic\u0103 a Senatului a reaprins disputa politic\u0103 \u00een jurul modific\u0103rii legisla\u021biei privind integritatea ale\u0219ilor. Prevederea vizeaz\u0103 persoanele care au fost declarate definitiv \u00een stare de incompatibilitate sau conflict de interese \u00eenainte de intrarea \u00een vigoare a noii legi. Potrivit formei adoptate \u00een comisie, persoanele aflate \u00een aceast\u0103 situa\u021bie ar putea &#8230; <a title=\"Dominic Fritz a fost DAT AFARA ! CCR a\u2026 Afl\u0103 mai multe detalii.\" class=\"read-more\" href=\"https:\/\/stiri-faine.com\/?p=5620\" aria-label=\"Read more about Dominic Fritz a fost DAT AFARA ! CCR a\u2026 Afl\u0103 mai multe detalii.\">Read more<\/a><\/p>\n","protected":false},"author":1,"featured_media":0,"comment_status":"open","ping_status":"open","sticky":false,"template":"","format":"standard","meta":{"footnotes":""},"categories":[1],"tags":[],"class_list":["post-5620","post","type-post","status-publish","format-standard","hentry","category-uncategorized"],"_links":{"self":[{"href":"https:\/\/stiri-faine.com\/index.php?rest_route=\/wp\/v2\/posts\/5620","targetHints":{"allow":["GET"]}}],"collection":[{"href":"https:\/\/stiri-faine.com\/index.php?rest_route=\/wp\/v2\/posts"}],"about":[{"href":"https:\/\/stiri-faine.com\/index.php?rest_route=\/wp\/v2\/types\/post"}],"author":[{"embeddable":true,"href":"https:\/\/stiri-faine.com\/index.php?rest_route=\/wp\/v2\/users\/1"}],"replies":[{"embeddable":true,"href":"https:\/\/stiri-faine.com\/index.php?rest_route=%2Fwp%2Fv2%2Fcomments&post=5620"}],"version-history":[{"count":1,"href":"https:\/\/stiri-faine.com\/index.php?rest_route=\/wp\/v2\/posts\/5620\/revisions"}],"predecessor-version":[{"id":5622,"href":"https:\/\/stiri-faine.com\/index.php?rest_route=\/wp\/v2\/posts\/5620\/revisions\/5622"}],"wp:attachment":[{"href":"https:\/\/stiri-faine.com\/index.php?rest_route=%2Fwp%2Fv2%2Fmedia&parent=5620"}],"wp:term":[{"taxonomy":"category","embeddable":true,"href":"https:\/\/stiri-faine.com\/index.php?rest_route=%2Fwp%2Fv2%2Fcategories&post=5620"},{"taxonomy":"post_tag","embeddable":true,"href":"https:\/\/stiri-faine.com\/index.php?rest_route=%2Fwp%2Fv2%2Ftags&post=5620"}],"curies":[{"name":"wp","href":"https:\/\/api.w.org\/{rel}","templated":true}]}}