{"id":5612,"date":"2026-08-28T22:16:45","date_gmt":"2026-08-28T22:16:45","guid":{"rendered":"https:\/\/stiri-faine.com\/?p=5612"},"modified":"2026-08-28T22:16:45","modified_gmt":"2026-08-28T22:16:45","slug":"da-e-adevarat-gina-pistol-a-2","status":"publish","type":"post","link":"https:\/\/stiri-faine.com\/?p=5612","title":{"rendered":"Da, e adev\u0103rat! Gina Pistol a\u2026"},"content":{"rendered":"<p>Gina Pistol a vorbit deschis despre una dintre cele mai dificile perioade din via\u021ba sa: primii ani dup\u0103 na\u0219terea fiicei sale, Josephine. Invitat\u0103 \u00een podcastul \u201eTot ce nu spunem\u201d, realizat de Sore Mihalache, prezentatoarea TV a povestit cu emo\u021bie despre oboseal\u0103, presiune \u0219i transform\u0103rile prin care a trecut dup\u0103 ce a devenit mam\u0103.<\/p>\n<p>Vedeta a recunoscut c\u0103 realitatea maternit\u0103\u021bii a fost mult mai grea dec\u00e2t imaginile perfecte pe care le vedea \u00een mediul online.<\/p>\n<p>\u201eNu eram doar mam\u0103\u201dGina Pistol a explicat c\u0103, dup\u0103 na\u0219tere, nu a avut de gestionat doar responsabilit\u0103\u021bile legate de copil, ci \u0219i \u00eentreaga via\u021b\u0103 de familie.<\/p>\n<p>\u201ePentru mine, primii ani ca mam\u0103 au fost foarte grei. Eu nu eram doar mam\u0103, eram \u0219i femeie, \u0219i menajer\u0103 \u00een cas\u0103\u201d, a m\u0103rturisit aceasta.<\/p>\n<p>Prezentatoarea a spus c\u0103 nop\u021bile nedormite, grijile permanente \u0219i presiunea de a face totul c\u00e2t mai bine au afectat-o at\u00e2t fizic, c\u00e2t \u0219i emo\u021bional.<\/p>\n<p>Atunci c\u00e2nd a \u00eencercat s\u0103 vorbeasc\u0103 despre aceste dificult\u0103\u021bi \u00een mediul online, nu toate reac\u021biile primite au fost pozitive.<\/p>\n<p>Compara\u021biile de pe Instagram au afectat-oGina a povestit c\u0103 imaginile cu mame care p\u0103reau perfecte la doar c\u00e2teva luni dup\u0103 na\u0219tere au f\u0103cut-o s\u0103 se \u00eentrebe dac\u0103 ea gre\u0219e\u0219te cu ceva.<\/p>\n<p>\u201eM\u0103 uitam la alte femei care ar\u0103tau doar partea frumoas\u0103 \u0219i m\u0103 frustra. M\u0103 g\u00e2ndeam: \u00abCe fac eu gre\u0219it? De ce nu ar\u0103t a\u0219a? De ce nu m\u0103 simt a\u0219a?\u00bb\u201d, a spus vedeta.<\/p>\n<p>Ea a subliniat c\u0103 faptul c\u0103 maternitatea a fost dificil\u0103 nu \u00eenseamn\u0103 c\u0103 \u0219i-a iubit mai pu\u021bin copilul.<\/p>\n<p>\u00cen unele momente, spune Gina, sim\u021bea pur \u0219i simplu nevoia s\u0103 se retrag\u0103 \u0219i s\u0103 \u00ee\u0219i recapete energia.<\/p>\n<p>A vorbit \u0219i despre schimb\u0103rile corpuluiDup\u0103 na\u0219tere, Gina Pistol s-a confruntat \u0219i cu transform\u0103ri fizice care i-au provocat nesiguran\u021b\u0103.<\/p>\n<p>De\u0219i a sl\u0103bit \u0219i a revenit la antrenamente, surplusul de piele r\u0103mas dup\u0103 sarcin\u0103 nu a disp\u0103rut. \u00cen cele din urm\u0103, vedeta a decis s\u0103 apeleze la o interven\u021bie estetic\u0103.<\/p>\n<p>Gina spune c\u0103 a f\u0103cut acest pas pentru propria stare de bine \u0219i \u00eei \u00eendeamn\u0103 pe celelalte femei s\u0103 nu \u00ee\u0219i compare corpul cu imaginile v\u0103zute pe re\u021belele sociale.<\/p>\n<p>Smiley i-a fost al\u0103turi\u00cen toat\u0103 aceast\u0103 perioad\u0103, Smiley a reprezentat un sprijin important pentru ea.<\/p>\n<p>Atunci c\u00e2nd Gina se sim\u021bea nesigur\u0103 \u00een leg\u0103tur\u0103 cu schimb\u0103rile corpului s\u0103u, artistul o \u00eencuraja constant.<\/p>\n<p>\u201eIubita mea, e\u0219ti cea mai frumoas\u0103 femeie!\u201d, obi\u0219nuia s\u0103 \u00eei spun\u0103 Smiley.<\/p>\n<p>Confesiunile Ginei Pistol arat\u0103 o imagine sincer\u0103 a maternit\u0103\u021bii, cu momente frumoase, dar \u0219i cu oboseal\u0103, temeri \u0219i transform\u0103ri profunde. Mesajul ei este c\u0103 fiecare femeie tr\u0103ie\u0219te aceast\u0103 experien\u021b\u0103 diferit \u0219i c\u0103 presiunea compara\u021biilor poate face o perioad\u0103 deja dificil\u0103 \u0219i mai ap\u0103s\u0103toare.<\/p>\n","protected":false},"excerpt":{"rendered":"<p>Gina Pistol a vorbit deschis despre una dintre cele mai dificile perioade din via\u021ba sa: primii ani dup\u0103 na\u0219terea fiicei sale, Josephine. Invitat\u0103 \u00een podcastul \u201eTot ce nu spunem\u201d, realizat de Sore Mihalache, prezentatoarea TV a povestit cu emo\u021bie despre oboseal\u0103, presiune \u0219i transform\u0103rile prin care a trecut dup\u0103 ce a devenit mam\u0103. Vedeta a &#8230; <a title=\"Da, e adev\u0103rat! Gina Pistol a\u2026\" class=\"read-more\" href=\"https:\/\/stiri-faine.com\/?p=5612\" aria-label=\"Read more about Da, e adev\u0103rat! Gina Pistol a\u2026\">Read more<\/a><\/p>\n","protected":false},"author":1,"featured_media":0,"comment_status":"open","ping_status":"open","sticky":false,"template":"","format":"standard","meta":{"footnotes":""},"categories":[1],"tags":[],"class_list":["post-5612","post","type-post","status-publish","format-standard","hentry","category-uncategorized"],"_links":{"self":[{"href":"https:\/\/stiri-faine.com\/index.php?rest_route=\/wp\/v2\/posts\/5612","targetHints":{"allow":["GET"]}}],"collection":[{"href":"https:\/\/stiri-faine.com\/index.php?rest_route=\/wp\/v2\/posts"}],"about":[{"href":"https:\/\/stiri-faine.com\/index.php?rest_route=\/wp\/v2\/types\/post"}],"author":[{"embeddable":true,"href":"https:\/\/stiri-faine.com\/index.php?rest_route=\/wp\/v2\/users\/1"}],"replies":[{"embeddable":true,"href":"https:\/\/stiri-faine.com\/index.php?rest_route=%2Fwp%2Fv2%2Fcomments&post=5612"}],"version-history":[{"count":0,"href":"https:\/\/stiri-faine.com\/index.php?rest_route=\/wp\/v2\/posts\/5612\/revisions"}],"wp:attachment":[{"href":"https:\/\/stiri-faine.com\/index.php?rest_route=%2Fwp%2Fv2%2Fmedia&parent=5612"}],"wp:term":[{"taxonomy":"category","embeddable":true,"href":"https:\/\/stiri-faine.com\/index.php?rest_route=%2Fwp%2Fv2%2Fcategories&post=5612"},{"taxonomy":"post_tag","embeddable":true,"href":"https:\/\/stiri-faine.com\/index.php?rest_route=%2Fwp%2Fv2%2Ftags&post=5612"}],"curies":[{"name":"wp","href":"https:\/\/api.w.org\/{rel}","templated":true}]}}