{"id":5611,"date":"2026-08-28T22:16:54","date_gmt":"2026-08-28T22:16:54","guid":{"rendered":"https:\/\/stiri-faine.com\/?p=5611"},"modified":"2026-08-28T22:16:54","modified_gmt":"2026-08-28T22:16:54","slug":"uniunea-europeana-a-decis-romania-obligata-sa-vezi-mai-mult-3","status":"publish","type":"post","link":"https:\/\/stiri-faine.com\/?p=5611","title":{"rendered":"Uniunea European\u0103 A DECIS! Rom\u00e2nia, obligat\u0103 s\u0103\u2026 Vezi mai mult"},"content":{"rendered":"\n<p class=\"wp-block-paragraph\">Uniunea European\u0103 introduce noi reguli pentru industria modei, menite s\u0103 reduc\u0103 risipa \u0219i impactul asupra mediului. \u00cencep\u00e2nd cu&nbsp;<strong>19 iulie<\/strong>, marile companii din sectorul textilelor \u0219i al confec\u021biilor nu mai pot distruge hainele, \u00eenc\u0103l\u021b\u0103mintea \u0219i accesoriile noi r\u0103mase nev\u00e2ndute, fiind obligate s\u0103 g\u0103seasc\u0103 solu\u021bii alternative pentru valorificarea acestora.<\/p>\n\n\n\n<h2 class=\"wp-block-heading\">Produsele nev\u00e2ndute nu mai pot fi distruse din motive comerciale<\/h2>\n\n\n\n<p class=\"wp-block-paragraph\">M\u0103sura face parte din&nbsp;<strong>Regulamentul european privind proiectarea ecologic\u0103 a produselor sustenabile (ESPR)<\/strong>&nbsp;\u0219i se aplic\u0103 inclusiv companiilor din Rom\u00e2nia.<\/p>\n\n\n\n<p class=\"wp-block-paragraph\">\u00cen aceast\u0103 prim\u0103 etap\u0103, obliga\u021bia vizeaz\u0103 \u00eentreprinderile mari din industria textil\u0103 \u0219i a modei, care nu vor mai putea elimina produsele noi doar pentru c\u0103 nu au fost v\u00e2ndute. \u00cen schimb, acestea vor trebui s\u0103 recurg\u0103 la solu\u021bii precum:<\/p>\n\n\n\n<ul class=\"wp-block-list\">\n<li>donarea produselor;<\/li>\n\n\n\n<li>reutilizarea acestora;<\/li>\n\n\n\n<li>recondi\u021bionarea;<\/li>\n\n\n\n<li>reciclarea materialelor.<\/li>\n<\/ul>\n\n\n\n<p class=\"wp-block-paragraph\">\u00centreprinderile mijlocii beneficiaz\u0103 de o perioad\u0103 de tranzi\u021bie, iar noile obliga\u021bii le vor fi aplicabile \u00eencep\u00e2nd cu anul&nbsp;<strong>2030<\/strong>.<\/p>\n\n\n\n<p class=\"wp-block-paragraph\">Pe l\u00e2ng\u0103 interdic\u021bia de a distruge produsele nev\u00e2ndute, companiile vor avea \u0219i obliga\u021bii de raportare.<\/p>\n\n\n\n<p class=\"wp-block-paragraph\">Acestea vor trebui s\u0103 publice anual informa\u021bii privind:<\/p>\n\n\n\n<ul class=\"wp-block-list\">\n<li>cantitatea de produse r\u0103mase nev\u00e2ndute;<\/li>\n\n\n\n<li>motivele pentru care anumite articole au fost retrase de pe pia\u021b\u0103;<\/li>\n\n\n\n<li>modul \u00een care acestea au fost valorificate sau reutilizate.<\/li>\n<\/ul>\n\n\n\n<p class=\"wp-block-paragraph\">Regulamentul prevede \u0219i c\u00e2teva excep\u021bii. Pot fi eliminate produsele deteriorate, cele considerate periculoase sau articolele care \u00eencalc\u0103 drepturile de proprietate intelectual\u0103.<\/p>\n\n\n\n<h2 class=\"wp-block-heading\">Industria modei, printre cele mai poluante la nivel mondial<\/h2>\n\n\n\n<p class=\"wp-block-paragraph\">Noile reguli au fost adoptate \u00een contextul \u00een care industria modei este considerat\u0103 una dintre cele mai mari surse de poluare la nivel global.<\/p>\n\n\n\n<p class=\"wp-block-paragraph\">Potrivit datelor Comisiei Europene, \u00eentre&nbsp;<strong>4% \u0219i 9%<\/strong>&nbsp;dintre textilele introduse anual pe pia\u021ba Uniunii Europene sunt distruse \u00eenainte de a fi purtate, fenomen care contribuie la generarea a milioane de tone de emisii de dioxid de carbon.<\/p>\n\n\n\n<h2 class=\"wp-block-heading\">Ce impact vor avea noile reguli<\/h2>\n\n\n\n<p class=\"wp-block-paragraph\">Speciali\u0219tii consider\u0103 c\u0103 interdic\u021bia va \u00eencuraja dezvoltarea economiei circulare \u0219i va determina marile branduri s\u0103 \u00ee\u0219i gestioneze mai responsabil stocurile de produse.<\/p>\n\n\n\n<p class=\"wp-block-paragraph\">Pentru companiile din Rom\u00e2nia, noile prevederi vor presupune adaptarea proceselor logistice \u0219i dezvoltarea unor sisteme eficiente de reutilizare, recondi\u021bionare sau reciclare, \u00een locul distrugerii produselor nev\u00e2ndute.<\/p>\n\n\n\n<p class=\"wp-block-paragraph\">Prin aceast\u0103 m\u0103sur\u0103, Uniunea European\u0103 urm\u0103re\u0219te reducerea risipei de resurse \u0219i diminuarea impactului pe care industria textil\u0103 \u00eel are asupra mediului.<\/p>\n","protected":false},"excerpt":{"rendered":"<p>Uniunea European\u0103 introduce noi reguli pentru industria modei, menite s\u0103 reduc\u0103 risipa \u0219i impactul asupra mediului. \u00cencep\u00e2nd cu&nbsp;19 iulie, marile companii din sectorul textilelor \u0219i al confec\u021biilor nu mai pot distruge hainele, \u00eenc\u0103l\u021b\u0103mintea \u0219i accesoriile noi r\u0103mase nev\u00e2ndute, fiind obligate s\u0103 g\u0103seasc\u0103 solu\u021bii alternative pentru valorificarea acestora. Produsele nev\u00e2ndute nu mai pot fi distruse din &#8230; <a title=\"Uniunea European\u0103 A DECIS! Rom\u00e2nia, obligat\u0103 s\u0103\u2026 Vezi mai mult\" class=\"read-more\" href=\"https:\/\/stiri-faine.com\/?p=5611\" aria-label=\"Read more about Uniunea European\u0103 A DECIS! Rom\u00e2nia, obligat\u0103 s\u0103\u2026 Vezi mai mult\">Read more<\/a><\/p>\n","protected":false},"author":1,"featured_media":0,"comment_status":"open","ping_status":"open","sticky":false,"template":"","format":"standard","meta":{"footnotes":""},"categories":[1],"tags":[],"class_list":["post-5611","post","type-post","status-publish","format-standard","hentry","category-uncategorized"],"_links":{"self":[{"href":"https:\/\/stiri-faine.com\/index.php?rest_route=\/wp\/v2\/posts\/5611","targetHints":{"allow":["GET"]}}],"collection":[{"href":"https:\/\/stiri-faine.com\/index.php?rest_route=\/wp\/v2\/posts"}],"about":[{"href":"https:\/\/stiri-faine.com\/index.php?rest_route=\/wp\/v2\/types\/post"}],"author":[{"embeddable":true,"href":"https:\/\/stiri-faine.com\/index.php?rest_route=\/wp\/v2\/users\/1"}],"replies":[{"embeddable":true,"href":"https:\/\/stiri-faine.com\/index.php?rest_route=%2Fwp%2Fv2%2Fcomments&post=5611"}],"version-history":[{"count":1,"href":"https:\/\/stiri-faine.com\/index.php?rest_route=\/wp\/v2\/posts\/5611\/revisions"}],"predecessor-version":[{"id":5613,"href":"https:\/\/stiri-faine.com\/index.php?rest_route=\/wp\/v2\/posts\/5611\/revisions\/5613"}],"wp:attachment":[{"href":"https:\/\/stiri-faine.com\/index.php?rest_route=%2Fwp%2Fv2%2Fmedia&parent=5611"}],"wp:term":[{"taxonomy":"category","embeddable":true,"href":"https:\/\/stiri-faine.com\/index.php?rest_route=%2Fwp%2Fv2%2Fcategories&post=5611"},{"taxonomy":"post_tag","embeddable":true,"href":"https:\/\/stiri-faine.com\/index.php?rest_route=%2Fwp%2Fv2%2Ftags&post=5611"}],"curies":[{"name":"wp","href":"https:\/\/api.w.org\/{rel}","templated":true}]}}