{"id":5603,"date":"2026-08-28T22:15:38","date_gmt":"2026-08-28T22:15:38","guid":{"rendered":"https:\/\/stiri-faine.com\/?p=5603"},"modified":"2026-08-28T22:15:38","modified_gmt":"2026-08-28T22:15:38","slug":"anunt-s0c-lucian-pahontu-seful-spp-a-fost-4","status":"publish","type":"post","link":"https:\/\/stiri-faine.com\/?p=5603","title":{"rendered":"ANUN\u021a-\u02180C! Lucian Pahon\u021bu, \u0219eful SPP, a fost\u2026"},"content":{"rendered":"<p>Generalul Lucian Pahon\u021bu, actualul \u0219ef al Serviciului de Protec\u021bie \u0219i Paz\u0103, a f\u0103cut parte \u00eenainte de 1989 din Trupele de Securitate \u0219i s-a aflat \u00een dispozitiv \u00een centrul Bucure\u0219tiului \u00een noaptea de 21 decembrie 1989, c\u00e2nd manifesta\u021biile anticomuniste au fost reprimate violent.<\/p>\n<p>Informa\u021biile apar \u00eentr-o investiga\u021bie Recorder, realizat\u0103 pe baza unor documente din Dosarul Revolu\u021biei \u0219i a m\u0103rturiilor unor fo\u0219ti militari care au participat la evenimente.<\/p>\n<p>Pahon\u021bu, prezent \u00een dispozitivul din zona IntercontinentalPotrivit documentelor consultate de publica\u021bie, Lucian Pahon\u021bu era atunci locotenent \u0219i f\u0103cea parte din Unitatea Militar\u0103 0305 a Trupelor de Securitate.<\/p>\n<p>Pe 21 decembrie 1989, unitatea fusese pus\u0103 \u00een stare de alert\u0103 dup\u0103 ce mitingul organizat de Nicolae Ceau\u0219escu \u00een centrul Capitalei s-a transformat \u00eentr-o manifesta\u021bie \u00eempotriva regimului comunist.<\/p>\n<p>\u00cen cursul serii, subunitatea din care f\u0103cea parte Pahon\u021bu a fost trimis\u0103 \u00een zona central\u0103 a Bucure\u0219tiului, pe strada 13 Decembrie, actuala Ion C\u00e2mpineanu, \u00een apropierea hotelului Intercontinental.<\/p>\n<p>Un raport militar men\u021bioneaz\u0103 c\u0103 oamenii din dispozitiv erau echipa\u021bi cu c\u0103\u0219ti, scuturi, armament \u0219i muni\u021bie de r\u0103zboi.<\/p>\n<p>Ce declara\u021bie a dat Lucian Pahon\u021bu\u00centr-o declara\u021bie aflat\u0103 \u00een Dosarul Revolu\u021biei, Lucian Pahon\u021bu a confirmat c\u0103 a fost prezent \u00een dispozitiv \u00een acea noapte.<\/p>\n<p>El a relatat c\u0103, \u00een jurul orei 22:00, subunitatea sa a primit ordin s\u0103 \u00eenlocuiasc\u0103 o alt\u0103 forma\u021biune aflat\u0103 \u00een dispozitivul de blocare din centrul Capitalei.<\/p>\n<p>Pahon\u021bu a sus\u021binut \u00eens\u0103 c\u0103 nici el, nici oamenii afla\u021bi \u00een subordinea sa nu ar fi avut contact direct cu manifestan\u021bii.<\/p>\n<p>\u201e\u00cen toat\u0103 aceast\u0103 perioad\u0103 nici eu \u0219i nici subunitatea nu am avut contact cu manifestan\u021bii\u201d, a consemnat acesta \u00een declara\u021bia sa.<\/p>\n<p>Alte m\u0103rturii vorbesc despre confrunt\u0103ri cu manifestan\u021biiInvestiga\u021bia prezint\u0103 \u00eens\u0103 \u0219i alte documente care descriu o situa\u021bie diferit\u0103.<\/p>\n<p>Lt-col. Ion Alecu, comandantul dispozitivului, a raportat c\u0103 subunit\u0103\u021bile aflate \u00een blocajul dinspre Intercontinental ar fi \u201erezistat cu greu demonstran\u021bilor\u201d.<\/p>\n<p>Un alt ofi\u021ber care a f\u0103cut parte din aceea\u0219i unitate, Radu Grigora\u0219, a declarat c\u0103 trupele au fost prezente \u00een apropierea baricadei \u0219i c\u0103 au existat confrunt\u0103ri \u00een zon\u0103.<\/p>\n<p>Acesta a afirmat c\u0103 militarii unit\u0103\u021bii sale nu ar fi tras, sus\u021bin\u00e2nd c\u0103 \u201econsumul nostru de muni\u021bie a fost zero\u201d, dar a confirmat c\u0103 \u00een acea noapte s-a deschis foc asupra manifestan\u021bilor.<\/p>\n<p>21 decembrie 1989, una dintre cele mai s\u00e2ngeroase nop\u021bi ale Revolu\u021bieiNoaptea de 21 spre 22 decembrie 1989 a r\u0103mas una dintre cele mai dramatice ale Revolu\u021biei Rom\u00e2ne.<\/p>\n<p>\u00cen urma represiunii din centrul Bucure\u0219tiului, 48 de persoane au fost ucise, aproximativ 150 au fost r\u0103nite, iar peste 1.200 de oameni au fost b\u0103tu\u021bi \u0219i re\u021binu\u021bi.<\/p>\n<p>Documentele prezentate acum readuc \u00een aten\u021bie rolul unor membri ai fostelor structuri de securitate \u00een evenimentele din acea perioad\u0103 \u0219i circumstan\u021bele \u00een care actualul \u0219ef al SPP s-a aflat \u00een dispozitivul militar din centrul Capitalei.<\/p>\n","protected":false},"excerpt":{"rendered":"<p>Generalul Lucian Pahon\u021bu, actualul \u0219ef al Serviciului de Protec\u021bie \u0219i Paz\u0103, a f\u0103cut parte \u00eenainte de 1989 din Trupele de Securitate \u0219i s-a aflat \u00een dispozitiv \u00een centrul Bucure\u0219tiului \u00een noaptea de 21 decembrie 1989, c\u00e2nd manifesta\u021biile anticomuniste au fost reprimate violent. Informa\u021biile apar \u00eentr-o investiga\u021bie Recorder, realizat\u0103 pe baza unor documente din Dosarul Revolu\u021biei &#8230; <a title=\"ANUN\u021a-\u02180C! Lucian Pahon\u021bu, \u0219eful SPP, a fost\u2026\" class=\"read-more\" href=\"https:\/\/stiri-faine.com\/?p=5603\" aria-label=\"Read more about ANUN\u021a-\u02180C! Lucian Pahon\u021bu, \u0219eful SPP, a fost\u2026\">Read more<\/a><\/p>\n","protected":false},"author":1,"featured_media":0,"comment_status":"open","ping_status":"open","sticky":false,"template":"","format":"standard","meta":{"footnotes":""},"categories":[1],"tags":[],"class_list":["post-5603","post","type-post","status-publish","format-standard","hentry","category-uncategorized"],"_links":{"self":[{"href":"https:\/\/stiri-faine.com\/index.php?rest_route=\/wp\/v2\/posts\/5603","targetHints":{"allow":["GET"]}}],"collection":[{"href":"https:\/\/stiri-faine.com\/index.php?rest_route=\/wp\/v2\/posts"}],"about":[{"href":"https:\/\/stiri-faine.com\/index.php?rest_route=\/wp\/v2\/types\/post"}],"author":[{"embeddable":true,"href":"https:\/\/stiri-faine.com\/index.php?rest_route=\/wp\/v2\/users\/1"}],"replies":[{"embeddable":true,"href":"https:\/\/stiri-faine.com\/index.php?rest_route=%2Fwp%2Fv2%2Fcomments&post=5603"}],"version-history":[{"count":0,"href":"https:\/\/stiri-faine.com\/index.php?rest_route=\/wp\/v2\/posts\/5603\/revisions"}],"wp:attachment":[{"href":"https:\/\/stiri-faine.com\/index.php?rest_route=%2Fwp%2Fv2%2Fmedia&parent=5603"}],"wp:term":[{"taxonomy":"category","embeddable":true,"href":"https:\/\/stiri-faine.com\/index.php?rest_route=%2Fwp%2Fv2%2Fcategories&post=5603"},{"taxonomy":"post_tag","embeddable":true,"href":"https:\/\/stiri-faine.com\/index.php?rest_route=%2Fwp%2Fv2%2Ftags&post=5603"}],"curies":[{"name":"wp","href":"https:\/\/api.w.org\/{rel}","templated":true}]}}