{"id":5594,"date":"2026-08-28T22:14:07","date_gmt":"2026-08-28T22:14:07","guid":{"rendered":"https:\/\/stiri-faine.com\/?p=5594"},"modified":"2026-08-28T22:14:07","modified_gmt":"2026-08-28T22:14:07","slug":"doliu-la-casa-regala-s-a-stins-regele-era-spitalizat-de-mai-multe-zile-pentru-2","status":"publish","type":"post","link":"https:\/\/stiri-faine.com\/?p=5594","title":{"rendered":"Doliu la Casa Regal\u0103. S-a stins REGELE\u2026 Era spitalizat de mai multe zile pentru\u2026"},"content":{"rendered":"<p>Regele Harald al V-lea al Norvegiei a \u00eencetat din via\u021b\u0103 vineri, 28 august 2026, la v\u00e2rsta de 89 de ani. Anun\u021bul privind decesul s\u0103u a fost f\u0103cut oficial de Casa Regal\u0103 norvegian\u0103, care a comunicat c\u0103 monarhul a murit \u00een mod lini\u0219tit la Spitalul Universitar Rikshospitalet din Oslo, la ora local\u0103 06:35.<\/p>\n<p>Aceast\u0103 pierdere reprezint\u0103 sf\u00e2r\u0219itul unei domnii de peste 35 de ani \u0219i semnific\u0103 finele unei perioade importante pentru monarhia norvegian\u0103. Harald al V-lea a devenit rege \u00een ianuarie 1991, dup\u0103 decesul tat\u0103lui s\u0103u, regele Olav al V-lea, \u0219i a devenit pe parcurs una dintre cele mai admirate personalit\u0103\u021bi din Norvegia.<\/p>\n<p>\u00cen ultimele zile, starea de s\u0103n\u0103tate a regelui se deteriorase considerabil. El fusese internat \u00een spital din 17 august, iar medicii luptau \u00eempotriva unor probleme medicale severe. Cu o zi \u00eenainte de moarte, Casa Regal\u0103 anun\u021base c\u0103 s\u0103n\u0103tatea sa era foarte grav\u0103.<\/p>\n<p>Familia regal\u0103 a fost aproape constant prezent\u0103 la spital \u00een ultimele ore. Regina Sonja \u0219i prin\u021bul mo\u0219tenitor Haakon au fost al\u0103turi de rege, iar \u00eengrijorarea cet\u0103\u021benilor norvegieni a crescut pe m\u0103sur\u0103 ce informa\u021biile despre s\u0103n\u0103tatea monarhului deveneau din ce \u00een ce mai alarmante.<\/p>\n<p>Decesul regelui Harald al V-lea a fost confirmat de Casa Regal\u0103 printr-un comunicat oficial \u00een diminea\u021ba zilei de 28 august.<\/p>\n<p>Institu\u021bia regal\u0103 a precizat c\u0103 regele Harald a murit \u00een lini\u0219te la Spitalul Universitar Rikshospitalet din Oslo.<\/p>\n<p>Anun\u021bul a fost f\u0103cut dup\u0103 mai multe zile de incertitudine cu privire la evolu\u021bia st\u0103rii sale de s\u0103n\u0103tate.<\/p>\n<p>Harald fusese internat pe 17 august \u0219i, \u00een perioada urm\u0103toare, medicii au descoperit o infec\u021bie bacterian\u0103 \u00een s\u00e2nge, trat\u00e2ndu-l cu antibiotice.<\/p>\n<p>Ini\u021bial, Casa Regal\u0103 a men\u021bionat c\u0103 regele r\u0103spundea bine la tratament \u0219i c\u0103 situa\u021bia era stabil\u0103.<\/p>\n<p>Cu toate acestea, \u00een weekendul anterior decesului, oficialii regali au informat publicul c\u0103 regele se sim\u021bea mai r\u0103u, de\u0219i beneficia de \u00eengrijiri medicale.<\/p>\n<p>Joi, 27 august, starea s-a agravat.<\/p>\n<p>Casa Regal\u0103 a anun\u021bat c\u0103 starea suveranului era \u201efoarte grav\u0103\u201d, iar membrii apropia\u021bi ai familiei au anulat toate angajamentele oficiale.<\/p>\n<p>Prin\u021bul mo\u0219tenitor Haakon a petrecut noaptea la spital, al\u0103turi de tat\u0103l s\u0103u.<\/p>\n<p>Regina Sonja a fost v\u0103zut\u0103 sosind la spital \u00een diminea\u021ba zilei de vineri, iar al\u021bi membri ai familiei regale l-au vizitat pe Harald \u00een zilele anterioare.<\/p>\n<p>Anun\u021bul privind deteriorarea s\u0103n\u0103t\u0103\u021bii monarhului a st\u00e2rnit o reac\u021bie puternic\u0103 \u00een r\u00e2ndul popula\u021biei.<\/p>\n<p>Multe persoane s-au adunat \u00een fa\u021ba Palatului Regal din Oslo, unde au l\u0103sat flori \u0219i au c\u00e2ntat imnul na\u021bional.<\/p>\n<p>La momentul decesului, Harald al V-lea de\u021binea distinc\u021bia de cel mai \u00een v\u00e2rst\u0103 \u0219ef de stat din Europa.<\/p>\n<p>A devenit rege pe 17 ianuarie 1991 \u0219i a condus timp de peste trei decenii.<\/p>\n<p>\u00cen aceast\u0103 perioad\u0103, Norvegia a suferit transform\u0103ri economice, sociale \u0219i politice semnificative, iar Harald a fost o figur\u0103 stabilizatoare pentru na\u021biune.<\/p>\n<p>Rolul regelui \u00een Norvegia este \u00een principal ceremonial.<\/p>\n<p>Monarhul nu de\u021bine puterea politic\u0103, care este \u00een m\u00e2inile guvernului \u0219i parlamentului.<\/p>\n<p>Cu toate acestea, Harald a avut un rol esen\u021bial \u00een momente dificile pentru Norvegia.<\/p>\n<p>A fost prezent dup\u0103 dezastre naturale \u0219i tragedii na\u021bionale \u0219i a interac\u021bionat cu victimele \u0219i familiile acestora.<\/p>\n<p>De-a lungul anilor, a devenit bine cunoscut pentru discursurile sale referitoare la toleran\u021b\u0103, unitate \u0219i solidaritate.<\/p>\n<p>\u00cen ciuda problemelor de s\u0103n\u0103tate din ultimii ani, Harald a refuzat s\u0103 abdice.<\/p>\n<p>El a explicat de mai multe ori c\u0103 jur\u0103m\u00e2ntul depus la \u00eencoronare implica \u00eendeplinirea rolului s\u0103u p\u00e2n\u0103 la sf\u00e2r\u0219itul vie\u021bii.<\/p>\n<p>Harald s-a n\u0103scut pe 21 februarie 1937, la Skaugum, re\u0219edin\u021ba familiei regale, situat\u0103 aproape de Oslo.<\/p>\n<p>Era fiul regelui Olav al V-lea \u0219i al prin\u021besei mo\u0219tenitoare M\u00e4rtha.<\/p>\n<p>Bunicul s\u0103u a fost regele Haakon al VII-lea, primul monarh al Norvegiei dup\u0103 desprinderea \u021b\u0103rii din uniunea cu Suedia, \u00een 1905.<\/p>\n<p>Harald a fost singurul fiu al familiei, devenind astfel mo\u0219tenitorul tronului.<\/p>\n<p>Copil\u0103ria sa a fost profund influen\u021bat\u0103 de izbucnirea celui de-Al Doilea R\u0103zboi Mondial.<\/p>\n<p>\u00cen aprilie 1940, Germania nazist\u0103 a invadat Norvegia, iar familia regal\u0103 a fost<\/p>\n","protected":false},"excerpt":{"rendered":"<p>Regele Harald al V-lea al Norvegiei a \u00eencetat din via\u021b\u0103 vineri, 28 august 2026, la v\u00e2rsta de 89 de ani. Anun\u021bul privind decesul s\u0103u a fost f\u0103cut oficial de Casa Regal\u0103 norvegian\u0103, care a comunicat c\u0103 monarhul a murit \u00een mod lini\u0219tit la Spitalul Universitar Rikshospitalet din Oslo, la ora local\u0103 06:35. Aceast\u0103 pierdere reprezint\u0103 &#8230; <a title=\"Doliu la Casa Regal\u0103. S-a stins REGELE\u2026 Era spitalizat de mai multe zile pentru\u2026\" class=\"read-more\" href=\"https:\/\/stiri-faine.com\/?p=5594\" aria-label=\"Read more about Doliu la Casa Regal\u0103. S-a stins REGELE\u2026 Era spitalizat de mai multe zile pentru\u2026\">Read more<\/a><\/p>\n","protected":false},"author":1,"featured_media":0,"comment_status":"open","ping_status":"open","sticky":false,"template":"","format":"standard","meta":{"footnotes":""},"categories":[1],"tags":[],"class_list":["post-5594","post","type-post","status-publish","format-standard","hentry","category-uncategorized"],"_links":{"self":[{"href":"https:\/\/stiri-faine.com\/index.php?rest_route=\/wp\/v2\/posts\/5594","targetHints":{"allow":["GET"]}}],"collection":[{"href":"https:\/\/stiri-faine.com\/index.php?rest_route=\/wp\/v2\/posts"}],"about":[{"href":"https:\/\/stiri-faine.com\/index.php?rest_route=\/wp\/v2\/types\/post"}],"author":[{"embeddable":true,"href":"https:\/\/stiri-faine.com\/index.php?rest_route=\/wp\/v2\/users\/1"}],"replies":[{"embeddable":true,"href":"https:\/\/stiri-faine.com\/index.php?rest_route=%2Fwp%2Fv2%2Fcomments&post=5594"}],"version-history":[{"count":0,"href":"https:\/\/stiri-faine.com\/index.php?rest_route=\/wp\/v2\/posts\/5594\/revisions"}],"wp:attachment":[{"href":"https:\/\/stiri-faine.com\/index.php?rest_route=%2Fwp%2Fv2%2Fmedia&parent=5594"}],"wp:term":[{"taxonomy":"category","embeddable":true,"href":"https:\/\/stiri-faine.com\/index.php?rest_route=%2Fwp%2Fv2%2Fcategories&post=5594"},{"taxonomy":"post_tag","embeddable":true,"href":"https:\/\/stiri-faine.com\/index.php?rest_route=%2Fwp%2Fv2%2Ftags&post=5594"}],"curies":[{"name":"wp","href":"https:\/\/api.w.org\/{rel}","templated":true}]}}