{"id":5593,"date":"2026-08-28T22:15:10","date_gmt":"2026-08-28T22:15:10","guid":{"rendered":"https:\/\/stiri-faine.com\/?p=5593"},"modified":"2026-08-28T22:15:11","modified_gmt":"2026-08-28T22:15:11","slug":"anuntul-momentului-nicusor-dan-ia-in-calcul-un-guvern-psd-cu-premier","status":"publish","type":"post","link":"https:\/\/stiri-faine.com\/?p=5593","title":{"rendered":"Anun\u021bul momentului! Nicu\u0219or Dan ia \u00een calcul un guvern PSD cu premier\u2026"},"content":{"rendered":"\n<p class=\"wp-block-paragraph\">Pre\u0219edintele Nicu\u0219or Dan ar prefera formarea unui guvern sus\u021binut \u00een principal de PSD, dar condus de un premier independent politic, potrivit unor surse oficiale. \u0218eful statului a anun\u021bat c\u0103 pe 1 septembrie va convoca o nou\u0103 rund\u0103 de consult\u0103ri la Palatul Cotroceni, urm\u00e2nd ca apoi s\u0103 desemneze un candidat pentru func\u021bia de prim-ministru.<\/p>\n\n\n\n<p class=\"wp-block-paragraph\">Sursele sus\u021bin c\u0103 desemnarea ar putea avea loc p\u00e2n\u0103 la sf\u00e2r\u0219itul s\u0103pt\u0103m\u00e2nii viitoare, iar noul Executiv ar urma s\u0103 beneficieze \u0219i de sprijinul UDMR \u00een Parlament.<\/p>\n\n\n\n<p class=\"wp-block-paragraph\">Consult\u0103ri pe 1 septembrie, apoi desemnarea premierului<br>Nicu\u0219or Dan a anun\u021bat, \u00een timpul vizitei sale la Chi\u0219in\u0103u, c\u0103 pe 1 septembrie va avea loc o nou\u0103 rund\u0103 de consult\u0103ri cu partidele politice.<\/p>\n\n\n\n<p class=\"wp-block-paragraph\">Pre\u0219edintele a precizat c\u0103 nu vede suficient sprijin pentru un guvern format exclusiv din mini\u0219tri tehnocra\u021bi.<\/p>\n\n\n\n<p class=\"wp-block-paragraph\">\u201eLa 1 septembrie o s\u0103 avem o nou\u0103 consultare \u0219i eu cred c\u0103 vom avea o nou\u0103 majoritate\u201d, a declarat \u0219eful statului.<\/p>\n\n\n\n<p class=\"wp-block-paragraph\">El a ad\u0103ugat c\u0103 varianta cea mai probabil\u0103 este cea a unui Executiv cu mini\u0219tri politici, dar a evitat s\u0103 ofere detalii despre negocierile purtate \u00een ultimele zile.<\/p>\n\n\n\n<p class=\"wp-block-paragraph\">Guvern PSD, dar cu premier independent<br>Potrivit informa\u021biilor ap\u0103rute din zona negocierilor, Nicu\u0219or Dan ar prefera o formul\u0103 \u00een care PSD s\u0103 aib\u0103 un rol central \u00een viitorul Executiv, dar func\u021bia de premier s\u0103 fie ocupat\u0103 de o persoan\u0103 independent\u0103 politic.<\/p>\n\n\n\n<p class=\"wp-block-paragraph\">Mini\u0219trii ar urma s\u0103 fie \u00eens\u0103 sus\u021binu\u021bi politic de partidele care formeaz\u0103 noua majoritate.<\/p>\n\n\n\n<p class=\"wp-block-paragraph\">Calendarul negocierilor este unul rapid, iar desemnarea premierului ar putea avea loc imediat dup\u0103 consult\u0103rile din 1 septembrie.<\/p>\n\n\n\n<p class=\"wp-block-paragraph\">UDMR ar urma s\u0103 voteze, de asemenea, pentru \u00eenvestirea noului guvern.<\/p>\n\n\n\n<p class=\"wp-block-paragraph\">Alexandru Nazare ar avea prima \u0219ans\u0103<br>Dou\u0103 nume sunt vehiculate pentru func\u021bia de premier: Alexandru Nazare \u0219i Eugen Tomac.<\/p>\n\n\n\n<p class=\"wp-block-paragraph\">Potrivit surselor citate, Alexandru Nazare ar avea \u00een acest moment prima \u0219ans\u0103 pentru a ajunge la Palatul Victoria.<\/p>\n\n\n\n<p class=\"wp-block-paragraph\">Unul dintre argumente ar fi faptul c\u0103 acesta ar fi acceptat de PSD \u0219i ar putea beneficia de sprijin din partea UDMR.<\/p>\n\n\n\n<p class=\"wp-block-paragraph\">\u00cen plus, experien\u021ba sa \u00een domeniul finan\u021belor ar putea transmite un mesaj de stabilitate c\u0103tre investitori \u0219i agen\u021biile interna\u021bionale de rating.<\/p>\n\n\n\n<p class=\"wp-block-paragraph\">Rela\u021bia cu PNL r\u0103m\u00e2ne \u00eens\u0103 un element important. Ciprian Ciucu a declarat recent c\u0103, pentru a beneficia de sprijinul liberalilor, Nazare ar trebui s\u0103 ob\u021bin\u0103 un vot de \u00eencredere \u00een interiorul partidului.<\/p>\n\n\n\n<p class=\"wp-block-paragraph\">Externele \u0219i Ap\u0103rarea, portofolii importante pentru pre\u0219edinte<br>Negocierile vizeaz\u0103 \u0219i \u00eemp\u0103r\u021birea ministerelor.<\/p>\n\n\n\n<p class=\"wp-block-paragraph\">Nicu\u0219or Dan ar dori s\u0103 p\u0103streze o influen\u021b\u0103 important\u0103 asupra Ministerului Afacerilor Externe \u0219i Ministerului Ap\u0103r\u0103rii, dou\u0103 domenii \u00een care pre\u0219edintele are atribu\u021bii constitu\u021bionale directe.<\/p>\n\n\n\n<p class=\"wp-block-paragraph\">Restul portofoliilor ar urma s\u0103 fie \u00eemp\u0103r\u021bite \u00eentre partidele care vor sus\u021bine noua majoritate.<\/p>\n\n\n\n<p class=\"wp-block-paragraph\">Formula final\u0103 nu a fost \u00eenc\u0103 anun\u021bat\u0103 oficial, iar negocierile vor continua p\u00e2n\u0103 la desemnarea viitorului premier.<\/p>\n","protected":false},"excerpt":{"rendered":"<p>Pre\u0219edintele Nicu\u0219or Dan ar prefera formarea unui guvern sus\u021binut \u00een principal de PSD, dar condus de un premier independent politic, potrivit unor surse oficiale. \u0218eful statului a anun\u021bat c\u0103 pe 1 septembrie va convoca o nou\u0103 rund\u0103 de consult\u0103ri la Palatul Cotroceni, urm\u00e2nd ca apoi s\u0103 desemneze un candidat pentru func\u021bia de prim-ministru. Sursele sus\u021bin &#8230; <a title=\"Anun\u021bul momentului! Nicu\u0219or Dan ia \u00een calcul un guvern PSD cu premier\u2026\" class=\"read-more\" href=\"https:\/\/stiri-faine.com\/?p=5593\" aria-label=\"Read more about Anun\u021bul momentului! Nicu\u0219or Dan ia \u00een calcul un guvern PSD cu premier\u2026\">Read more<\/a><\/p>\n","protected":false},"author":1,"featured_media":0,"comment_status":"open","ping_status":"open","sticky":false,"template":"","format":"standard","meta":{"footnotes":""},"categories":[1],"tags":[],"class_list":["post-5593","post","type-post","status-publish","format-standard","hentry","category-uncategorized"],"_links":{"self":[{"href":"https:\/\/stiri-faine.com\/index.php?rest_route=\/wp\/v2\/posts\/5593","targetHints":{"allow":["GET"]}}],"collection":[{"href":"https:\/\/stiri-faine.com\/index.php?rest_route=\/wp\/v2\/posts"}],"about":[{"href":"https:\/\/stiri-faine.com\/index.php?rest_route=\/wp\/v2\/types\/post"}],"author":[{"embeddable":true,"href":"https:\/\/stiri-faine.com\/index.php?rest_route=\/wp\/v2\/users\/1"}],"replies":[{"embeddable":true,"href":"https:\/\/stiri-faine.com\/index.php?rest_route=%2Fwp%2Fv2%2Fcomments&post=5593"}],"version-history":[{"count":1,"href":"https:\/\/stiri-faine.com\/index.php?rest_route=\/wp\/v2\/posts\/5593\/revisions"}],"predecessor-version":[{"id":5595,"href":"https:\/\/stiri-faine.com\/index.php?rest_route=\/wp\/v2\/posts\/5593\/revisions\/5595"}],"wp:attachment":[{"href":"https:\/\/stiri-faine.com\/index.php?rest_route=%2Fwp%2Fv2%2Fmedia&parent=5593"}],"wp:term":[{"taxonomy":"category","embeddable":true,"href":"https:\/\/stiri-faine.com\/index.php?rest_route=%2Fwp%2Fv2%2Fcategories&post=5593"},{"taxonomy":"post_tag","embeddable":true,"href":"https:\/\/stiri-faine.com\/index.php?rest_route=%2Fwp%2Fv2%2Ftags&post=5593"}],"curies":[{"name":"wp","href":"https:\/\/api.w.org\/{rel}","templated":true}]}}