{"id":5584,"date":"2026-08-28T22:13:35","date_gmt":"2026-08-28T22:13:35","guid":{"rendered":"https:\/\/stiri-faine.com\/?p=5584"},"modified":"2026-08-28T22:13:35","modified_gmt":"2026-08-28T22:13:35","slug":"anunt-de-ultim-moment-pensionarii-nu-vor-mai-beneficia-de-vezi-mai-mult-3","status":"publish","type":"post","link":"https:\/\/stiri-faine.com\/?p=5584","title":{"rendered":"Anun\u021b de ULTIM MOMENT! Pensionarii nu vor mai beneficia de\u2026 Vezi mai mult"},"content":{"rendered":"\n<p class=\"wp-block-paragraph\">Pensiile nu au fost indexate pentru anii 2025 \u0219i 2026, iar Guvernul a justificat aceast\u0103 situa\u021bie printr-o prorogare, l\u0103s\u00e2nd pensionarii s\u0103 se \u00eentrebe dac\u0103 \u00ee\u0219i vor recupera banii pierdu\u021bi \u00een aceast\u0103 perioad\u0103.<\/p>\n\n\n\n<p class=\"wp-block-paragraph\">Ultima majorare a pensiilor a avut loc \u00een septembrie 2024. Dac\u0103 se va aplica o ajustare \u00eencep\u00e2nd cu 1 ianuarie 2027, \u00eenseamn\u0103 c\u0103 pensiile nu vor fi crescut timp de doi ani \u0219i trei luni.<\/p>\n\n\n\n<p class=\"wp-block-paragraph\">Aceasta se \u00eent\u00e2mpl\u0103 \u00een ciuda prevederilor legale clare, care stipuleaz\u0103 c\u0103 pensiile trebuie s\u0103 fie indexate anual pe 1 ianuarie.<\/p>\n\n\n\n<p class=\"wp-block-paragraph\">Conform Legii nr. 360\/2023, pensiile din Rom\u00e2nia beneficiaz\u0103 de o indexare automat\u0103 \u00een fiecare an, la \u00eenceput de an.<\/p>\n\n\n\n<p class=\"wp-block-paragraph\">Formula utilizat\u0103 pentru calcularea major\u0103rii anuale a Valorii Punctului de Referin\u021b\u0103 (VPR) include: 100% din rata medie anual\u0103 a infla\u021biei din anul precedent \u0219i 50% din cre\u0219terea real\u0103 a c\u00e2\u0219tigului salarial mediu brut realizat.<\/p>\n\n\n\n<p class=\"wp-block-paragraph\">Guvernul a decis s\u0103 nu indexeze pensiile nici la 1 ianuarie 2025, cu un procent de 13%, \u0219i nici la 1 ianuarie 2026, cu 7%, argument\u00e2nd c\u0103 deficitul bugetar este foarte mare \u0219i nu exist\u0103 suficiente fonduri. Aceast\u0103 m\u0103sur\u0103 a fost prezentat\u0103 ca o prorogare, ceea ce implic\u0103 o am\u00e2nare a index\u0103rii pensiilor.<\/p>\n\n\n\n<p class=\"wp-block-paragraph\">Dac\u0103 se consider\u0103 c\u0103 aceasta este o am\u00e2nare, ar fi logic ca pensionarii s\u0103 primeasc\u0103, la un moment dat, sumele aferente index\u0103rilor anulate de la 1 ianuarie 2025 \u0219i 1 ianuarie 2026.<\/p>\n\n\n\n<p class=\"wp-block-paragraph\">Informa\u021biile \u00eengrijor\u0103toare sunt c\u0103 banii pentru aceste dou\u0103 index\u0103ri nu vor mai fi aloca\u021bi niciodat\u0103, ceea ce va duce la o diminuare de 20% a pensiilor, procent ce corespunde index\u0103rilor care nu au fost efectuate.<\/p>\n\n\n\n<p class=\"wp-block-paragraph\">Conform surselor din Newsweek Rom\u00e2nia, se preconizeaz\u0103 c\u0103 pensiile vor fi indexate la 1 ianuarie 2027, \u00eens\u0103 procentul exact al acestei index\u0103ri este \u00eenc\u0103 \u00een curs de negociere.<\/p>\n","protected":false},"excerpt":{"rendered":"<p>Pensiile nu au fost indexate pentru anii 2025 \u0219i 2026, iar Guvernul a justificat aceast\u0103 situa\u021bie printr-o prorogare, l\u0103s\u00e2nd pensionarii s\u0103 se \u00eentrebe dac\u0103 \u00ee\u0219i vor recupera banii pierdu\u021bi \u00een aceast\u0103 perioad\u0103. Ultima majorare a pensiilor a avut loc \u00een septembrie 2024. Dac\u0103 se va aplica o ajustare \u00eencep\u00e2nd cu 1 ianuarie 2027, \u00eenseamn\u0103 c\u0103 &#8230; <a title=\"Anun\u021b de ULTIM MOMENT! Pensionarii nu vor mai beneficia de\u2026 Vezi mai mult\" class=\"read-more\" href=\"https:\/\/stiri-faine.com\/?p=5584\" aria-label=\"Read more about Anun\u021b de ULTIM MOMENT! Pensionarii nu vor mai beneficia de\u2026 Vezi mai mult\">Read more<\/a><\/p>\n","protected":false},"author":1,"featured_media":0,"comment_status":"open","ping_status":"open","sticky":false,"template":"","format":"standard","meta":{"footnotes":""},"categories":[1],"tags":[],"class_list":["post-5584","post","type-post","status-publish","format-standard","hentry","category-uncategorized"],"_links":{"self":[{"href":"https:\/\/stiri-faine.com\/index.php?rest_route=\/wp\/v2\/posts\/5584","targetHints":{"allow":["GET"]}}],"collection":[{"href":"https:\/\/stiri-faine.com\/index.php?rest_route=\/wp\/v2\/posts"}],"about":[{"href":"https:\/\/stiri-faine.com\/index.php?rest_route=\/wp\/v2\/types\/post"}],"author":[{"embeddable":true,"href":"https:\/\/stiri-faine.com\/index.php?rest_route=\/wp\/v2\/users\/1"}],"replies":[{"embeddable":true,"href":"https:\/\/stiri-faine.com\/index.php?rest_route=%2Fwp%2Fv2%2Fcomments&post=5584"}],"version-history":[{"count":1,"href":"https:\/\/stiri-faine.com\/index.php?rest_route=\/wp\/v2\/posts\/5584\/revisions"}],"predecessor-version":[{"id":5586,"href":"https:\/\/stiri-faine.com\/index.php?rest_route=\/wp\/v2\/posts\/5584\/revisions\/5586"}],"wp:attachment":[{"href":"https:\/\/stiri-faine.com\/index.php?rest_route=%2Fwp%2Fv2%2Fmedia&parent=5584"}],"wp:term":[{"taxonomy":"category","embeddable":true,"href":"https:\/\/stiri-faine.com\/index.php?rest_route=%2Fwp%2Fv2%2Fcategories&post=5584"},{"taxonomy":"post_tag","embeddable":true,"href":"https:\/\/stiri-faine.com\/index.php?rest_route=%2Fwp%2Fv2%2Ftags&post=5584"}],"curies":[{"name":"wp","href":"https:\/\/api.w.org\/{rel}","templated":true}]}}