{"id":5581,"date":"2026-08-28T22:13:20","date_gmt":"2026-08-28T22:13:20","guid":{"rendered":"https:\/\/stiri-faine.com\/?p=5581"},"modified":"2026-08-28T22:13:20","modified_gmt":"2026-08-28T22:13:20","slug":"nicusor-dan-reactie-ferma-in-cazul-pahontu-ce-spune-despre-acuzatiile-aparute-in-presa","status":"publish","type":"post","link":"https:\/\/stiri-faine.com\/?p=5581","title":{"rendered":"Nicu\u0219or Dan, reac\u021bie ferm\u0103 \u00een cazul Pahon\u021bu. Ce spune despre acuza\u021biile ap\u0103rute \u00een pres\u0103"},"content":{"rendered":"\n<p class=\"wp-block-paragraph\">Pre\u0219edintele Nicu\u0219or Dan a reac\u021bionat joi sear\u0103 la informa\u021biile ap\u0103rute \u00een pres\u0103 despre Lucian Pahon\u021bu, \u0219eful Serviciului de Protec\u021bie \u0219i Paz\u0103, dup\u0103 ce o investiga\u021bie jurnalistic\u0103 a sus\u021binut c\u0103 acesta ar fi f\u0103cut parte din dispozitivele implicate \u00een evenimentele din decembrie 1989 \u0219i din perioada Mineriadei.<\/p>\n\n\n\n<p class=\"wp-block-paragraph\">\u0218eful statului a transmis c\u0103 persoanele care au participat efectiv la reprimarea manifesta\u021biilor de la Revolu\u021bie sau Mineriad\u0103 nu ar trebui, din punct de vedere moral, s\u0103 ocupe func\u021bii importante \u00een stat. \u00cen acela\u0219i timp, Nicu\u0219or Dan a precizat c\u0103, \u00een opinia sa, Lucian Pahon\u021bu \u201enu e \u00een aceast\u0103 situa\u021bie\u201d.<\/p>\n\n\n\n<p class=\"wp-block-paragraph\">Nicu\u0219or Dan: \u201eDomnul Pahon\u021bu nu e \u00een aceast\u0103 situa\u021bie\u201d<br>Pre\u0219edintele a explicat c\u0103 exist\u0103 o \u0219edin\u021b\u0103 CSAT programat\u0103 pentru 7 septembrie, \u00eens\u0103 aceasta nu ar avea leg\u0103tur\u0103 cu informa\u021biile ap\u0103rute despre \u0219eful SPP.<\/p>\n\n\n\n<p class=\"wp-block-paragraph\">Nicu\u0219or Dan a calificat reprimarea manifesta\u021biilor de la Revolu\u021bie \u0219i Mineriad\u0103 drept o \u201epat\u0103 \u00een istoria Rom\u00e2niei\u201d \u0219i a afirmat c\u0103 orice persoan\u0103 care a participat la astfel de ac\u021biuni nu ar avea ce s\u0103 caute, din punct de vedere moral, \u00eentr-o func\u021bie \u00eenalt\u0103.<\/p>\n\n\n\n<p class=\"wp-block-paragraph\">Totu\u0219i, el a precizat explicit c\u0103 nu \u00eel include pe Lucian Pahon\u021bu \u00een aceast\u0103 categorie.<\/p>\n\n\n\n<p class=\"wp-block-paragraph\">Pre\u0219edintele nu a f\u0103cut \u00eenc\u0103 o evaluare personal\u0103 a \u0219efului SPP<br>Nicu\u0219or Dan a declarat c\u0103 a evaluat func\u021bionarea Serviciului de Protec\u021bie \u0219i Paz\u0103 \u0219i c\u0103, din interac\u021biunile avute cu ofi\u021berii, institu\u021bia i s-a p\u0103rut profesionist\u0103.<\/p>\n\n\n\n<p class=\"wp-block-paragraph\">\u00cen schimb, a recunoscut c\u0103 nu a realizat p\u00e2n\u0103 acum o evaluare personal\u0103 a lui Lucian Pahon\u021bu, motiv\u00e2nd c\u0103 exist\u0103 \u0219i alte priorit\u0103\u021bi institu\u021bionale.<\/p>\n\n\n\n<p class=\"wp-block-paragraph\">Referindu-se la investiga\u021bia de pres\u0103, \u0219eful statului a spus c\u0103 a citit articolul, dar consider\u0103 c\u0103 titlul \u0219i concluziile nu ar fi pe deplin sus\u021binute de con\u021binut.<\/p>\n\n\n\n<p class=\"wp-block-paragraph\">Nicu\u0219or Dan invoc\u0103 verific\u0103rile f\u0103cute la numirea lui Pahon\u021bu<br>Pre\u0219edintele a mai amintit c\u0103, la momentul numirii lui Lucian Pahon\u021bu \u00een urm\u0103 cu peste dou\u0103 decenii, CSAT ar fi f\u0103cut verific\u0103rile prev\u0103zute de lege, inclusiv \u00een raport cu eventuale leg\u0103turi cu poli\u021bia politic\u0103.<\/p>\n\n\n\n<p class=\"wp-block-paragraph\">Investiga\u021bia jurnalistic\u0103 men\u021bionat\u0103 sus\u021bine \u00eens\u0103 c\u0103 documente consultate de pres\u0103 ar indica prezen\u021ba lui Pahon\u021bu \u00een structuri militare implicate \u00een dispozitivele mobilizate \u00een timpul Revolu\u021biei din 1989 \u0219i al Mineriadei.<\/p>\n\n\n\n<p class=\"wp-block-paragraph\">Deocamdat\u0103, Nicu\u0219or Dan nu a anun\u021bat nicio m\u0103sur\u0103 \u00eempotriva \u0219efului SPP \u0219i a transmis c\u0103 informa\u021biile ap\u0103rute trebuie evaluate pe baza documentelor \u0219i a faptelor concrete.<\/p>\n","protected":false},"excerpt":{"rendered":"<p>Pre\u0219edintele Nicu\u0219or Dan a reac\u021bionat joi sear\u0103 la informa\u021biile ap\u0103rute \u00een pres\u0103 despre Lucian Pahon\u021bu, \u0219eful Serviciului de Protec\u021bie \u0219i Paz\u0103, dup\u0103 ce o investiga\u021bie jurnalistic\u0103 a sus\u021binut c\u0103 acesta ar fi f\u0103cut parte din dispozitivele implicate \u00een evenimentele din decembrie 1989 \u0219i din perioada Mineriadei. \u0218eful statului a transmis c\u0103 persoanele care au participat &#8230; <a title=\"Nicu\u0219or Dan, reac\u021bie ferm\u0103 \u00een cazul Pahon\u021bu. Ce spune despre acuza\u021biile ap\u0103rute \u00een pres\u0103\" class=\"read-more\" href=\"https:\/\/stiri-faine.com\/?p=5581\" aria-label=\"Read more about Nicu\u0219or Dan, reac\u021bie ferm\u0103 \u00een cazul Pahon\u021bu. Ce spune despre acuza\u021biile ap\u0103rute \u00een pres\u0103\">Read more<\/a><\/p>\n","protected":false},"author":1,"featured_media":0,"comment_status":"open","ping_status":"open","sticky":false,"template":"","format":"standard","meta":{"footnotes":""},"categories":[1],"tags":[],"class_list":["post-5581","post","type-post","status-publish","format-standard","hentry","category-uncategorized"],"_links":{"self":[{"href":"https:\/\/stiri-faine.com\/index.php?rest_route=\/wp\/v2\/posts\/5581","targetHints":{"allow":["GET"]}}],"collection":[{"href":"https:\/\/stiri-faine.com\/index.php?rest_route=\/wp\/v2\/posts"}],"about":[{"href":"https:\/\/stiri-faine.com\/index.php?rest_route=\/wp\/v2\/types\/post"}],"author":[{"embeddable":true,"href":"https:\/\/stiri-faine.com\/index.php?rest_route=\/wp\/v2\/users\/1"}],"replies":[{"embeddable":true,"href":"https:\/\/stiri-faine.com\/index.php?rest_route=%2Fwp%2Fv2%2Fcomments&post=5581"}],"version-history":[{"count":1,"href":"https:\/\/stiri-faine.com\/index.php?rest_route=\/wp\/v2\/posts\/5581\/revisions"}],"predecessor-version":[{"id":5583,"href":"https:\/\/stiri-faine.com\/index.php?rest_route=\/wp\/v2\/posts\/5581\/revisions\/5583"}],"wp:attachment":[{"href":"https:\/\/stiri-faine.com\/index.php?rest_route=%2Fwp%2Fv2%2Fmedia&parent=5581"}],"wp:term":[{"taxonomy":"category","embeddable":true,"href":"https:\/\/stiri-faine.com\/index.php?rest_route=%2Fwp%2Fv2%2Fcategories&post=5581"},{"taxonomy":"post_tag","embeddable":true,"href":"https:\/\/stiri-faine.com\/index.php?rest_route=%2Fwp%2Fv2%2Ftags&post=5581"}],"curies":[{"name":"wp","href":"https:\/\/api.w.org\/{rel}","templated":true}]}}