{"id":5579,"date":"2026-08-28T22:12:56","date_gmt":"2026-08-28T22:12:56","guid":{"rendered":"https:\/\/stiri-faine.com\/?p=5579"},"modified":"2026-08-28T22:12:56","modified_gmt":"2026-08-28T22:12:56","slug":"lovitura-cumplita-pentru-psd-demisie-exploziva-4","status":"publish","type":"post","link":"https:\/\/stiri-faine.com\/?p=5579","title":{"rendered":"Lovitur\u0103 cumplit\u0103 pentru PSD! Demisie exploziv\u0103"},"content":{"rendered":"<p>Primarul municipiului Buz\u0103u, Constantin Toma, se distan\u021beaz\u0103 tot mai mult de Partidul Social Democrat \u0219i anun\u021b\u0103 c\u0103 nu inten\u021bioneaz\u0103 s\u0103 candideze pentru un nou mandat sub sigla forma\u021biunii la alegerile locale din 2028.<\/p>\n<p>Edilul, care r\u0103m\u00e2ne deocamdat\u0103 membru al PSD, spune c\u0103 varianta unei candidaturi independente reprezint\u0103 \u00een acest moment prima sa op\u021biune. Toma nu exclude \u00eens\u0103 nici posibilitatea de a primi sus\u021binerea unei alte forma\u021biuni politice.<\/p>\n<p>\u201eIndependent este prima op\u021biune. Nu mai doresc s\u0103 candidez eu din partea PSD. Este decizia mea\u201d, a declarat primarul Buz\u0103ului.<\/p>\n<p>Toma a precizat c\u0103 nu ia \u00een calcul o colaborare cu AUR sau SOS Rom\u00e2nia, \u00eens\u0103 nu a indicat dac\u0103 exist\u0103 alte partide cu care ar putea negocia o eventual\u0103 sus\u021binere electoral\u0103.<\/p>\n<p>Decizia primarului nu vine din senin. \u00cen luna iunie, Constantin Toma a renun\u021bat la func\u021biile de conducere pe care le de\u021binea \u00een organiza\u021biile PSD din Buz\u0103u.<\/p>\n<p>El a demisionat din func\u021bia de pre\u0219edinte al Organiza\u021biei Municipale PSD Buz\u0103u \u0219i din cea de prim-vicepre\u0219edinte al Organiza\u021biei Jude\u021bene PSD Buz\u0103u. Cu toate acestea, edilul a ales s\u0103 r\u0103m\u00e2n\u0103 membru al partidului.<\/p>\n<p>La momentul respectiv, Toma a sugerat c\u0103 problemele ap\u0103rute \u00een rela\u021bia cu organiza\u021bia local\u0103 au leg\u0103tur\u0103 cu pozi\u021biile sale critice fa\u021b\u0103 de conducerea central\u0103 a social-democra\u021bilor.<\/p>\n<p>Primarul Buz\u0103ului a criticat \u00een repetate r\u00e2nduri direc\u021bia \u00een care se \u00eendreapt\u0103 partidul \u0219i a avut pozi\u021bii ferme inclusiv \u00een privin\u021ba situa\u021biei politice de la nivel na\u021bional. Printre solicit\u0103rile sale s-au num\u0103rat organizarea de alegeri anticipate \u0219i demisia lui Sorin Grindeanu.<\/p>\n<p>O eventual\u0103 candidatur\u0103 independent\u0103 ar putea fi sus\u021binut\u0103 de rezultatele electorale ob\u021binute de Constantin Toma \u00een ultimii ani.<\/p>\n<p>La ultimele dou\u0103 alegeri pentru func\u021bia de primar al municipiului Buz\u0103u, edilul a ob\u021binut procente foarte ridicate, aproximativ 78%, respectiv 67% din voturi.<\/p>\n<p>Aceste rezultate indic\u0103 existen\u021ba unei baze electorale importante, ceea ce \u00eei poate permite s\u0103 ia \u00een calcul o candidatur\u0103 f\u0103r\u0103 sprijinul direct al PSD.<\/p>\n<p>Totu\u0219i, p\u00e2n\u0103 \u00een 2028 mai este o perioad\u0103 semnificativ\u0103, iar configura\u021bia politic\u0103 se poate schimba. O eventual\u0103 candidatur\u0103 independent\u0103 ar presupune o campanie construit\u0103 \u00een jurul notoriet\u0103\u021bii \u0219i activit\u0103\u021bii sale administrative, dar \u0219i capacitatea de a mobiliza aleg\u0103torii f\u0103r\u0103 infrastructura unui partid.<\/p>\n<p>\u00cen acela\u0219i timp, r\u0103m\u00e2ne deschis\u0103 \u00eentrebarea dac\u0103 Toma va continua s\u0103 fie membru PSD p\u00e2n\u0103 la alegerile din 2028 sau dac\u0103, \u00een cele din urm\u0103, va decide s\u0103 p\u0103r\u0103seasc\u0103 forma\u021biunea.<\/p>\n<p>Cert este c\u0103 declara\u021bia sa marcheaz\u0103 o nou\u0103 etap\u0103 \u00een rela\u021bia tensionat\u0103 cu social-democra\u021bii. Pentru moment, Constantin Toma transmite un mesaj clar:PSD nu mai reprezint\u0103 op\u021biunea sa pentru o nou\u0103 candidatur\u0103 la Prim\u0103ria Buz\u0103u.<\/p>\n","protected":false},"excerpt":{"rendered":"<p>Primarul municipiului Buz\u0103u, Constantin Toma, se distan\u021beaz\u0103 tot mai mult de Partidul Social Democrat \u0219i anun\u021b\u0103 c\u0103 nu inten\u021bioneaz\u0103 s\u0103 candideze pentru un nou mandat sub sigla forma\u021biunii la alegerile locale din 2028. Edilul, care r\u0103m\u00e2ne deocamdat\u0103 membru al PSD, spune c\u0103 varianta unei candidaturi independente reprezint\u0103 \u00een acest moment prima sa op\u021biune. Toma nu &#8230; <a title=\"Lovitur\u0103 cumplit\u0103 pentru PSD! Demisie exploziv\u0103\" class=\"read-more\" href=\"https:\/\/stiri-faine.com\/?p=5579\" aria-label=\"Read more about Lovitur\u0103 cumplit\u0103 pentru PSD! Demisie exploziv\u0103\">Read more<\/a><\/p>\n","protected":false},"author":1,"featured_media":0,"comment_status":"open","ping_status":"open","sticky":false,"template":"","format":"standard","meta":{"footnotes":""},"categories":[1],"tags":[],"class_list":["post-5579","post","type-post","status-publish","format-standard","hentry","category-uncategorized"],"_links":{"self":[{"href":"https:\/\/stiri-faine.com\/index.php?rest_route=\/wp\/v2\/posts\/5579","targetHints":{"allow":["GET"]}}],"collection":[{"href":"https:\/\/stiri-faine.com\/index.php?rest_route=\/wp\/v2\/posts"}],"about":[{"href":"https:\/\/stiri-faine.com\/index.php?rest_route=\/wp\/v2\/types\/post"}],"author":[{"embeddable":true,"href":"https:\/\/stiri-faine.com\/index.php?rest_route=\/wp\/v2\/users\/1"}],"replies":[{"embeddable":true,"href":"https:\/\/stiri-faine.com\/index.php?rest_route=%2Fwp%2Fv2%2Fcomments&post=5579"}],"version-history":[{"count":0,"href":"https:\/\/stiri-faine.com\/index.php?rest_route=\/wp\/v2\/posts\/5579\/revisions"}],"wp:attachment":[{"href":"https:\/\/stiri-faine.com\/index.php?rest_route=%2Fwp%2Fv2%2Fmedia&parent=5579"}],"wp:term":[{"taxonomy":"category","embeddable":true,"href":"https:\/\/stiri-faine.com\/index.php?rest_route=%2Fwp%2Fv2%2Fcategories&post=5579"},{"taxonomy":"post_tag","embeddable":true,"href":"https:\/\/stiri-faine.com\/index.php?rest_route=%2Fwp%2Fv2%2Ftags&post=5579"}],"curies":[{"name":"wp","href":"https:\/\/api.w.org\/{rel}","templated":true}]}}