{"id":5569,"date":"2026-08-28T22:12:23","date_gmt":"2026-08-28T22:12:23","guid":{"rendered":"https:\/\/stiri-faine.com\/?p=5569"},"modified":"2026-08-28T22:12:23","modified_gmt":"2026-08-28T22:12:23","slug":"nicusor-dan-face-anuntul-de-la-chisinau-sefii-serviciilor-vor-fi-numiti-dupa-formarea-noului-guvern-in-luna","status":"publish","type":"post","link":"https:\/\/stiri-faine.com\/?p=5569","title":{"rendered":"Nicu\u0219or Dan face ANUN\u021aUL de la Chi\u0219in\u0103u: \u0219efii serviciilor vor fi numi\u021bi dup\u0103 formarea noului Guvern, \u00een luna\u2026"},"content":{"rendered":"\n<p class=\"wp-block-paragraph\">Pre\u0219edintele Nicu\u0219or Dan a anun\u021bat, de la Chi\u0219in\u0103u, c\u0103 prioritatea sa este formarea unui nou Guvern, iar abia dup\u0103 \u00eencheierea acestui proces va \u00eencepe discu\u021biile privind numirea conducerii serviciilor de informa\u021bii.<\/p>\n\n\n\n<p class=\"wp-block-paragraph\">\u0218eful statului s-a declarat \u00eencrez\u0103tor c\u0103 Parlamentul va reu\u0219i s\u0103 voteze un nou Executiv \u00een luna septembrie.<\/p>\n\n\n\n<p class=\"wp-block-paragraph\">Noi consult\u0103ri la Cotroceni pe 1 septembrie<br>Nicu\u0219or Dan a anun\u021bat c\u0103 partidele vor fi chemate din nou la consult\u0103ri la Palatul Cotroceni pe 1 septembrie.<\/p>\n\n\n\n<p class=\"wp-block-paragraph\">Pre\u0219edintele sus\u021bine c\u0103, dup\u0103 tentativele e\u0219uate de p\u00e2n\u0103 acum, exist\u0103 \u0219anse mai mari ca forma\u021biunile politice s\u0103 ajung\u0103 la o majoritate parlamentar\u0103 capabil\u0103 s\u0103 sus\u021bin\u0103 un Guvern.<\/p>\n\n\n\n<p class=\"wp-block-paragraph\">\u201eImediat, la 1 septembrie, o s\u0103 avem o nou\u0103 consultare \u0219i cred c\u0103 vom g\u0103si o majoritate\u201d, a declarat \u0219eful statului.<\/p>\n\n\n\n<p class=\"wp-block-paragraph\">Acesta a subliniat c\u0103 formarea unui Executiv cu puteri depline reprezint\u0103 o urgen\u021b\u0103, dar c\u0103 o nou\u0103 nominalizare f\u0103cut\u0103 f\u0103r\u0103 suficiente garan\u021bii parlamentare ar putea genera un nou blocaj politic.<\/p>\n\n\n\n<p class=\"wp-block-paragraph\">\u201eEste o urgen\u021b\u0103 s\u0103 avem un Guvern\u201d<br>Nicu\u0219or Dan a explicat c\u0103 precedentele dou\u0103 nominaliz\u0103ri au ar\u0103tat c\u0103 nu exista o majoritate suficient de solid\u0103 \u00een Parlament.<\/p>\n\n\n\n<p class=\"wp-block-paragraph\">Din acest motiv, pre\u0219edintele spune c\u0103 vrea s\u0103 evite un nou scenariu \u00een care un candidat pentru func\u021bia de premier s\u0103 nu ob\u021bin\u0103 voturile necesare.<\/p>\n\n\n\n<p class=\"wp-block-paragraph\">\u00cen opinia sa, urm\u0103toarea rund\u0103 de negocieri ar trebui s\u0103 duc\u0103 la o formul\u0103 politic\u0103 stabil\u0103.<\/p>\n\n\n\n<p class=\"wp-block-paragraph\">Numirile la servicii vin dup\u0103 rezolvarea crizei politice<br>\u00centrebat despre momentul \u00een care vor fi desemna\u021bi noii \u0219efi ai serviciilor de informa\u021bii, Nicu\u0219or Dan a precizat c\u0103 nu dore\u0219te s\u0103 suprapun\u0103 aceast\u0103 discu\u021bie peste negocierile pentru Guvern.<\/p>\n\n\n\n<p class=\"wp-block-paragraph\">\u201ePe servicii, este un serviciu care nu are \u0219ef \u0219i aici este o discu\u021bie pe care s\u0103 o avem cu partidele parlamentare. Nu voiam s\u0103 suprapun discu\u021bia pe cea a Guvernului. O s\u0103 avem un Guvern \u0219i vom vedea\u201d, a afirmat pre\u0219edintele.<\/p>\n\n\n\n<p class=\"wp-block-paragraph\">Prin urmare, numirile \u00een fruntea serviciilor vor fi discutate abia dup\u0103 ce Executivul va primi votul Parlamentului.<\/p>\n\n\n\n<p class=\"wp-block-paragraph\">Schimb\u0103ri \u0219i \u00een corpul diplomatic<br>Nicu\u0219or Dan a vorbit \u0219i despre situa\u021bia ambasadorilor ajun\u0219i la final de mandat.<\/p>\n\n\n\n<p class=\"wp-block-paragraph\">Pre\u0219edintele a explicat c\u0103 unele schimb\u0103ri ar fi trebuit f\u0103cute \u00eenc\u0103 din aceast\u0103 var\u0103, \u00eens\u0103 criza politic\u0103 a consumat o mare parte din agenda institu\u021bional\u0103.<\/p>\n\n\n\n<p class=\"wp-block-paragraph\">\u0218eful statului spune c\u0103 vor exista consult\u0103ri pentru stabilirea momentului potrivit \u00een care aceste modific\u0103ri s\u0103 fie realizate.<\/p>\n\n\n\n<p class=\"wp-block-paragraph\">Pentru moment, calendarul anun\u021bat de Nicu\u0219or Dan este clar: consult\u0103ri politice pe 1 septembrie, formarea unei majorit\u0103\u021bi \u0219i votarea unui nou Guvern \u00een cursul lunii, iar ulterior discu\u021bii privind conducerea serviciilor \u0219i schimb\u0103rile din diploma\u021bie.<\/p>\n","protected":false},"excerpt":{"rendered":"<p>Pre\u0219edintele Nicu\u0219or Dan a anun\u021bat, de la Chi\u0219in\u0103u, c\u0103 prioritatea sa este formarea unui nou Guvern, iar abia dup\u0103 \u00eencheierea acestui proces va \u00eencepe discu\u021biile privind numirea conducerii serviciilor de informa\u021bii. \u0218eful statului s-a declarat \u00eencrez\u0103tor c\u0103 Parlamentul va reu\u0219i s\u0103 voteze un nou Executiv \u00een luna septembrie. Noi consult\u0103ri la Cotroceni pe 1 septembrieNicu\u0219or &#8230; <a title=\"Nicu\u0219or Dan face ANUN\u021aUL de la Chi\u0219in\u0103u: \u0219efii serviciilor vor fi numi\u021bi dup\u0103 formarea noului Guvern, \u00een luna\u2026\" class=\"read-more\" href=\"https:\/\/stiri-faine.com\/?p=5569\" aria-label=\"Read more about Nicu\u0219or Dan face ANUN\u021aUL de la Chi\u0219in\u0103u: \u0219efii serviciilor vor fi numi\u021bi dup\u0103 formarea noului Guvern, \u00een luna\u2026\">Read more<\/a><\/p>\n","protected":false},"author":1,"featured_media":0,"comment_status":"open","ping_status":"open","sticky":false,"template":"","format":"standard","meta":{"footnotes":""},"categories":[1],"tags":[],"class_list":["post-5569","post","type-post","status-publish","format-standard","hentry","category-uncategorized"],"_links":{"self":[{"href":"https:\/\/stiri-faine.com\/index.php?rest_route=\/wp\/v2\/posts\/5569","targetHints":{"allow":["GET"]}}],"collection":[{"href":"https:\/\/stiri-faine.com\/index.php?rest_route=\/wp\/v2\/posts"}],"about":[{"href":"https:\/\/stiri-faine.com\/index.php?rest_route=\/wp\/v2\/types\/post"}],"author":[{"embeddable":true,"href":"https:\/\/stiri-faine.com\/index.php?rest_route=\/wp\/v2\/users\/1"}],"replies":[{"embeddable":true,"href":"https:\/\/stiri-faine.com\/index.php?rest_route=%2Fwp%2Fv2%2Fcomments&post=5569"}],"version-history":[{"count":1,"href":"https:\/\/stiri-faine.com\/index.php?rest_route=\/wp\/v2\/posts\/5569\/revisions"}],"predecessor-version":[{"id":5571,"href":"https:\/\/stiri-faine.com\/index.php?rest_route=\/wp\/v2\/posts\/5569\/revisions\/5571"}],"wp:attachment":[{"href":"https:\/\/stiri-faine.com\/index.php?rest_route=%2Fwp%2Fv2%2Fmedia&parent=5569"}],"wp:term":[{"taxonomy":"category","embeddable":true,"href":"https:\/\/stiri-faine.com\/index.php?rest_route=%2Fwp%2Fv2%2Fcategories&post=5569"},{"taxonomy":"post_tag","embeddable":true,"href":"https:\/\/stiri-faine.com\/index.php?rest_route=%2Fwp%2Fv2%2Ftags&post=5569"}],"curies":[{"name":"wp","href":"https:\/\/api.w.org\/{rel}","templated":true}]}}