{"id":5541,"date":"2026-08-27T21:03:42","date_gmt":"2026-08-27T21:03:42","guid":{"rendered":"https:\/\/stiri-faine.com\/?p=5541"},"modified":"2026-08-27T21:03:42","modified_gmt":"2026-08-27T21:03:42","slug":"de-cand-mama-si-sora-mea-s-au-mutat-aici-nu-mai-esti-stapana-casei-fara-acordul-lor-nici-macar-sa-nu-mananci-in-clipa-aceea-am-inteles-ca-sotul-meu-nu-mi-mai-luase-doar-linistea-incerca-s-3","status":"publish","type":"post","link":"https:\/\/stiri-faine.com\/?p=5541","title":{"rendered":"De c\u00e2nd mama \u0219i sora mea s-au mutat aici, nu mai e\u0219ti st\u0103p\u00e2na casei. F\u0103r\u0103 acordul lor, nici m\u0103car s\u0103 nu m\u0103n\u00e2nci. \u00cen clipa aceea am \u00een\u021beles c\u0103 so\u021bul meu nu-mi mai luase doar lini\u0219tea\u2026 \u00eencerca s\u0103-mi ia \u0219i casa pe care mi-o l\u0103sase tata."},"content":{"rendered":"<p>Nu-mi amintesc s\u0103 mai fi r\u0103mas vreodat\u0103 f\u0103r\u0103 cuvinte a\u0219a cum am r\u0103mas \u00een diminea\u021ba aceea.<\/p>\n<p>Priveam frigiderul deschis.<\/p>\n<p>Priveam m\u00e2na mea, \u00eenc\u0103 sprijinit\u0103 pe u\u0219\u0103.<\/p>\n<p>\u0218i \u00eel priveam pe Toma.<\/p>\n<p>A\u0219teptam s\u0103 z\u00e2mbeasc\u0103.<\/p>\n<p>S\u0103 spun\u0103 c\u0103 a fost o glum\u0103 proast\u0103.<\/p>\n<p>N-a f\u0103cut-o.<\/p>\n<p>Mariana sorbea lini\u0219tit\u0103 din cafea.<\/p>\n<p>Izabela \u00ee\u0219i mu\u0219ca satisf\u0103cut\u0103 dintr-un covrig.<\/p>\n<p>De parc\u0103 ceea ce tocmai spusese Toma era cel mai firesc lucru din lume.<\/p>\n<p>Am \u00eenchis \u00eencet frigiderul.<\/p>\n<p>\u2014 Repet\u0103, te rog.<\/p>\n<p>Toma oft\u0103.<\/p>\n<p>\u2014 Nu mai transforma totul \u00eentr-o dram\u0103.<\/p>\n<p>\u2014 Repet\u0103.<\/p>\n<p>\u2014 Am spus doar c\u0103 de acum locuim mai mul\u021bi aici \u0219i trebuie s\u0103 ne respect\u0103m unii pe al\u021bii.<\/p>\n<p>\u2014 Respect?<\/p>\n<p>L-am privit drept \u00een ochi.<\/p>\n<p>\u2014 \u00cen casa pe care a construit-o tata?<\/p>\n<p>N-a r\u0103spuns.<\/p>\n<p>Mariana interveni imediat.<\/p>\n<p>\u2014 Evelina, nu mai vorbi mereu despre casa asta ca \u0219i cum ar fi numai a ta.<\/p>\n<p>Suntem familie.<\/p>\n<p>Am z\u00e2mbit amar.<\/p>\n<p>\u2014 Exact.<\/p>\n<p>Familie.<\/p>\n<p>De aceea v-am primit aici.<\/p>\n<p>Nu ca s\u0103-mi spune\u021bi c\u00e2nd am voie s\u0103 deschid frigiderul.<\/p>\n<p>Mariana \u00ee\u0219i \u00eencruci\u0219\u0103 bra\u021bele.<\/p>\n<p>\u2014 Dac\u0103 tr\u0103im \u00eempreun\u0103, trebuie s\u0103 existe reguli.<\/p>\n<p>\u2014 Reguli?<\/p>\n<p>Am \u00eenceput s\u0103 r\u00e2d.<\/p>\n<p>Un r\u00e2s scurt.<\/p>\n<p>Obosit.<\/p>\n<p>\u2014 Interesant\u2026<\/p>\n<p>Pentru c\u0103 atunci c\u00e2nd v-a\u021bi mutat aici, singura regul\u0103 era c\u0103 urma s\u0103 sta\u021bi c\u00e2teva s\u0103pt\u0103m\u00e2ni.<\/p>\n<p>Au trecut aproape o lun\u0103.<\/p>\n<p>\u0218i \u00eenc\u0103 n-a\u021bi pomenit nici m\u0103car o dat\u0103 c\u00e2nd pleca\u021bi.<\/p>\n<p>\u00cen buc\u0103t\u0103rie se l\u0103s\u0103 lini\u0219tea.<\/p>\n<p>Izabela fu prima care vorbi.<\/p>\n<p>\u2014 Poate nici nu mai este nevoie s\u0103 plec\u0103m.<\/p>\n<p>Avem destul loc aici.<\/p>\n<p>M-am \u00eentors spre Toma.<\/p>\n<p>\u2014 Tu ai \u0219tiut?<\/p>\n<p>El evit\u0103 din nou privirea mea.<\/p>\n<p>Asta mi-a fost suficient.<\/p>\n<p>\u00cen aceea\u0219i zi am ie\u0219it din cas\u0103 f\u0103r\u0103 s\u0103 spun unde merg.<\/p>\n<p>M-am dus direct la notar.<\/p>\n<p>Dup\u0103 aproape o or\u0103 aveam \u00een fa\u021b\u0103 toate documentele originale ale casei \u0219i extrasul de carte funciar\u0103.<\/p>\n<p>Notarul \u00eemi z\u00e2mbi.<\/p>\n<p>\u2014 Sta\u021bi lini\u0219tit\u0103.<\/p>\n<p>Imobilul este exclusiv al dumneavoastr\u0103.<\/p>\n<p>Nimeni nu poate deveni proprietar f\u0103r\u0103 acordul \u0219i semn\u0103tura dumneavoastr\u0103.<\/p>\n<p>Am sim\u021bit pentru prima dat\u0103 dup\u0103 multe s\u0103pt\u0103m\u00e2ni c\u0103 pot respira.<\/p>\n<p>L-am rugat s\u0103-mi preg\u0103teasc\u0103 \u0219i o notificare oficial\u0103 privind dreptul exclusiv de proprietate.<\/p>\n<p>Aveam nevoie de ea.<\/p>\n<p>Nu pentru mine.<\/p>\n<p>Pentru cei care uitaser\u0103 unde locuiau.<\/p>\n<p>Seara i-am rugat pe to\u021bi s\u0103 vin\u0103 \u00een sufragerie.<\/p>\n<p>Mariana p\u0103rea relaxat\u0103.<\/p>\n<p>Izabela butona telefonul.<\/p>\n<p>Toma st\u0103tea cu privirea \u00een podea.<\/p>\n<p>Am pus dosarul pe mas\u0103.<\/p>\n<p>\u2014 Ce-i asta? \u00eentreb\u0103 Mariana.<\/p>\n<p>\u2014 Actele casei.<\/p>\n<p>Le-am deschis \u00eencet.<\/p>\n<p>\u2014 Casa aceasta este mo\u0219tenirea r\u0103mas\u0103 de la tat\u0103l meu.<\/p>\n<p>Nu este bun comun.<\/p>\n<p>Nu este \u00eemp\u0103r\u021bit\u0103 cu nimeni.<\/p>\n<p>\u0218i nu poate fi trecut\u0103 pe numele nim\u0103nui f\u0103r\u0103 voia mea.<\/p>\n<p>Izabela \u00ee\u0219i schimb\u0103 imediat expresia.<\/p>\n<p>\u2014 Cine a vorbit despre asta?<\/p>\n<p>Am privit-o calm.<\/p>\n<p>\u2014 Nu conteaz\u0103.<\/p>\n<p>Conteaz\u0103 c\u0103 de ast\u0103zi regulile sunt foarte clare.<\/p>\n<p>M-am \u00eentors spre Toma.<\/p>\n<p>\u2014 \u021ai-am deschis u\u0219a acestei case pentru c\u0103 te-am iubit.<\/p>\n<p>Le-am deschis-o \u0219i mamei tale \u0219i surorii tale pentru c\u0103 am avut \u00eencredere \u00een cuv\u00e2ntul vostru.<\/p>\n<p>Dar \u00een clipa \u00een care mi-ai spus c\u0103 nu mai am voie s\u0103 m\u0103n\u00e2nc f\u0103r\u0103 aprobarea lor\u2026<\/p>\n<p>ai \u00eencetat s\u0103 mai fii so\u021bul care \u00eemi era al\u0103turi.<\/p>\n<p>Ai devenit omul care \u00eencerca s\u0103 m\u0103 alunge din propria cas\u0103.<\/p>\n<p>Nimeni nu scoase un cuv\u00e2nt.<\/p>\n<p>Am \u00eempins dosarul spre ei.<\/p>\n<p>\u2014 Ave\u021bi \u0219apte zile s\u0103 v\u0103 g\u0103si\u021bi alt\u0103 locuin\u021b\u0103.<\/p>\n<p>Mariana izbucni.<\/p>\n<p>\u2014 N-ai cum s\u0103 ne dai afar\u0103!<\/p>\n<p>Am r\u0103spuns f\u0103r\u0103 s\u0103 ridic vocea.<\/p>\n<p>\u2014 Ba da.<\/p>\n<p>Pentru c\u0103 aceasta este casa mea.<\/p>\n<p>Iar ospitalitatea nu \u00eenseamn\u0103 s\u0103 renun\u021b la demnitate.<\/p>\n<p>\u00cen urm\u0103toarele zile atmosfera deveni ap\u0103s\u0103toare.<\/p>\n<p>Nu mai existau repro\u0219uri.<\/p>\n<p>Nu mai existau ordine.<\/p>\n<p>Doar valize preg\u0103tite \u0219i u\u0219i tr\u00e2ntite.<\/p>\n<p>\u00cen a \u0219aptea zi, Mariana cobor\u00ee ultima.<\/p>\n<p>Se opri \u00een prag.<\/p>\n<p>\u2014 O s\u0103 regre\u021bi.<\/p>\n<p>Am cl\u0103tinat \u00eencet din cap.<\/p>\n<p>\u2014 Nu.<\/p>\n<p>Am regretat doar c\u0103 n-am pus limite mai devreme.<\/p>\n<p>Au urcat \u00een ma\u0219in\u0103 \u0219i au plecat f\u0103r\u0103 s\u0103 priveasc\u0103 \u00een urm\u0103.<\/p>\n<p>Toma r\u0103mase c\u00e2teva clipe \u00een curte.<\/p>\n<p>\u2014 Evi\u2026<\/p>\n<p>Putem s\u0103 repar\u0103m tot?<\/p>\n<p>L-am privit lung.<\/p>\n<p>\u2014 Casa se repar\u0103 u\u0219or.<\/p>\n<p>\u00cencrederea, mult mai greu.<\/p>\n<p>Nu i-am r\u0103spuns altceva.<\/p>\n<p>\u00cen seara aceea am deschis toate ferestrele.<\/p>\n<p>Pentru prima dat\u0103 dup\u0103 multe s\u0103pt\u0103m\u00e2ni, \u00een cas\u0103 era lini\u0219te.<\/p>\n<p>Am mers \u00een gr\u0103din\u0103 \u0219i m-am oprit l\u00e2ng\u0103 m\u0103rul pe care \u00eel plantasem \u00eempreun\u0103 cu tata.<\/p>\n<p>Am atins scoar\u021ba aspr\u0103 \u0219i am z\u00e2mbit.<\/p>\n<p>Nu c\u00e2\u0219tigasem o lupt\u0103 pentru o cas\u0103.<\/p>\n<p>C\u00e2\u0219tigasem ceva mult mai important.<\/p>\n<p>Curajul de a nu mai l\u0103sa pe nimeni s\u0103-mi spun\u0103 c\u0103 sunt o musafir\u0103 \u00een propria mea via\u021b\u0103.<\/p>\n","protected":false},"excerpt":{"rendered":"<p>Nu-mi amintesc s\u0103 mai fi r\u0103mas vreodat\u0103 f\u0103r\u0103 cuvinte a\u0219a cum am r\u0103mas \u00een diminea\u021ba aceea. Priveam frigiderul deschis. Priveam m\u00e2na mea, \u00eenc\u0103 sprijinit\u0103 pe u\u0219\u0103. \u0218i \u00eel priveam pe Toma. A\u0219teptam s\u0103 z\u00e2mbeasc\u0103. S\u0103 spun\u0103 c\u0103 a fost o glum\u0103 proast\u0103. N-a f\u0103cut-o. Mariana sorbea lini\u0219tit\u0103 din cafea. Izabela \u00ee\u0219i mu\u0219ca satisf\u0103cut\u0103 dintr-un covrig. &#8230; <a title=\"De c\u00e2nd mama \u0219i sora mea s-au mutat aici, nu mai e\u0219ti st\u0103p\u00e2na casei. F\u0103r\u0103 acordul lor, nici m\u0103car s\u0103 nu m\u0103n\u00e2nci. \u00cen clipa aceea am \u00een\u021beles c\u0103 so\u021bul meu nu-mi mai luase doar lini\u0219tea\u2026 \u00eencerca s\u0103-mi ia \u0219i casa pe care mi-o l\u0103sase tata.\" class=\"read-more\" href=\"https:\/\/stiri-faine.com\/?p=5541\" aria-label=\"Read more about De c\u00e2nd mama \u0219i sora mea s-au mutat aici, nu mai e\u0219ti st\u0103p\u00e2na casei. F\u0103r\u0103 acordul lor, nici m\u0103car s\u0103 nu m\u0103n\u00e2nci. \u00cen clipa aceea am \u00een\u021beles c\u0103 so\u021bul meu nu-mi mai luase doar lini\u0219tea\u2026 \u00eencerca s\u0103-mi ia \u0219i casa pe care mi-o l\u0103sase tata.\">Read more<\/a><\/p>\n","protected":false},"author":1,"featured_media":0,"comment_status":"open","ping_status":"open","sticky":false,"template":"","format":"standard","meta":{"footnotes":""},"categories":[1],"tags":[],"class_list":["post-5541","post","type-post","status-publish","format-standard","hentry","category-uncategorized"],"_links":{"self":[{"href":"https:\/\/stiri-faine.com\/index.php?rest_route=\/wp\/v2\/posts\/5541","targetHints":{"allow":["GET"]}}],"collection":[{"href":"https:\/\/stiri-faine.com\/index.php?rest_route=\/wp\/v2\/posts"}],"about":[{"href":"https:\/\/stiri-faine.com\/index.php?rest_route=\/wp\/v2\/types\/post"}],"author":[{"embeddable":true,"href":"https:\/\/stiri-faine.com\/index.php?rest_route=\/wp\/v2\/users\/1"}],"replies":[{"embeddable":true,"href":"https:\/\/stiri-faine.com\/index.php?rest_route=%2Fwp%2Fv2%2Fcomments&post=5541"}],"version-history":[{"count":0,"href":"https:\/\/stiri-faine.com\/index.php?rest_route=\/wp\/v2\/posts\/5541\/revisions"}],"wp:attachment":[{"href":"https:\/\/stiri-faine.com\/index.php?rest_route=%2Fwp%2Fv2%2Fmedia&parent=5541"}],"wp:term":[{"taxonomy":"category","embeddable":true,"href":"https:\/\/stiri-faine.com\/index.php?rest_route=%2Fwp%2Fv2%2Fcategories&post=5541"},{"taxonomy":"post_tag","embeddable":true,"href":"https:\/\/stiri-faine.com\/index.php?rest_route=%2Fwp%2Fv2%2Ftags&post=5541"}],"curies":[{"name":"wp","href":"https:\/\/api.w.org\/{rel}","templated":true}]}}