{"id":5540,"date":"2026-08-27T21:03:32","date_gmt":"2026-08-27T21:03:32","guid":{"rendered":"https:\/\/stiri-faine.com\/?p=5540"},"modified":"2026-08-27T21:03:32","modified_gmt":"2026-08-27T21:03:32","slug":"cand-fiul-meu-de-26-de-ani-a-intrat-in-casa-tinand-de-mana-o-femeie-aproape-de-varsta-mea-am-simtit-ca-mi-se-prabuseste-lumea-cinci-minute-mai-tarziu-i-am-dat-afara-pe-amandoi-abia-dupa-aceea-am-i-3","status":"publish","type":"post","link":"https:\/\/stiri-faine.com\/?p=5540","title":{"rendered":"C\u00e2nd fiul meu de 26 de ani a intrat \u00een cas\u0103 \u021bin\u00e2nd de m\u00e2n\u0103 o femeie aproape de v\u00e2rsta mea, am sim\u021bit c\u0103 mi se pr\u0103bu\u0219e\u0219te lumea. Cinci minute mai t\u00e2rziu, i-am dat afar\u0103 pe am\u00e2ndoi. Abia dup\u0103 aceea am \u00eenceput s\u0103 m\u0103 \u00eentreb dac\u0103 nu cumva gre\u0219isem tocmai fa\u021b\u0103 de omul pentru care tr\u0103isem o via\u021b\u0103 \u00eentreag\u0103."},"content":{"rendered":"<p>Sofia s-a ridicat \u00eencet de la mas\u0103.<\/p>\n<p>Nu \u0219i-a pierdut calmul.<\/p>\n<p>\u0218i-a luat geanta de pe sp\u0103tarul scaunului \u0219i s-a uitat pentru o clip\u0103 la mine.<\/p>\n<p>\u00cen ochii ei nu era furie.<\/p>\n<p>Nici dispre\u021b.<\/p>\n<p>Doar triste\u021be.<\/p>\n<p>Lucian a r\u0103mas nemi\u0219cat.<\/p>\n<p>\u2014 Mam\u0103\u2026 vorbe\u0219ti serios?<\/p>\n<p>\u2014 Foarte serios.<\/p>\n<p>Nu pot accepta a\u0219a ceva.<\/p>\n<p>Nu dup\u0103 tot ce am f\u0103cut pentru tine.<\/p>\n<p>El \u0219i-a trecut m\u00e2na prin p\u0103r \u0219i a oftat ad\u00e2nc.<\/p>\n<p>\u2014 Tocmai pentru c\u0103 ai f\u0103cut at\u00e2t de multe pentru mine, speram s\u0103 m\u0103 cuno\u0219ti mai bine.<\/p>\n<p>Nu sunt un copil.<\/p>\n<p>\u0218tiu ce aleg.<\/p>\n<p>Am \u00eentors privirea.<\/p>\n<p>Nu voiam s\u0103-l v\u0103d.<\/p>\n<p>Nu voiam s\u0103 aud.<\/p>\n<p>\u00cen clipa aceea eram convins\u0103 c\u0103 femeia aceea \u00eel manipulase.<\/p>\n<p>Sofia i-a atins u\u0219or bra\u021bul.<\/p>\n<p>\u2014 Hai, Lucian.<\/p>\n<p>Au ie\u0219it f\u0103r\u0103 scandal.<\/p>\n<p>F\u0103r\u0103 repro\u0219uri.<\/p>\n<p>U\u0219a s-a \u00eenchis \u00eencet.<\/p>\n<p>Iar eu am r\u0103mas singur\u0103 \u00een sufrageria \u00een care, cu doar o or\u0103 \u00eenainte, visam la cea mai frumoas\u0103 zi din via\u021ba mea.<\/p>\n<p>\u00cen noaptea aceea n-am dormit deloc.<\/p>\n<p>Mergeam dintr-o camer\u0103 \u00een alta.<\/p>\n<p>\u00cemi repetam c\u0103 f\u0103cusem ceea ce trebuia.<\/p>\n<p>\u0218i totu\u0219i\u2026<\/p>\n<p>de fiecare dat\u0103 c\u00e2nd \u00eenchideam ochii, \u00eemi ap\u0103rea chipul lui Lucian.<\/p>\n<p>Nu furios.<\/p>\n<p>Ci dezam\u0103git.<\/p>\n<p>Au trecut aproape zece zile f\u0103r\u0103 s\u0103 m\u0103 sune.<\/p>\n<p>\u00centr-o diminea\u021b\u0103 am primit un singur mesaj.<\/p>\n<p>\u201eMam\u0103, trebuie s\u0103 vorbim.\u201d<\/p>\n<p>L-am invitat acas\u0103.<\/p>\n<p>A venit singur.<\/p>\n<p>Avea cearc\u0103ne \u0219i p\u0103rea mult mai matur dec\u00e2t \u00eel v\u0103zusem vreodat\u0103.<\/p>\n<p>S-a a\u0219ezat \u00een fa\u021ba mea.<\/p>\n<p>\u2014 Nu vreau s\u0103 aleg \u00eentre femeia pe care o iubesc \u0219i mama care m-a crescut.<\/p>\n<p>Dar nici nu pot tr\u0103i dac\u0103 una dintre voi o ur\u0103\u0219te pe cealalt\u0103.<\/p>\n<p>Am r\u0103mas t\u0103cut\u0103.<\/p>\n<p>\u2014 Sofia nu este ceea ce crezi.<\/p>\n<p>Nu urm\u0103re\u0219te banii mei.<\/p>\n<p>Nu urm\u0103re\u0219te nimic.<\/p>\n<p>Este profesor universitar.<\/p>\n<p>Face voluntariat.<\/p>\n<p>Ajut\u0103 copii din familii s\u0103race s\u0103 intre la facultate.<\/p>\n<p>Am \u00eencercat s\u0103 protestez.<\/p>\n<p>\u2014 Lucian\u2026<\/p>\n<p>are aproape v\u00e2rsta mea.<\/p>\n<p>El a z\u00e2mbit trist.<\/p>\n<p>\u2014 Mam\u0103\u2026<\/p>\n<p>eu nu m-am \u00eendr\u0103gostit de certificatul ei de na\u0219tere.<\/p>\n<p>M-am \u00eendr\u0103gostit de omul care este.<\/p>\n<p>Cuvintele lui m-au urm\u0103rit zile \u00eentregi.<\/p>\n<p>Dup\u0103 \u00eenc\u0103 o s\u0103pt\u0103m\u00e2n\u0103 i-am scris.<\/p>\n<p>\u201eDac\u0103 mai vrea s\u0103 vin\u0103\u2026 o invit la cin\u0103.\u201d<\/p>\n<p>Au venit s\u00e2mb\u0103t\u0103.<\/p>\n<p>Recunosc.<\/p>\n<p>\u00cemi tremurau m\u00e2inile c\u00e2nd le-am deschis u\u0219a.<\/p>\n<p>Sofia mi-a \u00eentins un buchet simplu de flori.<\/p>\n<p>\u2014 Mul\u021bumesc c\u0103 mi-a\u021bi mai dat o \u0219ans\u0103.<\/p>\n<p>Seara a \u00eenceput st\u00e2ngaci.<\/p>\n<p>Dar, \u00eencet-\u00eencet, am \u00eenceput s\u0103 vorbim.<\/p>\n<p>Despre c\u0103r\u021bi.<\/p>\n<p>Despre munc\u0103.<\/p>\n<p>Despre copii pe care \u00eei preg\u0103tea gratuit pentru admiterea la facultate.<\/p>\n<p>Despre p\u0103rin\u021bii ei.<\/p>\n<p>Despre via\u021b\u0103.<\/p>\n<p>Pentru prima dat\u0103 nu mai vedeam doar diferen\u021ba de v\u00e2rst\u0103.<\/p>\n<p>\u00cencepeam s\u0103 v\u0103d femeia.<\/p>\n<p>Dup\u0103 cin\u0103, Sofia a venit cu mine \u00een buc\u0103t\u0103rie s\u0103 str\u00e2ngem masa.<\/p>\n<p>Acolo mi-a spus \u00eencet:<\/p>\n<p>\u2014 \u0218tiu c\u0103 v\u0103 este team\u0103.<\/p>\n<p>Nu pentru c\u0103 sunt eu.<\/p>\n<p>Ci pentru c\u0103 sim\u021bi\u021bi c\u0103 cineva v\u0103 ia locul.<\/p>\n<p>Am r\u0103mas f\u0103r\u0103 r\u0103spuns.<\/p>\n<p>Pentru c\u0103 avea dreptate.<\/p>\n<p>Nu diferen\u021ba de v\u00e2rst\u0103 m\u0103 speriase cel mai tare.<\/p>\n<p>Ci g\u00e2ndul c\u0103 b\u0103iatul pentru care tr\u0103isem o via\u021b\u0103 \u00eentreag\u0103 nu mai avea nevoie de mine la fel ca \u00eenainte.<\/p>\n<p>Sofia mi-a z\u00e2mbit.<\/p>\n<p>\u2014 Nimeni nu poate lua locul unei mame.<\/p>\n<p>Eu doar sper s\u0103-mi g\u0103sesc locul l\u00e2ng\u0103 omul pe care \u00eel iubesc.<\/p>\n<p>\u00cen clipa aceea am sim\u021bit c\u0103 zidul dintre noi \u00eencepea s\u0103 se crape.<\/p>\n<p>Peste c\u00e2teva luni au venit din nou acas\u0103.<\/p>\n<p>De data aceasta cu o veste.<\/p>\n<p>\u2014 Mam\u0103\u2026<\/p>\n<p>am depus actele pentru c\u0103s\u0103torie.<\/p>\n<p>I-am privit pe am\u00e2ndoi.<\/p>\n<p>Apoi m-am apropiat de Sofia.<\/p>\n<p>\u0218i am \u00eembr\u0103\u021bi\u0219at-o.<\/p>\n<p>\u2014 \u00cenc\u0103 m\u0103 obi\u0219nuiesc cu ideea.<\/p>\n<p>Dar dac\u0103 fiul meu z\u00e2mbe\u0219te a\u0219a c\u00e2nd este l\u00e2ng\u0103 tine\u2026<\/p>\n<p>\u00eenseamn\u0103 c\u0103 Dumnezeu l-a dus exact unde trebuia.<\/p>\n<p>\u00cen ziua nun\u021bii am stat \u00een primul r\u00e2nd.<\/p>\n<p>Iar c\u00e2nd Lucian a venit s\u0103 m\u0103 \u00eembr\u0103\u021bi\u0219eze \u00eenainte de ceremonie, mi-a \u0219optit:<\/p>\n<p>\u2014 Mul\u021bumesc c\u0103 ai ales s\u0103 m\u0103 pierzi ca b\u0103iat\u2026<\/p>\n<p>ca s\u0103 m\u0103 c\u00e2\u0219tigi ca b\u0103rbat.<\/p>\n<p>Atunci am \u00een\u021beles c\u0103 niciun p\u0103rinte nu-\u0219i pierde copilul c\u00e2nd acesta se c\u0103s\u0103tore\u0219te.<\/p>\n<p>\u00cel vede doar \u00eencep\u00e2nd propria lui familie.<\/p>\n","protected":false},"excerpt":{"rendered":"<p>Sofia s-a ridicat \u00eencet de la mas\u0103. Nu \u0219i-a pierdut calmul. \u0218i-a luat geanta de pe sp\u0103tarul scaunului \u0219i s-a uitat pentru o clip\u0103 la mine. \u00cen ochii ei nu era furie. Nici dispre\u021b. Doar triste\u021be. Lucian a r\u0103mas nemi\u0219cat. \u2014 Mam\u0103\u2026 vorbe\u0219ti serios? \u2014 Foarte serios. Nu pot accepta a\u0219a ceva. Nu dup\u0103 tot &#8230; <a title=\"C\u00e2nd fiul meu de 26 de ani a intrat \u00een cas\u0103 \u021bin\u00e2nd de m\u00e2n\u0103 o femeie aproape de v\u00e2rsta mea, am sim\u021bit c\u0103 mi se pr\u0103bu\u0219e\u0219te lumea. Cinci minute mai t\u00e2rziu, i-am dat afar\u0103 pe am\u00e2ndoi. Abia dup\u0103 aceea am \u00eenceput s\u0103 m\u0103 \u00eentreb dac\u0103 nu cumva gre\u0219isem tocmai fa\u021b\u0103 de omul pentru care tr\u0103isem o via\u021b\u0103 \u00eentreag\u0103.\" class=\"read-more\" href=\"https:\/\/stiri-faine.com\/?p=5540\" aria-label=\"Read more about C\u00e2nd fiul meu de 26 de ani a intrat \u00een cas\u0103 \u021bin\u00e2nd de m\u00e2n\u0103 o femeie aproape de v\u00e2rsta mea, am sim\u021bit c\u0103 mi se pr\u0103bu\u0219e\u0219te lumea. Cinci minute mai t\u00e2rziu, i-am dat afar\u0103 pe am\u00e2ndoi. Abia dup\u0103 aceea am \u00eenceput s\u0103 m\u0103 \u00eentreb dac\u0103 nu cumva gre\u0219isem tocmai fa\u021b\u0103 de omul pentru care tr\u0103isem o via\u021b\u0103 \u00eentreag\u0103.\">Read more<\/a><\/p>\n","protected":false},"author":1,"featured_media":0,"comment_status":"open","ping_status":"open","sticky":false,"template":"","format":"standard","meta":{"footnotes":""},"categories":[1],"tags":[],"class_list":["post-5540","post","type-post","status-publish","format-standard","hentry","category-uncategorized"],"_links":{"self":[{"href":"https:\/\/stiri-faine.com\/index.php?rest_route=\/wp\/v2\/posts\/5540","targetHints":{"allow":["GET"]}}],"collection":[{"href":"https:\/\/stiri-faine.com\/index.php?rest_route=\/wp\/v2\/posts"}],"about":[{"href":"https:\/\/stiri-faine.com\/index.php?rest_route=\/wp\/v2\/types\/post"}],"author":[{"embeddable":true,"href":"https:\/\/stiri-faine.com\/index.php?rest_route=\/wp\/v2\/users\/1"}],"replies":[{"embeddable":true,"href":"https:\/\/stiri-faine.com\/index.php?rest_route=%2Fwp%2Fv2%2Fcomments&post=5540"}],"version-history":[{"count":0,"href":"https:\/\/stiri-faine.com\/index.php?rest_route=\/wp\/v2\/posts\/5540\/revisions"}],"wp:attachment":[{"href":"https:\/\/stiri-faine.com\/index.php?rest_route=%2Fwp%2Fv2%2Fmedia&parent=5540"}],"wp:term":[{"taxonomy":"category","embeddable":true,"href":"https:\/\/stiri-faine.com\/index.php?rest_route=%2Fwp%2Fv2%2Fcategories&post=5540"},{"taxonomy":"post_tag","embeddable":true,"href":"https:\/\/stiri-faine.com\/index.php?rest_route=%2Fwp%2Fv2%2Ftags&post=5540"}],"curies":[{"name":"wp","href":"https:\/\/api.w.org\/{rel}","templated":true}]}}