{"id":5535,"date":"2026-08-27T21:02:36","date_gmt":"2026-08-27T21:02:36","guid":{"rendered":"https:\/\/stiri-faine.com\/?p=5535"},"modified":"2026-08-27T21:02:36","modified_gmt":"2026-08-27T21:02:36","slug":"sotul-meu-nu-pierdea-nicio-ocazie-sa-mi-spuna-ca-sunt-doar-o-taranca-in-ziua-in-care-un-avocat-a-batut-la-usa-noastra-si-a-rostit-numele-tatalui-meu-omul-care-ma-umilise-ani-intreg-3","status":"publish","type":"post","link":"https:\/\/stiri-faine.com\/?p=5535","title":{"rendered":"So\u021bul meu nu pierdea nicio ocazie s\u0103-mi spun\u0103 c\u0103 sunt doar o \u201e\u021b\u0103ranc\u0103\u201d. \u00cen ziua \u00een care un avocat a b\u0103tut la u\u0219a noastr\u0103 \u0219i a rostit numele tat\u0103lui meu, omul care m\u0103 umilise ani \u00eentregi a \u00een\u021beles c\u0103 nu \u0219tia aproape nimic despre femeia cu care se c\u0103s\u0103torise."},"content":{"rendered":"<p>Andrei a izbucnit primul.<\/p>\n<p>\u2014 Cred c\u0103 este o gre\u0219eal\u0103.<\/p>\n<p>Avocatul \u0219i-a deschis servieta \u0219i a scos un dosar gros.<\/p>\n<p>\u2014 Nu este nicio gre\u0219eal\u0103. Am verificat totul de mai multe ori. Domnul Adrian Popescu, tat\u0103l biologic al doamnei Eliana, a locuit \u00een M\u00fcnchen aproape treizeci de ani. A decedat anul trecut \u0219i a l\u0103sat un testament autentificat. \u00cen el se precizeaz\u0103 foarte clar c\u0103 \u00eentreaga avere \u00eei revine fiicei sale.<\/p>\n<p>Soacra mea a f\u0103cut un pas \u00eenainte.<\/p>\n<p>\u2014 Despre ce avere vorbim?<\/p>\n<p>Avocatul a r\u0103spuns f\u0103r\u0103 nicio emo\u021bie.<\/p>\n<p>\u2014 O vil\u0103 \u00een M\u00fcnchen, mai multe investi\u021bii \u0219i conturi bancare. Valoarea estimat\u0103 dep\u0103\u0219e\u0219te \u0219apte milioane de euro.<\/p>\n<p>Pentru c\u00e2teva secunde nimeni nu a mai spus nimic.<\/p>\n<p>Andrei m\u0103 privea ca \u0219i cum m-ar fi v\u0103zut pentru prima dat\u0103.<\/p>\n<p>\u2014 Eliana\u2026 tu \u0219tiai?<\/p>\n<p>Am cl\u0103tinat \u00eencet din cap.<\/p>\n<p>\u2014 Nu.<\/p>\n<p>Avocatul mi-a \u00eentins o map\u0103.<\/p>\n<p>\u2014 \u00cen\u0103untru este \u0219i o scrisoare pe care tat\u0103l dumneavoastr\u0103 a l\u0103sat-o pentru dumneavoastr\u0103.<\/p>\n<p>M\u00e2inile \u00eemi tremurau.<\/p>\n<p>Dup\u0103 ce avocatul a plecat, lini\u0219tea din cas\u0103 s-a schimbat complet.<\/p>\n<p>Soacra mea a fost prima care a z\u00e2mbit.<\/p>\n<p>Un z\u00e2mbet pe care nu-l mai v\u0103zusem niciodat\u0103.<\/p>\n<p>\u2014 Ei, vezi? Tot familia r\u0103m\u00e2ne aproape.<\/p>\n<p>Am privit-o f\u0103r\u0103 s\u0103 r\u0103spund.<\/p>\n<p>Andrei s-a apropiat \u0219i mi-a luat m\u00e2na.<\/p>\n<p>Acela\u0219i om care, cu o or\u0103 \u00eenainte, m\u0103 numise \u201e\u021b\u0103ranc\u0103\u201d.<\/p>\n<p>\u2014 Iubita mea\u2026 cred c\u0103 \u00een ultimii ani am fost prea stresat. Am gre\u0219it \u0219i eu\u2026<\/p>\n<p>Mi-am retras m\u00e2na.<\/p>\n<p>\u2014 Chiar azi diminea\u021b\u0103 spuneai c\u0103 ai f\u0103cut cea mai mare gre\u0219eal\u0103 din via\u021ba ta c\u00e2nd te-ai \u00eensurat cu mine.<\/p>\n<p>A r\u0103mas f\u0103r\u0103 cuvinte.<\/p>\n<p>Soacra a intervenit imediat.<\/p>\n<p>\u2014 Las\u0103 trecutul. Important este viitorul vostru. O s\u0103 merge\u021bi \u00eempreun\u0103 \u00een Germania. O s\u0103 v\u0103 cump\u0103ra\u021bi o cas\u0103 \u0219i\u2026<\/p>\n<p>Am ridicat palma.<\/p>\n<p>\u2014 Destul.<\/p>\n<p>Era pentru prima dat\u0103 c\u00e2nd o \u00eentrerupeam.<\/p>\n<p>\u2014 \u0218apte ani m-a\u021bi f\u0103cut s\u0103 cred c\u0103 nu valorez nimic.<\/p>\n<p>\u0218apte ani am fost prea de la \u021bar\u0103.<\/p>\n<p>Prea simpl\u0103.<\/p>\n<p>Prea ru\u0219inoas\u0103 pentru prietenii vo\u0219tri.<\/p>\n<p>Prea pu\u021bin educat\u0103.<\/p>\n<p>Prea pu\u021bin bun\u0103.<\/p>\n<p>\u0218i acum, dintr-odat\u0103, sunt suficient de bun\u0103?<\/p>\n<p>Niciunul nu \u00eendr\u0103znea s\u0103 m\u0103 priveasc\u0103 \u00een ochi.<\/p>\n<p>M-am dus \u00een dormitor \u0219i am scos o valiz\u0103.<\/p>\n<p>Andrei a venit dup\u0103 mine.<\/p>\n<p>\u2014 Eliana, te rog\u2026 putem \u00eencepe din nou.<\/p>\n<p>Am continuat s\u0103 \u00eemp\u0103turesc hainele.<\/p>\n<p>\u2014 Nu.<\/p>\n<p>\u2014 \u00ce\u021bi jur c\u0103 m-am schimbat.<\/p>\n<p>L-am privit pentru prima dat\u0103 f\u0103r\u0103 team\u0103.<\/p>\n<p>\u2014 Nu.<\/p>\n<p>Tu nu te-ai schimbat.<\/p>\n<p>S-a schimbat doar suma din testament.<\/p>\n<p>A r\u0103mas nemi\u0219cat.<\/p>\n<p>\u0218tia c\u0103 am dreptate.<\/p>\n<p>Am luat valiza \u0219i, \u00eenainte s\u0103 ies, m-am \u00eentors spre ei.<\/p>\n<p>\u2014 Ani la r\u00e2nd a\u021bi \u00eencercat s\u0103 m\u0103 convinge\u021bi c\u0103 sunt o femeie f\u0103r\u0103 valoare.<\/p>\n<p>Ast\u0103zi am \u00een\u021beles c\u0103 singurii s\u0103raci din casa asta nu eram eu.<\/p>\n<p>Apoi am \u00eenchis u\u0219a.<\/p>\n<p>Dou\u0103 s\u0103pt\u0103m\u00e2ni mai t\u00e2rziu eram la M\u00fcnchen.<\/p>\n<p>Notarul mi-a \u00eenm\u00e2nat cheile casei \u0219i o scrisoare.<\/p>\n<p>Am desf\u0103cut-o cu emo\u021bie.<\/p>\n<p>\u201eDraga mea Eliana,<\/p>\n<p>Dac\u0103 cite\u0219ti aceste r\u00e2nduri, \u00eenseamn\u0103 c\u0103 am ajuns prea t\u00e2rziu ca s\u0103-\u021bi cer iertare.<\/p>\n<p>Nu exist\u0103 zi \u00een care s\u0103 nu fi regretat c\u0103 nu am avut curajul s\u0103 lupt pentru tine.<\/p>\n<p>Nu pot schimba trecutul.<\/p>\n<p>Dar sper ca ceea ce \u00ee\u021bi las s\u0103-\u021bi ofere libertatea pe care eu nu am avut puterea s\u0103 \u021bi-o ofer c\u00e2nd erai copil.<\/p>\n<p>Te rog doar at\u00e2t:<\/p>\n<p>Nu l\u0103sa niciodat\u0103 pe nimeni s\u0103-\u021bi spun\u0103 c\u00e2t valorezi.<\/p>\n<p>Cu drag,Tata.\u201d<\/p>\n<p>Am pl\u00e2ns pentru prima dat\u0103 dup\u0103 mul\u021bi ani.<\/p>\n<p>Nu pentru bani.<\/p>\n<p>Ci pentru c\u0103, pentru prima dat\u0103 \u00een via\u021b\u0103, cineva \u00eemi spusese c\u0103 merit mai mult.<\/p>\n<p>M-am \u00eentors \u00een Rom\u00e2nia dup\u0103 c\u00e2teva luni.<\/p>\n<p>Nu \u00eentr-un palat.<\/p>\n<p>Ci \u00eentr-o cas\u0103 frumoas\u0103, aproape de satul \u00een care crescusem.<\/p>\n<p>Mi-am \u00eendeplinit visul pe care \u00eel purtasem \u00een suflet \u00eenc\u0103 din copil\u0103rie.<\/p>\n<p>Am deschis un atelier de croitorie.<\/p>\n<p>\u00cen fiecare diminea\u021b\u0103 intram acolo z\u00e2mbind.<\/p>\n<p>\u00centr-o zi, pe geam, l-am v\u0103zut pe Andrei.<\/p>\n<p>A r\u0103mas c\u00e2teva clipe \u00een fa\u021ba vitrinei.<\/p>\n<p>Nu a intrat.<\/p>\n<p>Eu am ridicat privirea, i-am z\u00e2mbit politicos \u0219i mi-am continuat munca.<\/p>\n<p>Unele u\u0219i se \u00eenchid pentru totdeauna.<\/p>\n<p>Nu din r\u0103zbunare.<\/p>\n<p>Ci din respect pentru tine \u00eensu\u021bi.<\/p>\n","protected":false},"excerpt":{"rendered":"<p>Andrei a izbucnit primul. \u2014 Cred c\u0103 este o gre\u0219eal\u0103. Avocatul \u0219i-a deschis servieta \u0219i a scos un dosar gros. \u2014 Nu este nicio gre\u0219eal\u0103. Am verificat totul de mai multe ori. Domnul Adrian Popescu, tat\u0103l biologic al doamnei Eliana, a locuit \u00een M\u00fcnchen aproape treizeci de ani. A decedat anul trecut \u0219i a l\u0103sat &#8230; <a title=\"So\u021bul meu nu pierdea nicio ocazie s\u0103-mi spun\u0103 c\u0103 sunt doar o \u201e\u021b\u0103ranc\u0103\u201d. \u00cen ziua \u00een care un avocat a b\u0103tut la u\u0219a noastr\u0103 \u0219i a rostit numele tat\u0103lui meu, omul care m\u0103 umilise ani \u00eentregi a \u00een\u021beles c\u0103 nu \u0219tia aproape nimic despre femeia cu care se c\u0103s\u0103torise.\" class=\"read-more\" href=\"https:\/\/stiri-faine.com\/?p=5535\" aria-label=\"Read more about So\u021bul meu nu pierdea nicio ocazie s\u0103-mi spun\u0103 c\u0103 sunt doar o \u201e\u021b\u0103ranc\u0103\u201d. \u00cen ziua \u00een care un avocat a b\u0103tut la u\u0219a noastr\u0103 \u0219i a rostit numele tat\u0103lui meu, omul care m\u0103 umilise ani \u00eentregi a \u00een\u021beles c\u0103 nu \u0219tia aproape nimic despre femeia cu care se c\u0103s\u0103torise.\">Read more<\/a><\/p>\n","protected":false},"author":1,"featured_media":0,"comment_status":"open","ping_status":"open","sticky":false,"template":"","format":"standard","meta":{"footnotes":""},"categories":[1],"tags":[],"class_list":["post-5535","post","type-post","status-publish","format-standard","hentry","category-uncategorized"],"_links":{"self":[{"href":"https:\/\/stiri-faine.com\/index.php?rest_route=\/wp\/v2\/posts\/5535","targetHints":{"allow":["GET"]}}],"collection":[{"href":"https:\/\/stiri-faine.com\/index.php?rest_route=\/wp\/v2\/posts"}],"about":[{"href":"https:\/\/stiri-faine.com\/index.php?rest_route=\/wp\/v2\/types\/post"}],"author":[{"embeddable":true,"href":"https:\/\/stiri-faine.com\/index.php?rest_route=\/wp\/v2\/users\/1"}],"replies":[{"embeddable":true,"href":"https:\/\/stiri-faine.com\/index.php?rest_route=%2Fwp%2Fv2%2Fcomments&post=5535"}],"version-history":[{"count":0,"href":"https:\/\/stiri-faine.com\/index.php?rest_route=\/wp\/v2\/posts\/5535\/revisions"}],"wp:attachment":[{"href":"https:\/\/stiri-faine.com\/index.php?rest_route=%2Fwp%2Fv2%2Fmedia&parent=5535"}],"wp:term":[{"taxonomy":"category","embeddable":true,"href":"https:\/\/stiri-faine.com\/index.php?rest_route=%2Fwp%2Fv2%2Fcategories&post=5535"},{"taxonomy":"post_tag","embeddable":true,"href":"https:\/\/stiri-faine.com\/index.php?rest_route=%2Fwp%2Fv2%2Ftags&post=5535"}],"curies":[{"name":"wp","href":"https:\/\/api.w.org\/{rel}","templated":true}]}}