{"id":5517,"date":"2026-08-27T20:58:02","date_gmt":"2026-08-27T20:58:02","guid":{"rendered":"https:\/\/stiri-faine.com\/?p=5517"},"modified":"2026-08-27T20:58:02","modified_gmt":"2026-08-27T20:58:02","slug":"andreea-marin-a-facut-anuntul-dupa-11-ani-de-la-divortul-cu-stefan-banica-a-vrut-sa-se-stie-chiar-de-la-ea-2","status":"publish","type":"post","link":"https:\/\/stiri-faine.com\/?p=5517","title":{"rendered":"Andreea Marin a facut anuntul dupa 11 ani de la divortul cu Stefan Banica. A vrut sa se stie chiar de la ea"},"content":{"rendered":"<p>La un deceniu dup\u0103 finalizarea rela\u021biei sale cu \u0218tefan B\u0103nic\u0103, Andreea Marin revine \u00een aten\u021bia public\u0103 nu doar prin apari\u021bii elegante, ci \u0219i printr-un mesaj limpede legat de educa\u021bia \u0219i traiectoria fiicei lor, Violeta. \u00centr-un interviu recent, vedeta cunoscut\u0103 odinioar\u0103 drept \u201eZ\u00e2na Surprizelor\u201d a explicat cum se raporteaz\u0103, al\u0103turi de fostul ei so\u021b, la deciziile importante care privesc adolescenta.<\/p>\n<p>Andreea subliniaz\u0103 c\u0103, \u00een ciuda separ\u0103rii matrimoniale, rela\u021bia parental\u0103 r\u0103m\u00e2ne bazat\u0103 pe dialog \u0219i consens. Ea afirm\u0103 c\u0103 p\u0103rin\u021bii consult\u0103 \u0219i hot\u0103r\u0103sc \u00eempreun\u0103 \u00een chestiuni legate de viitorul \u0219colar \u0219i profesional al Violetei, urm\u0103rind s\u0103 \u00eei ofere un cadru stabil \u0219i coerent. \u00cen esen\u021b\u0103, cele dou\u0103 nume sonore men\u021bin o colaborare orientat\u0103 spre binele copilului.<\/p>\n<p>\u00cen v\u00e2rst\u0103 de 49 de ani, Andreea Marin a atras aten\u021bia publicului \u0219i printr-o transformare fizic\u0103 notabil\u0103: a sl\u0103bit vizibil \u0219i a revenit la o siluet\u0103 asem\u0103n\u0103toare cu cea din tinere\u021be, fapt remarcat \u00een paginile unei publica\u021bii glossy. Dincolo de imagine, accentul interviului a fost pus pe Violeta, care la 16 ani \u00eenregistreaz\u0103 progrese remarcabile at\u00e2t la nivel artistic, c\u00e2t \u0219i la nivel academic.<\/p>\n<p>P\u0103rin\u021bii au m\u0103rturisit c\u0103 fiica lor iube\u0219te muzica, dansul \u0219i teatrul, domenii \u00een care a demonstrat talent \u0219i implicare. Momentele recente, precum o apari\u021bie la Gala Performan\u021bei \u0219i a Excelen\u021bei, unde a fost premiat\u0103 \u0219i unde tat\u0103l ei a acompaniat-o la pian, au punctat acest parcurs. Andreea a precizat c\u0103 \u00eei \u00eencurajeaz\u0103 pasiunea artistic\u0103, chiar dac\u0103 Violeta \u0219i-ar dori, pe de alt\u0103 parte, s\u0103 urmeze Dreptul.<\/p>\n<p>\u201eLu\u0103m \u00eempreun\u0103 deciziile legate de viitorul ei, a\u015fa cum e firesc, n-a\u015f spune deloc despre Violeta c\u0103 e r\u0103sf\u0103\u0163at\u0103 de niciunul dintre noi, o responsabiliz\u0103m, dar o \u015fi iubim nespus, \u015fi ea \u015ftie asta. Violeta seam\u0103n\u0103 foarte mult cu mine: lupt\u0103toare, \u00eenc\u0103p\u0103\u0163\u00e2nat\u0103 \u00een a-\u015fi urma crezul, pentru ea nu exist\u0103 \u00abnu se poate\u00bb. M\u0103 reg\u0103sesc \u00een ea, a\u015fa cum eram odinioar\u0103\u2026\u201d, a declarat Andreea Marin.<\/p>\n<p>Astfel, p\u0103rin\u021bii aleg s\u0103 sus\u021bin\u0103 alegerile fiicei, l\u0103s\u00e2ndu-i libertatea de a explora direc\u021biile care o atrag, dar r\u0103m\u00e2n prezen\u021bi cu ghidare \u0219i sprijin. Din spusele Andreei rezult\u0103 un echilibru \u00eentre libertate \u0219i responsabilitate, iar familia pare hot\u0103r\u00e2t\u0103 s\u0103 ofere Violetei at\u00e2t suport emo\u021bional, c\u00e2t \u0219i oportunit\u0103\u021bi pentru a-\u015fi cultiva talentele.<\/p>\n<p>\u00cen contextul acestei familii cunoscute, deciziile parentale comune \u0219i respectul pentru op\u021biunile adolescentei r\u0103m\u00e2n elementele centrale ale mesajului f\u0103cut public de Andreea Marin.<\/p>\n","protected":false},"excerpt":{"rendered":"<p>La un deceniu dup\u0103 finalizarea rela\u021biei sale cu \u0218tefan B\u0103nic\u0103, Andreea Marin revine \u00een aten\u021bia public\u0103 nu doar prin apari\u021bii elegante, ci \u0219i printr-un mesaj limpede legat de educa\u021bia \u0219i traiectoria fiicei lor, Violeta. \u00centr-un interviu recent, vedeta cunoscut\u0103 odinioar\u0103 drept \u201eZ\u00e2na Surprizelor\u201d a explicat cum se raporteaz\u0103, al\u0103turi de fostul ei so\u021b, la deciziile &#8230; <a title=\"Andreea Marin a facut anuntul dupa 11 ani de la divortul cu Stefan Banica. A vrut sa se stie chiar de la ea\" class=\"read-more\" href=\"https:\/\/stiri-faine.com\/?p=5517\" aria-label=\"Read more about Andreea Marin a facut anuntul dupa 11 ani de la divortul cu Stefan Banica. A vrut sa se stie chiar de la ea\">Read more<\/a><\/p>\n","protected":false},"author":1,"featured_media":0,"comment_status":"open","ping_status":"open","sticky":false,"template":"","format":"standard","meta":{"footnotes":""},"categories":[1],"tags":[],"class_list":["post-5517","post","type-post","status-publish","format-standard","hentry","category-uncategorized"],"_links":{"self":[{"href":"https:\/\/stiri-faine.com\/index.php?rest_route=\/wp\/v2\/posts\/5517","targetHints":{"allow":["GET"]}}],"collection":[{"href":"https:\/\/stiri-faine.com\/index.php?rest_route=\/wp\/v2\/posts"}],"about":[{"href":"https:\/\/stiri-faine.com\/index.php?rest_route=\/wp\/v2\/types\/post"}],"author":[{"embeddable":true,"href":"https:\/\/stiri-faine.com\/index.php?rest_route=\/wp\/v2\/users\/1"}],"replies":[{"embeddable":true,"href":"https:\/\/stiri-faine.com\/index.php?rest_route=%2Fwp%2Fv2%2Fcomments&post=5517"}],"version-history":[{"count":0,"href":"https:\/\/stiri-faine.com\/index.php?rest_route=\/wp\/v2\/posts\/5517\/revisions"}],"wp:attachment":[{"href":"https:\/\/stiri-faine.com\/index.php?rest_route=%2Fwp%2Fv2%2Fmedia&parent=5517"}],"wp:term":[{"taxonomy":"category","embeddable":true,"href":"https:\/\/stiri-faine.com\/index.php?rest_route=%2Fwp%2Fv2%2Fcategories&post=5517"},{"taxonomy":"post_tag","embeddable":true,"href":"https:\/\/stiri-faine.com\/index.php?rest_route=%2Fwp%2Fv2%2Ftags&post=5517"}],"curies":[{"name":"wp","href":"https:\/\/api.w.org\/{rel}","templated":true}]}}