{"id":5514,"date":"2026-08-27T20:57:41","date_gmt":"2026-08-27T20:57:41","guid":{"rendered":"https:\/\/stiri-faine.com\/?p=5514"},"modified":"2026-08-27T20:57:41","modified_gmt":"2026-08-27T20:57:41","slug":"e-sigur-nicusor-dan-a-afirmat-noul-premier-vezi-mai-mult-2","status":"publish","type":"post","link":"https:\/\/stiri-faine.com\/?p=5514","title":{"rendered":"E SIGUR! Nicu\u0219or Dan a afirmat: \u201eNoul premier\u2026 Vezi mai mult"},"content":{"rendered":"<p>Criza politic\u0103 din Rom\u00e2nia ar putea ajunge la un deznod\u0103m\u00e2nt \u00een perioada urm\u0103toare, dup\u0103 ce pre\u0219edintele Nicu\u0219or Dan a anun\u021bat c\u0103 inten\u021bioneaz\u0103 s\u0103 desemneze un candidat pentru func\u021bia de prim-ministru \u00een jurul datei de 1 septembrie.<\/p>\n<p>\u00cen prezent, Rom\u00e2nia este condus\u0103 de guvernul interimar condus de Ilie Bolojan, \u00eens\u0103 negocierile politice din Parlament continu\u0103 pentru formarea unui executiv cu puteri depline. Social-democra\u021bii \u00eencearc\u0103 s\u0103 \u00ee\u0219i construiasc\u0103 propria majoritate \u0219i poart\u0103 discu\u021bii cu mai multe forma\u021biuni pentru a ob\u021bine num\u0103rul necesar de voturi pentru \u00eenvestire.<\/p>\n<p>Pentru aprobarea unui nou guvern sunt necesare233 de voturi. Potrivit informa\u021biilor provenite din zona politic\u0103, PSD ar avea \u00een acest moment aproximativ 180 de voturi \u0219i \u00eencearc\u0103 s\u0103 atrag\u0103 sprijin suplimentar, inclusiv din partea UDMR \u0219i a altor grupuri parlamentare.<\/p>\n<p>\u00cen spa\u021biul politic sunt vehiculate mai multe nume pentru func\u021bia de premier. Printre variantele luate \u00een calcul s-ar aflaSorin Grindeanu, din partea PSD, \u0219iAlexandru Nazare, de la PNL. Totu\u0219i, desemnarea oficial\u0103 apar\u021bine pre\u0219edintelui, iar negocierile pentru formarea unei majorit\u0103\u021bi parlamentare nu sunt \u00eenc\u0103 finalizate.<\/p>\n<p>Fostul premier PSD Mihai Tudose sus\u021bine c\u0103 partidul care de\u021bine cea mai important\u0103 reprezentare parlamentar\u0103 ar trebui s\u0103 aib\u0103 un rol decisiv \u00een desemnarea premierului. El a precizat c\u0103, p\u00e2n\u0103 \u00een prezent, nu a existat o discu\u021bie concret\u0103 privind o eventual\u0103 guvernare al\u0103turi de AUR, dar a l\u0103sat deschis\u0103 posibilitatea unor schimb\u0103ri \u00een negocieri.<\/p>\n<p>Social-democra\u021bii discut\u0103, de asemenea, cu grupul Uni\u021bi pentru Rom\u00e2nia, \u00een \u00eencercarea de a forma o majoritate suficient\u0103 pentru sus\u021binerea unui guvern minoritar. \u00cen func\u021bie de rezultatul negocierilor, PSD ar putea ajunge la un sprijin cuprins \u00eentre 233 \u0219i 240 de voturi.<\/p>\n<p>UDMR a transmis c\u0103 \u00ee\u0219i dore\u0219te dep\u0103\u0219irea c\u00e2t mai rapid\u0103 a blocajului politic \u0219i instalarea unui guvern cu puteri depline. Forma\u021biunea continu\u0103 \u00eens\u0103 discu\u021biile cu partidele implicate \u00een negocieri \u0219i a\u0219teapt\u0103 nominalizarea oficial\u0103 a premierului de c\u0103tre pre\u0219edinte.<\/p>\n<p>Nicu\u0219or Dan ar urma s\u0103 se \u00eent\u00e2lneasc\u0103 s\u0103pt\u0103m\u00e2na viitoare, la Palatul Cotroceni, cu liderii fostei coali\u021bii guvernamentale. Obiectivul pre\u0219edintelui este ca noul premier s\u0103 fie desemnat \u00een jurul datei de 1 septembrie, iar noul cabinet s\u0103 poat\u0103 fi \u00eenvestit la \u00eenceputul sesiunii parlamentare de toamn\u0103.<\/p>\n<p>\u00cen acest moment, \u00eens\u0103, negocierile politice continu\u0103, iar configura\u021bia viitoarei majorit\u0103\u021bi parlamentare r\u0103m\u00e2ne incert\u0103. Desemnarea premierului va reprezenta urm\u0103torul pas important \u00een \u00eencercarea de a pune cap\u0103t perioadei de instabilitate guvernamental\u0103.<\/p>\n","protected":false},"excerpt":{"rendered":"<p>Criza politic\u0103 din Rom\u00e2nia ar putea ajunge la un deznod\u0103m\u00e2nt \u00een perioada urm\u0103toare, dup\u0103 ce pre\u0219edintele Nicu\u0219or Dan a anun\u021bat c\u0103 inten\u021bioneaz\u0103 s\u0103 desemneze un candidat pentru func\u021bia de prim-ministru \u00een jurul datei de 1 septembrie. \u00cen prezent, Rom\u00e2nia este condus\u0103 de guvernul interimar condus de Ilie Bolojan, \u00eens\u0103 negocierile politice din Parlament continu\u0103 pentru &#8230; <a title=\"E SIGUR! Nicu\u0219or Dan a afirmat: \u201eNoul premier\u2026 Vezi mai mult\" class=\"read-more\" href=\"https:\/\/stiri-faine.com\/?p=5514\" aria-label=\"Read more about E SIGUR! Nicu\u0219or Dan a afirmat: \u201eNoul premier\u2026 Vezi mai mult\">Read more<\/a><\/p>\n","protected":false},"author":1,"featured_media":0,"comment_status":"open","ping_status":"open","sticky":false,"template":"","format":"standard","meta":{"footnotes":""},"categories":[1],"tags":[],"class_list":["post-5514","post","type-post","status-publish","format-standard","hentry","category-uncategorized"],"_links":{"self":[{"href":"https:\/\/stiri-faine.com\/index.php?rest_route=\/wp\/v2\/posts\/5514","targetHints":{"allow":["GET"]}}],"collection":[{"href":"https:\/\/stiri-faine.com\/index.php?rest_route=\/wp\/v2\/posts"}],"about":[{"href":"https:\/\/stiri-faine.com\/index.php?rest_route=\/wp\/v2\/types\/post"}],"author":[{"embeddable":true,"href":"https:\/\/stiri-faine.com\/index.php?rest_route=\/wp\/v2\/users\/1"}],"replies":[{"embeddable":true,"href":"https:\/\/stiri-faine.com\/index.php?rest_route=%2Fwp%2Fv2%2Fcomments&post=5514"}],"version-history":[{"count":0,"href":"https:\/\/stiri-faine.com\/index.php?rest_route=\/wp\/v2\/posts\/5514\/revisions"}],"wp:attachment":[{"href":"https:\/\/stiri-faine.com\/index.php?rest_route=%2Fwp%2Fv2%2Fmedia&parent=5514"}],"wp:term":[{"taxonomy":"category","embeddable":true,"href":"https:\/\/stiri-faine.com\/index.php?rest_route=%2Fwp%2Fv2%2Fcategories&post=5514"},{"taxonomy":"post_tag","embeddable":true,"href":"https:\/\/stiri-faine.com\/index.php?rest_route=%2Fwp%2Fv2%2Ftags&post=5514"}],"curies":[{"name":"wp","href":"https:\/\/api.w.org\/{rel}","templated":true}]}}