{"id":5511,"date":"2026-08-27T20:57:23","date_gmt":"2026-08-27T20:57:23","guid":{"rendered":"https:\/\/stiri-faine.com\/?p=5511"},"modified":"2026-08-27T20:57:23","modified_gmt":"2026-08-27T20:57:23","slug":"lovitura-b0mba-pentru-psd-demisie-cu-s0canta-2","status":"publish","type":"post","link":"https:\/\/stiri-faine.com\/?p=5511","title":{"rendered":"Lovitur\u0103 b0mb\u0103 pentru PSD! Demisie cu \u02190cant\u0103"},"content":{"rendered":"<p>Primarul municipiului Buz\u0103u, Constantin Toma, a anun\u021bat c\u0103 nu inten\u021bioneaz\u0103 s\u0103 mai candideze pentru un nou mandat din partea Partidului Social Democrat. Edilul ia \u00een calcul varianta unei candidaturi independente la alegerile locale din 2028, dup\u0103 ce, \u00een luna iunie, a renun\u021bat la toate func\u021biile de conducere pe care le de\u021binea \u00een organiza\u021biile PSD din Buz\u0103u.<\/p>\n<p>De\u0219i r\u0103m\u00e2ne, pentru moment, membru al partidului, Constantin Toma spune c\u0103 decizia de a nu mai candida sub sigla PSD \u00eei apar\u021bine \u0219i este una clar\u0103.<\/p>\n<p>\u201eIndependent este prima op\u021biune. Nu mai doresc s\u0103 candidez eu din partea PSD. Este decizia mea\u201d, a declarat primarul.<\/p>\n<p>Constantin Toma nu exclude sprijinul unui alt partidEdilul nu exclude posibilitatea de a beneficia, la viitoarele alegeri locale, de sus\u021binerea unei alte forma\u021biuni politice. Nu a precizat \u00eens\u0103 despre ce partid ar putea fi vorba.<\/p>\n<p>\u00cen schimb, Constantin Toma a afirmat c\u0103 nu ia \u00een calcul o colaborare cu AUR sau SOS Rom\u00e2nia.<\/p>\n<p>Pozi\u021bia sa marcheaz\u0103 o distan\u021bare tot mai evident\u0103 de PSD, partid pe listele c\u0103ruia a ob\u021binut mandatele de primar al municipiului Buz\u0103u.<\/p>\n<p>A renun\u021bat la func\u021biile de conducere din PSDPrimele semnale clare ale rupturii au ap\u0103rut la \u00eenceputul lunii iunie, c\u00e2nd Constantin Toma a demisionat at\u00e2t din func\u021bia de pre\u0219edinte al Organiza\u021biei Municipale PSD Buz\u0103u, c\u00e2t \u0219i din cea de prim-vicepre\u0219edinte al Organiza\u021biei Jude\u021bene.<\/p>\n<p>La acel moment, primarul a pus tensiunile din organiza\u021bia local\u0103 pe seama criticilor pe care le formulase la adresa conducerii centrale a partidului.<\/p>\n<p>Toma a sus\u021binut c\u0103 pozi\u021biile sale publice privind direc\u021bia PSD \u0219i situa\u021bia economic\u0103 a Rom\u00e2niei au contribuit la deteriorarea rela\u021biilor din interiorul forma\u021biunii.<\/p>\n<p>Critici dure la adresa conducerii PSD\u00cen ultimele luni, Constantin Toma a avut mai multe interven\u021bii critice fa\u021b\u0103 de partidul din care face parte.<\/p>\n<p>Edilul a cerut inclusiv alegeri anticipate \u0219i demisia lui Sorin Grindeanu, accentu\u00e2nd astfel ruptura fa\u021b\u0103 de actuala conducere social-democrat\u0103.<\/p>\n<p>Decizia de a nu mai candida din partea PSD arat\u0103 c\u0103 distan\u021barea sa nu se limiteaz\u0103 doar la func\u021biile interne din partid.<\/p>\n<p>Un scor electoral important la Buz\u0103uConstantin Toma se num\u0103r\u0103 printre primarii care au ob\u021binut rezultate puternice \u00een alegerile locale. La ultimele dou\u0103 scrutinuri pentru Prim\u0103ria Buz\u0103u, acesta a ob\u021binut aproximativ 78%, respectiv 67% din voturi.<\/p>\n<p>Aceste rezultate \u00eei ofer\u0103 o baz\u0103 electoral\u0103 solid\u0103 \u00een eventualitatea unei candidaturi independente.<\/p>\n<p>P\u00e2n\u0103 la alegerile locale din 2028, scena politic\u0103 poate suferi \u00eens\u0103 numeroase schimb\u0103ri. R\u0103m\u00e2ne de v\u0103zut dac\u0103 Toma va p\u0103r\u0103si oficial PSD sau dac\u0103 va merge \u00een alegeri ca independent, eventual cu sprijinul unei alte forma\u021biuni.<\/p>\n","protected":false},"excerpt":{"rendered":"<p>Primarul municipiului Buz\u0103u, Constantin Toma, a anun\u021bat c\u0103 nu inten\u021bioneaz\u0103 s\u0103 mai candideze pentru un nou mandat din partea Partidului Social Democrat. Edilul ia \u00een calcul varianta unei candidaturi independente la alegerile locale din 2028, dup\u0103 ce, \u00een luna iunie, a renun\u021bat la toate func\u021biile de conducere pe care le de\u021binea \u00een organiza\u021biile PSD din &#8230; <a title=\"Lovitur\u0103 b0mb\u0103 pentru PSD! Demisie cu \u02190cant\u0103\" class=\"read-more\" href=\"https:\/\/stiri-faine.com\/?p=5511\" aria-label=\"Read more about Lovitur\u0103 b0mb\u0103 pentru PSD! Demisie cu \u02190cant\u0103\">Read more<\/a><\/p>\n","protected":false},"author":1,"featured_media":0,"comment_status":"open","ping_status":"open","sticky":false,"template":"","format":"standard","meta":{"footnotes":""},"categories":[1],"tags":[],"class_list":["post-5511","post","type-post","status-publish","format-standard","hentry","category-uncategorized"],"_links":{"self":[{"href":"https:\/\/stiri-faine.com\/index.php?rest_route=\/wp\/v2\/posts\/5511","targetHints":{"allow":["GET"]}}],"collection":[{"href":"https:\/\/stiri-faine.com\/index.php?rest_route=\/wp\/v2\/posts"}],"about":[{"href":"https:\/\/stiri-faine.com\/index.php?rest_route=\/wp\/v2\/types\/post"}],"author":[{"embeddable":true,"href":"https:\/\/stiri-faine.com\/index.php?rest_route=\/wp\/v2\/users\/1"}],"replies":[{"embeddable":true,"href":"https:\/\/stiri-faine.com\/index.php?rest_route=%2Fwp%2Fv2%2Fcomments&post=5511"}],"version-history":[{"count":0,"href":"https:\/\/stiri-faine.com\/index.php?rest_route=\/wp\/v2\/posts\/5511\/revisions"}],"wp:attachment":[{"href":"https:\/\/stiri-faine.com\/index.php?rest_route=%2Fwp%2Fv2%2Fmedia&parent=5511"}],"wp:term":[{"taxonomy":"category","embeddable":true,"href":"https:\/\/stiri-faine.com\/index.php?rest_route=%2Fwp%2Fv2%2Fcategories&post=5511"},{"taxonomy":"post_tag","embeddable":true,"href":"https:\/\/stiri-faine.com\/index.php?rest_route=%2Fwp%2Fv2%2Ftags&post=5511"}],"curies":[{"name":"wp","href":"https:\/\/api.w.org\/{rel}","templated":true}]}}