{"id":5508,"date":"2026-08-27T20:57:01","date_gmt":"2026-08-27T20:57:01","guid":{"rendered":"https:\/\/stiri-faine.com\/?p=5508"},"modified":"2026-08-27T20:57:01","modified_gmt":"2026-08-27T20:57:01","slug":"rasturnare-de-situatie-a-fost-demis-pentru-incompetenta-si-apoivezi-mai-mult-2","status":"publish","type":"post","link":"https:\/\/stiri-faine.com\/?p=5508","title":{"rendered":"R\u0103sturnare de situa\u021bie. A fost demis pentru incompeten\u021b\u0103 \u0219i apoi\u2026Vezi mai mult"},"content":{"rendered":"<p>Premierul Ilie Bolojan a surprins administra\u021bia public\u0103 printr-o decizie nea\u0219teptat\u0103: la doar o lun\u0103 dup\u0103 ce l-a demis pe Alexandru Bogdan B\u0103lan din func\u021bia de pre\u0219edinte al Autoritatea Vamal\u0103 Rom\u00e2n\u0103, invoc\u00e2nd incompeten\u021ba, a decis s\u0103 \u00eel numeasc\u0103 vicepre\u0219edinte al aceleia\u0219i institu\u021bii.<\/p>\n<p>Hot\u0103r\u00e2rea a fost publicat\u0103 \u00een Monitorul Oficial \u0219i a generat numeroase reac\u021bii \u00een r\u00e2ndul speciali\u0219tilor din domeniu, dar \u0219i al jurnali\u0219tilor de investiga\u021bie.<\/p>\n<p>Alexandru Bogdan B\u0103lan nu este str\u0103in de controverse. Timp de nou\u0103 ani, acesta a fost urm\u0103rit penal de c\u0103tre Direc\u021bia Na\u021bional\u0103 Anticorup\u021bie (DNA) \u00eentr-un dosar care \u00eel viza pe omul de afaceri Florian Walter, fiind acuzat de abuz \u00een serviciu \u0219i fals intelectual.<\/p>\n<p>\u00cen mai 2025, procurorii au dispus clasarea cauzei, argument\u00e2nd c\u0103 faptele nu \u00eentruneau elementele constitutive ale infrac\u021biunii \u0219i c\u0103 nu exist\u0103 probe care s\u0103 demonstreze o \u00een\u021belegere \u00eentre B\u0103lan \u0219i reprezentan\u021bii societ\u0103\u021bilor implicate pentru ob\u021binerea unor avantaje fiscale.<\/p>\n<p>Conform solu\u021biei de clasare, nu au fost identificate nici urmarea imediat\u0103 a presupuselor fapte \u0219i nici un raport de cauzalitate, iar lipsa relei-credin\u021be a rezultat din absen\u021ba probelor care s\u0103 indice existen\u021ba unei \u00een\u021belegeri frauduloase.<\/p>\n<p>Pe 18 septembrie 2025, Alexandru Bogdan B\u0103lan fusese numit pre\u0219edinte al Autorit\u0103\u021bii Vamale Rom\u00e2ne la propunerea ministrului Finan\u021belor, Alexandru Nazare. \u00cen ianuarie 2026, premierul Ilie Bolojan l-a revocat din func\u021bie, invoc\u00e2nd \u201eincompeten\u021ba\u201d.<\/p>\n<p>La scurt timp \u00eens\u0103, acesta este readus \u00een conducerea institu\u021biei, de aceast\u0103 dat\u0103 \u00een func\u021bia de vicepre\u0219edinte, \u00eenlocuindu-l pe Mihai Savin, care fusese numit temporar pre\u0219edinte.<\/p>\n<p>Aceast\u0103 alternan\u021b\u0103 rapid\u0103 a alimentat controverse, mai ales \u00een contextul antecedentelor judiciare \u0219i al mesajului transmis public prin demiterea anterioar\u0103. Observatorii atrag aten\u021bia c\u0103 astfel de decizii pot afecta credibilitatea Autorit\u0103\u021bii Vamale Rom\u00e2ne, institu\u021bie-cheie pentru colectarea veniturilor bugetare \u0219i supravegherea comer\u021bului transfrontalier.<\/p>\n","protected":false},"excerpt":{"rendered":"<p>Premierul Ilie Bolojan a surprins administra\u021bia public\u0103 printr-o decizie nea\u0219teptat\u0103: la doar o lun\u0103 dup\u0103 ce l-a demis pe Alexandru Bogdan B\u0103lan din func\u021bia de pre\u0219edinte al Autoritatea Vamal\u0103 Rom\u00e2n\u0103, invoc\u00e2nd incompeten\u021ba, a decis s\u0103 \u00eel numeasc\u0103 vicepre\u0219edinte al aceleia\u0219i institu\u021bii. Hot\u0103r\u00e2rea a fost publicat\u0103 \u00een Monitorul Oficial \u0219i a generat numeroase reac\u021bii \u00een r\u00e2ndul &#8230; <a title=\"R\u0103sturnare de situa\u021bie. A fost demis pentru incompeten\u021b\u0103 \u0219i apoi\u2026Vezi mai mult\" class=\"read-more\" href=\"https:\/\/stiri-faine.com\/?p=5508\" aria-label=\"Read more about R\u0103sturnare de situa\u021bie. A fost demis pentru incompeten\u021b\u0103 \u0219i apoi\u2026Vezi mai mult\">Read more<\/a><\/p>\n","protected":false},"author":1,"featured_media":0,"comment_status":"open","ping_status":"open","sticky":false,"template":"","format":"standard","meta":{"footnotes":""},"categories":[1],"tags":[],"class_list":["post-5508","post","type-post","status-publish","format-standard","hentry","category-uncategorized"],"_links":{"self":[{"href":"https:\/\/stiri-faine.com\/index.php?rest_route=\/wp\/v2\/posts\/5508","targetHints":{"allow":["GET"]}}],"collection":[{"href":"https:\/\/stiri-faine.com\/index.php?rest_route=\/wp\/v2\/posts"}],"about":[{"href":"https:\/\/stiri-faine.com\/index.php?rest_route=\/wp\/v2\/types\/post"}],"author":[{"embeddable":true,"href":"https:\/\/stiri-faine.com\/index.php?rest_route=\/wp\/v2\/users\/1"}],"replies":[{"embeddable":true,"href":"https:\/\/stiri-faine.com\/index.php?rest_route=%2Fwp%2Fv2%2Fcomments&post=5508"}],"version-history":[{"count":0,"href":"https:\/\/stiri-faine.com\/index.php?rest_route=\/wp\/v2\/posts\/5508\/revisions"}],"wp:attachment":[{"href":"https:\/\/stiri-faine.com\/index.php?rest_route=%2Fwp%2Fv2%2Fmedia&parent=5508"}],"wp:term":[{"taxonomy":"category","embeddable":true,"href":"https:\/\/stiri-faine.com\/index.php?rest_route=%2Fwp%2Fv2%2Fcategories&post=5508"},{"taxonomy":"post_tag","embeddable":true,"href":"https:\/\/stiri-faine.com\/index.php?rest_route=%2Fwp%2Fv2%2Ftags&post=5508"}],"curies":[{"name":"wp","href":"https:\/\/api.w.org\/{rel}","templated":true}]}}