{"id":5505,"date":"2026-08-27T20:56:46","date_gmt":"2026-08-27T20:56:46","guid":{"rendered":"https:\/\/stiri-faine.com\/?p=5505"},"modified":"2026-08-27T20:56:46","modified_gmt":"2026-08-27T20:56:46","slug":"s0c-pe-scena-politica-amendamentul-fritz-a-2","status":"publish","type":"post","link":"https:\/\/stiri-faine.com\/?p=5505","title":{"rendered":"\u02180C pe scena politic\u0103! \u201eAmendamentul Fritz\u201d a\u2026"},"content":{"rendered":"<p>Petri\u0219or Peiu, liderul senatorilor AUR, a anun\u021bat c\u0103 nu va participa la votul programat miercuri \u00een Senat pentru Legea integrit\u0103\u021bii, act normativ care include \u0219i controversatul \u201eamendament Fritz\u201d.<\/p>\n<p>Senatorul a mers mai departe \u0219i a transmis c\u0103 este preg\u0103tit s\u0103 demisioneze din func\u021bia de lider al grupului AUR dac\u0103 partidul va sus\u021bine legea \u00een forma actual\u0103.<\/p>\n<p>Peiu \u0219i-a motivat decizia prin nevoia de consecven\u021b\u0103 politic\u0103, afirm\u00e2nd c\u0103 nu poate sus\u021bine ast\u0103zi un lucru pe care l-a respins anterior.<\/p>\n<p>Peiu: \u201eNu pot accepta s\u0103 fac ceva azi \u0219i m\u00e2ine altceva\u201dPozi\u021bia senatorului este \u00een linie cu atitudinea pe care a avut-o \u0219i la \u00eenceputul lunii august, atunci c\u00e2nd nu a participat la votul asupra Legii integrit\u0103\u021bii.<\/p>\n<p>Ulterior, acesta a criticat \u0219i amendamentul care extindea obliga\u021biile privind declara\u021biile de avere \u0219i de interese la persoane aflate \u00een \u201erela\u021bii asem\u0103n\u0103toare acelora dintre so\u021bi\u201d cu demnitarii.<\/p>\n<p>Formularea a provocat numeroase controverse, \u00een special din cauza lipsei unei defini\u021bii juridice clare. Curtea Constitu\u021bional\u0103 a declarat ulterior neconstitu\u021bional\u0103 sintagma respectiv\u0103.<\/p>\n<p>\u201eAmendamentul Fritz\u201d, \u00een centrul unei noi disputeSeparat, a\u0219a-numitul \u201eamendament Fritz\u201d a fost introdus \u00een Legea integrit\u0103\u021bii, considerat\u0103 jalon \u00een cadrul PNRR.<\/p>\n<p>Prevederea a fost sus\u021binut\u0103 anterior de PSD \u0219i AUR, \u00eens\u0103 criticii s\u0103i au sus\u021binut c\u0103 ar putea produce efecte retroactive \u0219i c\u0103 ar fi fost conceput\u0103 special pentru a-l afecta pe Dominic Fritz.<\/p>\n<p>Legea a ajuns \u0219i la Curtea Constitu\u021bional\u0103, unde prevederea contestat\u0103 a fost declarat\u0103 constitu\u021bional\u0103 de majoritatea judec\u0103torilor.<\/p>\n<p>Petri\u0219or Peiu critic\u0103 lipsa de consecven\u021b\u0103 din partid\u00centr-un mesaj publicat pe Facebook, liderul senatorilor AUR a explicat c\u0103 pozi\u021biile partidului s-au schimbat de mai multe ori \u00een timpul traseului legislativ.<\/p>\n<p>Potrivit acestuia, pe 30 iulie le-a propus colegilor s\u0103 sus\u021bin\u0103 legea, \u00eens\u0103 senatorii AUR s-au ab\u021binut. Ulterior, deputa\u021bii partidului au votat \u00eempotriva proiectului, f\u0103r\u0103 s\u0103 se consulte cu el.<\/p>\n<p>Peiu sus\u021bine c\u0103 nu a impus niciodat\u0103 senatorilor cum s\u0103 voteze \u0219i c\u0103 fiecare parlamentar a avut libertatea de a decide potrivit propriei convingeri.<\/p>\n<p>\u201eOnoarea de a nu vota azi ceea ce ai respins ieri. Sau m\u0103car de a explica de ce ai f\u0103cut-o\u201d, a transmis senatorul.<\/p>\n<p>Acesta a insistat c\u0103 politica ar trebui f\u0103cut\u0103 cu mai mult\u0103 consecven\u021b\u0103, transparen\u021b\u0103 \u0219i autonomie de decizie.<\/p>\n<p>\u00cen aceste condi\u021bii, votul din Senat risc\u0103 s\u0103 provoace noi tensiuni \u00een interiorul AUR, mai ales dac\u0103 forma\u021biunea va decide s\u0103 sus\u021bin\u0103 Legea integrit\u0103\u021bii \u00een ciuda pozi\u021biei exprimate public de liderul grupului s\u0103u parlamentar.<\/p>\n","protected":false},"excerpt":{"rendered":"<p>Petri\u0219or Peiu, liderul senatorilor AUR, a anun\u021bat c\u0103 nu va participa la votul programat miercuri \u00een Senat pentru Legea integrit\u0103\u021bii, act normativ care include \u0219i controversatul \u201eamendament Fritz\u201d. Senatorul a mers mai departe \u0219i a transmis c\u0103 este preg\u0103tit s\u0103 demisioneze din func\u021bia de lider al grupului AUR dac\u0103 partidul va sus\u021bine legea \u00een forma &#8230; <a title=\"\u02180C pe scena politic\u0103! \u201eAmendamentul Fritz\u201d a\u2026\" class=\"read-more\" href=\"https:\/\/stiri-faine.com\/?p=5505\" aria-label=\"Read more about \u02180C pe scena politic\u0103! \u201eAmendamentul Fritz\u201d a\u2026\">Read more<\/a><\/p>\n","protected":false},"author":1,"featured_media":0,"comment_status":"open","ping_status":"open","sticky":false,"template":"","format":"standard","meta":{"footnotes":""},"categories":[1],"tags":[],"class_list":["post-5505","post","type-post","status-publish","format-standard","hentry","category-uncategorized"],"_links":{"self":[{"href":"https:\/\/stiri-faine.com\/index.php?rest_route=\/wp\/v2\/posts\/5505","targetHints":{"allow":["GET"]}}],"collection":[{"href":"https:\/\/stiri-faine.com\/index.php?rest_route=\/wp\/v2\/posts"}],"about":[{"href":"https:\/\/stiri-faine.com\/index.php?rest_route=\/wp\/v2\/types\/post"}],"author":[{"embeddable":true,"href":"https:\/\/stiri-faine.com\/index.php?rest_route=\/wp\/v2\/users\/1"}],"replies":[{"embeddable":true,"href":"https:\/\/stiri-faine.com\/index.php?rest_route=%2Fwp%2Fv2%2Fcomments&post=5505"}],"version-history":[{"count":0,"href":"https:\/\/stiri-faine.com\/index.php?rest_route=\/wp\/v2\/posts\/5505\/revisions"}],"wp:attachment":[{"href":"https:\/\/stiri-faine.com\/index.php?rest_route=%2Fwp%2Fv2%2Fmedia&parent=5505"}],"wp:term":[{"taxonomy":"category","embeddable":true,"href":"https:\/\/stiri-faine.com\/index.php?rest_route=%2Fwp%2Fv2%2Fcategories&post=5505"},{"taxonomy":"post_tag","embeddable":true,"href":"https:\/\/stiri-faine.com\/index.php?rest_route=%2Fwp%2Fv2%2Ftags&post=5505"}],"curies":[{"name":"wp","href":"https:\/\/api.w.org\/{rel}","templated":true}]}}