{"id":5498,"date":"2026-08-27T20:55:12","date_gmt":"2026-08-27T20:55:12","guid":{"rendered":"https:\/\/stiri-faine.com\/?p=5498"},"modified":"2026-08-27T20:55:12","modified_gmt":"2026-08-27T20:55:12","slug":"victor-ponta-iesire-exploziva-stapanii-lui-fritz-si-ai-usr-ne-au","status":"publish","type":"post","link":"https:\/\/stiri-faine.com\/?p=5498","title":{"rendered":"Victor Ponta, IE\u0218IRE EXPLOZIV\u0102! \u201eSt\u0103p\u00e2nii lui Fritz \u0219i ai USR ne-au\u2026"},"content":{"rendered":"\n<p class=\"wp-block-paragraph\">Victor Ponta a reac\u021bionat vehement dup\u0103 ce grupurile PPE \u0219i Renew Europe din Parlamentul European au cerut Comisiei Europene s\u0103 analizeze blocarea unei pl\u0103\u021bi de aproximativ 770 de milioane de euro din PNRR pentru Rom\u00e2nia.<\/p>\n\n\n\n<p class=\"wp-block-paragraph\">Fostul premier sus\u021bine c\u0103 solicitarea reprezint\u0103 o form\u0103 de presiune politic\u0103 asupra Bucure\u0219tiului \u0219i acuz\u0103 faptul c\u0103 Rom\u00e2nia ar fi tratat\u0103 \u201eca o colonie\u201d atunci c\u00e2nd deciziile interne \u00eei afecteaz\u0103 pe politicienii sus\u021binu\u021bi de anumite familii europene.<\/p>\n\n\n\n<p class=\"wp-block-paragraph\">Ponta atac\u0103 dur PPE \u0219i Renew<br>Victor Ponta a publicat un mesaj amplu pe re\u021belele sociale, \u00een care a criticat pozi\u021bia celor dou\u0103 grupuri europene \u0219i a legat solicitarea de situa\u021bia primarului Timi\u0219oarei, Dominic Fritz.<\/p>\n\n\n\n<p class=\"wp-block-paragraph\">Fostul premier consider\u0103 c\u0103 reac\u021bia de la Bruxelles vine \u00een contextul modific\u0103rilor discutate la Legea Agen\u021biei Na\u021bionale de Integritate \u0219i sus\u021bine c\u0103 institu\u021biile europene ar interveni politic \u00eentr-o chestiune care \u021bine de legisla\u021bia \u0219i deciziile din Rom\u00e2nia.<\/p>\n\n\n\n<p class=\"wp-block-paragraph\">Ponta a folosit un limbaj extrem de dur \u0219i a afirmat c\u0103 Rom\u00e2nia nu ar trebui s\u0103 accepte asemenea presiuni f\u0103r\u0103 reac\u021bie.<\/p>\n\n\n\n<p class=\"wp-block-paragraph\">Ce solicit\u0103 PPE \u0219i Renew<br>Potrivit unei scrisori ajunse \u00een presa european\u0103, reprezentan\u021bii PPE \u0219i Renew Europe i-au cerut pre\u0219edintei Comisiei Europene, Ursula von der Leyen, s\u0103 nu trateze plata celor 770 de milioane de euro din PNRR exclusiv ca pe o chestiune tehnic\u0103.<\/p>\n\n\n\n<p class=\"wp-block-paragraph\">Semnatarii solicit\u0103 verificarea modului \u00een care reforma legisla\u021biei privind integritatea respect\u0103 principiile statului de drept.<\/p>\n\n\n\n<p class=\"wp-block-paragraph\">\u00cen document este exprimat\u0103 temerea c\u0103 modific\u0103rile legislative ar putea fi folosite \u00een scop politic \u0219i ar putea avea efecte directe asupra unor ale\u0219i, inclusiv asupra lui Dominic Fritz.<\/p>\n\n\n\n<p class=\"wp-block-paragraph\">Ponta acuz\u0103 un dublu standard<br>Victor Ponta sus\u021bine c\u0103 situa\u021bia demonstreaz\u0103 existen\u021ba unui dublu standard \u0219i afirm\u0103 c\u0103 anumite forma\u021biuni europene ar reac\u021biona diferit atunci c\u00e2nd sunt afecta\u021bi politicieni apropia\u021bi de ele.<\/p>\n\n\n\n<p class=\"wp-block-paragraph\">El a invocat \u0219i faptul c\u0103 partide rom\u00e2ne\u0219ti membre ale PPE au sus\u021binut anterior modific\u0103ri legislative legate de ANI, argument\u00e2nd c\u0103 aceste aspecte ar trebui analizate \u00een cadrul institu\u021biilor rom\u00e2ne\u0219ti, nu prin amenin\u021barea bloc\u0103rii fondurilor europene.<\/p>\n\n\n\n<p class=\"wp-block-paragraph\">Miza este una important\u0103 pentru Rom\u00e2nia<br>Suma de aproximativ 770 de milioane de euro reprezint\u0103 o component\u0103 important\u0103 a fondurilor europene alocate Rom\u00e2niei prin PNRR.<\/p>\n\n\n\n<p class=\"wp-block-paragraph\">Deocamdat\u0103, solicitarea PPE \u0219i Renew reprezint\u0103 un apel politic adresat Comisiei Europene, nu o decizie definitiv\u0103 de suspendare a banilor.<\/p>\n\n\n\n<p class=\"wp-block-paragraph\">Comisia European\u0103 este cea care trebuie s\u0103 analizeze dac\u0103 reformele asumate de Rom\u00e2nia respect\u0103 condi\u021biile stabilite pentru deblocarea fondurilor.<\/p>\n\n\n\n<p class=\"wp-block-paragraph\">Disputa risc\u0103 \u00eens\u0103 s\u0103 amplifice tensiunile politice at\u00e2t \u00een Rom\u00e2nia, c\u00e2t \u0219i \u00eentre Bucure\u0219ti \u0219i anumite grupuri influente din Parlamentul European.<\/p>\n","protected":false},"excerpt":{"rendered":"<p>Victor Ponta a reac\u021bionat vehement dup\u0103 ce grupurile PPE \u0219i Renew Europe din Parlamentul European au cerut Comisiei Europene s\u0103 analizeze blocarea unei pl\u0103\u021bi de aproximativ 770 de milioane de euro din PNRR pentru Rom\u00e2nia. Fostul premier sus\u021bine c\u0103 solicitarea reprezint\u0103 o form\u0103 de presiune politic\u0103 asupra Bucure\u0219tiului \u0219i acuz\u0103 faptul c\u0103 Rom\u00e2nia ar fi &#8230; <a title=\"Victor Ponta, IE\u0218IRE EXPLOZIV\u0102! \u201eSt\u0103p\u00e2nii lui Fritz \u0219i ai USR ne-au\u2026\" class=\"read-more\" href=\"https:\/\/stiri-faine.com\/?p=5498\" aria-label=\"Read more about Victor Ponta, IE\u0218IRE EXPLOZIV\u0102! \u201eSt\u0103p\u00e2nii lui Fritz \u0219i ai USR ne-au\u2026\">Read more<\/a><\/p>\n","protected":false},"author":1,"featured_media":0,"comment_status":"open","ping_status":"open","sticky":false,"template":"","format":"standard","meta":{"footnotes":""},"categories":[1],"tags":[],"class_list":["post-5498","post","type-post","status-publish","format-standard","hentry","category-uncategorized"],"_links":{"self":[{"href":"https:\/\/stiri-faine.com\/index.php?rest_route=\/wp\/v2\/posts\/5498","targetHints":{"allow":["GET"]}}],"collection":[{"href":"https:\/\/stiri-faine.com\/index.php?rest_route=\/wp\/v2\/posts"}],"about":[{"href":"https:\/\/stiri-faine.com\/index.php?rest_route=\/wp\/v2\/types\/post"}],"author":[{"embeddable":true,"href":"https:\/\/stiri-faine.com\/index.php?rest_route=\/wp\/v2\/users\/1"}],"replies":[{"embeddable":true,"href":"https:\/\/stiri-faine.com\/index.php?rest_route=%2Fwp%2Fv2%2Fcomments&post=5498"}],"version-history":[{"count":1,"href":"https:\/\/stiri-faine.com\/index.php?rest_route=\/wp\/v2\/posts\/5498\/revisions"}],"predecessor-version":[{"id":5500,"href":"https:\/\/stiri-faine.com\/index.php?rest_route=\/wp\/v2\/posts\/5498\/revisions\/5500"}],"wp:attachment":[{"href":"https:\/\/stiri-faine.com\/index.php?rest_route=%2Fwp%2Fv2%2Fmedia&parent=5498"}],"wp:term":[{"taxonomy":"category","embeddable":true,"href":"https:\/\/stiri-faine.com\/index.php?rest_route=%2Fwp%2Fv2%2Fcategories&post=5498"},{"taxonomy":"post_tag","embeddable":true,"href":"https:\/\/stiri-faine.com\/index.php?rest_route=%2Fwp%2Fv2%2Ftags&post=5498"}],"curies":[{"name":"wp","href":"https:\/\/api.w.org\/{rel}","templated":true}]}}