{"id":5496,"date":"2026-08-27T20:54:38","date_gmt":"2026-08-27T20:54:38","guid":{"rendered":"https:\/\/stiri-faine.com\/?p=5496"},"modified":"2026-08-27T20:54:38","modified_gmt":"2026-08-27T20:54:38","slug":"procurorii-lui-kovesi-au-descins-la-omul-lui-dominic-fritz-din-usr-scandalvezi-mai-mult-2","status":"publish","type":"post","link":"https:\/\/stiri-faine.com\/?p=5496","title":{"rendered":"Procurorii lui Kovesi au descins la omul lui Dominic Fritz din USR. Scandal\u2026Vezi mai mult"},"content":{"rendered":"<p>Prefectul jude\u021bului Timi\u0219, Cornelia Elena Micicoi, \u0219i-a \u00eenaintat demisia din func\u021bie \u00een urma unor perchezi\u021bii efectuate de procurorii Parchetului European (EPPO), coordona\u021bi de Laura Codru\u021ba Kovesi, \u00eentr-un dosar privind o posibil\u0103 fraud\u0103 cu fonduri europene.<\/p>\n<p>Ancheta vizeaz\u0103 un proiect european derulat printr-o asocia\u021bie condus\u0103 anterior de Cornelia Elena Micicoi, privind servicii de integrare profesional\u0103 pentru persoane vulnerabile. Potrivit informa\u021biilor din dosar, prejudiciul estimat se ridic\u0103 la c\u00e2teva sute de mii de euro, iar cercet\u0103rile includ suspiciuni de constituire de grup infrac\u021bional, fals \u00een acte \u0219i ob\u021binere ilegal\u0103 de fonduri europene.<\/p>\n<p>Procurorii au efectuat mai multe perchezi\u021bii \u00een jude\u021bul Timi\u0219, inclusiv la domiciliul prefectului, la sediul fostei asocia\u021bii \u0219i la alte loca\u021bii relevante pentru anchet\u0103.<\/p>\n<p>Cornelia Elena Micicoi a respins acuza\u021biile \u0219i a sus\u021binut c\u0103 este nevinovat\u0103, preciz\u00e2nd c\u0103 va colabora cu autorit\u0103\u021bile pentru clarificarea situa\u021biei.<\/p>\n<p>\u201eNu am nimic de ascuns, sunt nevinovat\u0103\u201d, a declarat aceasta.<\/p>\n<p>Ulterior, ea a explicat c\u0103 a decis s\u0103 renun\u021be la func\u021bia de prefect pentru a-\u0219i proteja reputa\u021bia \u0219i familia, dar \u0219i pentru a evita afectarea institu\u021biei pe care o conducea.<\/p>\n<p>De asemenea, a subliniat c\u0103 nu are nicio calitate procesual\u0103 \u00een dosar \u0219i c\u0103 nu a fost audiat\u0103 sau citat\u0103 p\u00e2n\u0103 \u00een acest moment.<\/p>\n<p>Dosarul vizeaz\u0103 un proiect european implementat prin asocia\u021bia Pro Office, legat de integrarea profesional\u0103 a persoanelor aflate \u00een dificultate. Potrivit declara\u021biilor fostului prefect, proiectul ar fi fost verificat anterior de autorit\u0103\u021bile competente, iar eventualele sume neeligibile identificate ar fi fost returnate conform procedurilor.<\/p>\n<p>Ea sus\u021bine c\u0103 nu au fost g\u0103site nereguli la perchezi\u021bii \u0219i c\u0103 toate documentele solicitate au fost puse la dispozi\u021bia anchetatorilor.<\/p>\n<p>Micicoi a anun\u021bat c\u0103 \u00ee\u0219i \u00eenainteaz\u0103 demisia din func\u021bia de prefect al jude\u021bului Timi\u0219, afirm\u00e2nd c\u0103 decizia \u00eei apar\u021bine \u00een totalitate \u0219i c\u0103 va continua s\u0103 \u00ee\u0219i apere imaginea \u00een afara func\u021biei publice.<\/p>\n<p>Demisia survine \u00een contextul unei anchete aflate \u00een desf\u0103\u0219urare, aflat\u0103 \u00eentr-o etap\u0103 incipient\u0103, autorit\u0103\u021bile urm\u00e2nd s\u0103 stabileasc\u0103 \u00een continuare eventualele responsabilit\u0103\u021bi.<\/p>\n","protected":false},"excerpt":{"rendered":"<p>Prefectul jude\u021bului Timi\u0219, Cornelia Elena Micicoi, \u0219i-a \u00eenaintat demisia din func\u021bie \u00een urma unor perchezi\u021bii efectuate de procurorii Parchetului European (EPPO), coordona\u021bi de Laura Codru\u021ba Kovesi, \u00eentr-un dosar privind o posibil\u0103 fraud\u0103 cu fonduri europene. Ancheta vizeaz\u0103 un proiect european derulat printr-o asocia\u021bie condus\u0103 anterior de Cornelia Elena Micicoi, privind servicii de integrare profesional\u0103 pentru &#8230; <a title=\"Procurorii lui Kovesi au descins la omul lui Dominic Fritz din USR. Scandal\u2026Vezi mai mult\" class=\"read-more\" href=\"https:\/\/stiri-faine.com\/?p=5496\" aria-label=\"Read more about Procurorii lui Kovesi au descins la omul lui Dominic Fritz din USR. Scandal\u2026Vezi mai mult\">Read more<\/a><\/p>\n","protected":false},"author":1,"featured_media":0,"comment_status":"open","ping_status":"open","sticky":false,"template":"","format":"standard","meta":{"footnotes":""},"categories":[1],"tags":[],"class_list":["post-5496","post","type-post","status-publish","format-standard","hentry","category-uncategorized"],"_links":{"self":[{"href":"https:\/\/stiri-faine.com\/index.php?rest_route=\/wp\/v2\/posts\/5496","targetHints":{"allow":["GET"]}}],"collection":[{"href":"https:\/\/stiri-faine.com\/index.php?rest_route=\/wp\/v2\/posts"}],"about":[{"href":"https:\/\/stiri-faine.com\/index.php?rest_route=\/wp\/v2\/types\/post"}],"author":[{"embeddable":true,"href":"https:\/\/stiri-faine.com\/index.php?rest_route=\/wp\/v2\/users\/1"}],"replies":[{"embeddable":true,"href":"https:\/\/stiri-faine.com\/index.php?rest_route=%2Fwp%2Fv2%2Fcomments&post=5496"}],"version-history":[{"count":0,"href":"https:\/\/stiri-faine.com\/index.php?rest_route=\/wp\/v2\/posts\/5496\/revisions"}],"wp:attachment":[{"href":"https:\/\/stiri-faine.com\/index.php?rest_route=%2Fwp%2Fv2%2Fmedia&parent=5496"}],"wp:term":[{"taxonomy":"category","embeddable":true,"href":"https:\/\/stiri-faine.com\/index.php?rest_route=%2Fwp%2Fv2%2Fcategories&post=5496"},{"taxonomy":"post_tag","embeddable":true,"href":"https:\/\/stiri-faine.com\/index.php?rest_route=%2Fwp%2Fv2%2Ftags&post=5496"}],"curies":[{"name":"wp","href":"https:\/\/api.w.org\/{rel}","templated":true}]}}