{"id":5490,"date":"2026-08-27T20:54:04","date_gmt":"2026-08-27T20:54:04","guid":{"rendered":"https:\/\/stiri-faine.com\/?p=5490"},"modified":"2026-08-27T20:54:04","modified_gmt":"2026-08-27T20:54:04","slug":"ordin-dur-de-la-uniunea-europeana-diana-sosoaca-este-obligata-sa-vezi-mai-mult-2","status":"publish","type":"post","link":"https:\/\/stiri-faine.com\/?p=5490","title":{"rendered":"ORDIN DUR de la Uniunea European\u0103! Diana \u0218o\u0219oac\u0103 este obligat\u0103 s\u0103\u2026 Vezi mai mult"},"content":{"rendered":"<p>Diana \u0218o\u0219oac\u0103 a reac\u021bionat la decizia de ridicare a imunit\u0103\u021bii sale parlamentare, subliniind c\u0103 nu are de g\u00e2nd s\u0103 se retrag\u0103 din arena politic\u0103. Eurodeputata afirm\u0103 c\u0103 presiunile exercitate asupra sa nu vor avea influen\u021b\u0103 \u00een determinarea alegerilor sale.<\/p>\n<p>\u00cen aprilie 2026, Parlamentul European a decis s\u0103 ridice par\u021bial imunitatea Dianei \u0218o\u0219oac\u0103, \u00een urma unei solicit\u0103ri venite din partea autorit\u0103\u021bilor judiciare rom\u00e2ne. Aceast\u0103 m\u0103sur\u0103 a fost aplicat\u0103 \u00een contextul mai multor proceduri penale, printre acuza\u021biile formulate num\u0103r\u00e2ndu-se promovarea ideilor legionare, rasiste sau xenofobe, al\u0103turi de alte fapte care sunt sub investiga\u021bie de c\u0103tre procurorii din Rom\u00e2nia.<\/p>\n<p>Diana \u0218o\u0219oac\u0103 a contestat aceast\u0103 hot\u0103r\u00e2re a Parlamentului European, adres\u00e2ndu-se Tribunalului Uniunii Europene. Ea a solicitat inclusiv suspendarea temporar\u0103 a execut\u0103rii deciziei, \u00een a\u0219teptarea solu\u021bion\u0103rii cazului principal.<\/p>\n<p>Cu toate acestea, instan\u021ba european\u0103 i-a respins cererea de suspendare. Aceast\u0103 decizie a fost pronun\u021bat\u0103 \u00een luna iulie, iar ac\u021biunea principal\u0103 \u00een care eurodeputata cere anularea hot\u0103r\u00e2rii Parlamentului European continu\u0103 s\u0103 fie procesat\u0103.<\/p>\n<p>\u00cen aceast\u0103 situa\u021bie, Diana \u0218o\u0219oac\u0103 \u00ee\u0219i p\u0103streaz\u0103 un ton combativ, afirm\u00e2nd c\u0103 nu va abandona activitatea politic\u0103.<\/p>\n<p>Ea a criticat \u00een mod constant procedurile judiciare care au fost ini\u021biate \u00eempotriva sa \u0219i a atras aten\u021bia asupra existen\u021bei unor presiuni politice. Pe de alt\u0103 parte, raportul Comisiei pentru afaceri juridice a Parlamentului European a stabilit c\u0103 nu exist\u0103 dovezi care s\u0103 sugereze c\u0103 aceste proceduri judiciare au fost ini\u021biate cu inten\u021bia de a-i afecta activitatea politic\u0103.<\/p>\n<p>Ridicarea imunit\u0103\u021bii nu constituie o condamnare \u0219i nu determin\u0103 vinov\u0103\u021bia eurodeputatei. Totu\u0219i, aceasta permite continuarea proceselor judiciare legate de faptele pentru care Parlamentul European a aprobat ridicarea protec\u021biei parlamentare.<\/p>\n<p>Astfel, Diana \u0218o\u0219oac\u0103 se afl\u0103 \u00een mijlocul unei dispute at\u00e2t juridice, c\u00e2t \u0219i politice, care se desf\u0103\u0219oar\u0103 at\u00e2t \u00een Rom\u00e2nia, c\u00e2t \u0219i la nivel european. P\u00e2n\u0103 la o decizie final\u0103 a instan\u021belor, procesul de contestare a hot\u0103r\u00e2rii Parlamentului European va continua.<\/p>\n","protected":false},"excerpt":{"rendered":"<p>Diana \u0218o\u0219oac\u0103 a reac\u021bionat la decizia de ridicare a imunit\u0103\u021bii sale parlamentare, subliniind c\u0103 nu are de g\u00e2nd s\u0103 se retrag\u0103 din arena politic\u0103. Eurodeputata afirm\u0103 c\u0103 presiunile exercitate asupra sa nu vor avea influen\u021b\u0103 \u00een determinarea alegerilor sale. \u00cen aprilie 2026, Parlamentul European a decis s\u0103 ridice par\u021bial imunitatea Dianei \u0218o\u0219oac\u0103, \u00een urma unei &#8230; <a title=\"ORDIN DUR de la Uniunea European\u0103! Diana \u0218o\u0219oac\u0103 este obligat\u0103 s\u0103\u2026 Vezi mai mult\" class=\"read-more\" href=\"https:\/\/stiri-faine.com\/?p=5490\" aria-label=\"Read more about ORDIN DUR de la Uniunea European\u0103! Diana \u0218o\u0219oac\u0103 este obligat\u0103 s\u0103\u2026 Vezi mai mult\">Read more<\/a><\/p>\n","protected":false},"author":1,"featured_media":0,"comment_status":"open","ping_status":"open","sticky":false,"template":"","format":"standard","meta":{"footnotes":""},"categories":[1],"tags":[],"class_list":["post-5490","post","type-post","status-publish","format-standard","hentry","category-uncategorized"],"_links":{"self":[{"href":"https:\/\/stiri-faine.com\/index.php?rest_route=\/wp\/v2\/posts\/5490","targetHints":{"allow":["GET"]}}],"collection":[{"href":"https:\/\/stiri-faine.com\/index.php?rest_route=\/wp\/v2\/posts"}],"about":[{"href":"https:\/\/stiri-faine.com\/index.php?rest_route=\/wp\/v2\/types\/post"}],"author":[{"embeddable":true,"href":"https:\/\/stiri-faine.com\/index.php?rest_route=\/wp\/v2\/users\/1"}],"replies":[{"embeddable":true,"href":"https:\/\/stiri-faine.com\/index.php?rest_route=%2Fwp%2Fv2%2Fcomments&post=5490"}],"version-history":[{"count":0,"href":"https:\/\/stiri-faine.com\/index.php?rest_route=\/wp\/v2\/posts\/5490\/revisions"}],"wp:attachment":[{"href":"https:\/\/stiri-faine.com\/index.php?rest_route=%2Fwp%2Fv2%2Fmedia&parent=5490"}],"wp:term":[{"taxonomy":"category","embeddable":true,"href":"https:\/\/stiri-faine.com\/index.php?rest_route=%2Fwp%2Fv2%2Fcategories&post=5490"},{"taxonomy":"post_tag","embeddable":true,"href":"https:\/\/stiri-faine.com\/index.php?rest_route=%2Fwp%2Fv2%2Ftags&post=5490"}],"curies":[{"name":"wp","href":"https:\/\/api.w.org\/{rel}","templated":true}]}}