{"id":5489,"date":"2026-08-27T20:54:17","date_gmt":"2026-08-27T20:54:17","guid":{"rendered":"https:\/\/stiri-faine.com\/?p=5489"},"modified":"2026-08-27T20:54:18","modified_gmt":"2026-08-27T20:54:18","slug":"s0c-in-romania-rusia-ne-da-un-ultimatum-joi-27-august","status":"publish","type":"post","link":"https:\/\/stiri-faine.com\/?p=5489","title":{"rendered":"\u02180C \u00ceN ROM\u00c2NIA! Rusia ne d\u0103 un ultimatum: Joi, 27 august\u2026"},"content":{"rendered":"\n<p class=\"wp-block-paragraph\">Tensiunile diplomatice dintre Rom\u00e2nia \u0219i Rusia se amplific\u0103 dup\u0103 seria de incidente cu drone care au afectat spa\u021biul aerian rom\u00e2nesc. Liliana Burda, \u00eens\u0103rcinatul cu afaceri al Rom\u00e2niei la Moscova, a fost convocat\u0103 joi, 27 august 2026, la Ministerul Afacerilor Externe al Federa\u021biei Ruse. Informa\u021bia a fost confirmat\u0103 at\u00e2t de partea rus\u0103, c\u00e2t \u0219i de Ministerul rom\u00e2n de Externe.<\/p>\n\n\n\n<p class=\"wp-block-paragraph\">Convocarea vine \u00eentr-un context diplomatic extrem de tensionat, la aproximativ o lun\u0103 dup\u0103 ce Rom\u00e2nia l-a convocat pe ambasadorul Rusiei la Bucure\u0219ti, \u00een urma \u00eenc\u0103lc\u0103rilor repetate ale spa\u021biului aerian na\u021bional.<\/p>\n\n\n\n<p class=\"wp-block-paragraph\">Rom\u00e2nia a dobor\u00e2t trei drone \u00een luna iulie<br>\u00cen perioada 24\u201326 iulie 2026, Armata Rom\u00e2n\u0103 a dobor\u00e2t trei drone care p\u0103trunseser\u0103 neautorizat \u00een spa\u021biul aerian al \u021b\u0103rii. Ulterior, autorit\u0103\u021bile rom\u00e2ne au prezentat reprezentan\u021bilor ru\u0219i fragmente recuperate de la unul dintre aparatele distruse, iar investiga\u021biile au indicat provenien\u021ba ruseasc\u0103 a componentelor.<\/p>\n\n\n\n<p class=\"wp-block-paragraph\">\u00cen urma acestor incidente, Bucure\u0219tiul a decis \u0219i declararea unui membru al misiunii diplomatice ruse drept persona non grata.<\/p>\n\n\n\n<p class=\"wp-block-paragraph\">Moscova a transmis atunci c\u0103 nu inten\u021bioneaz\u0103 s\u0103 \u00ee\u0219i retrag\u0103 ambasadorul din Rom\u00e2nia pentru consult\u0103ri, \u00eens\u0103 a avertizat c\u0103 m\u0103surile adoptate de Bucure\u0219ti vor primi un r\u0103spuns.<\/p>\n\n\n\n<p class=\"wp-block-paragraph\">MAE rom\u00e2n: convocarea vine probabil ca reac\u021bie la m\u0103surile Bucure\u0219tiului<br>Ministerul Afacerilor Externe de la Bucure\u0219ti a confirmat convocarea Lilianei Burda \u0219i a precizat c\u0103 aceasta este cel mai probabil o reac\u021bie la m\u0103surile diplomatice adoptate de Rom\u00e2nia dup\u0103 incidentele generate de r\u0103zboiul Rusiei \u00eempotriva Ucrainei.<\/p>\n\n\n\n<p class=\"wp-block-paragraph\">Vizita diplomatului rom\u00e2n la sediul MAE rus a fost una foarte scurt\u0103, de aproximativ \u0219apte minute, potrivit informa\u021biilor transmise de presa public\u0103 din Rom\u00e2nia.<\/p>\n\n\n\n<p class=\"wp-block-paragraph\">Incidentele cu drone continu\u0103 s\u0103 provoace \u00eengrijorare<br>Situa\u021bia de securitate din regiune r\u0103m\u00e2ne complicat\u0103. \u00cen august, autorit\u0103\u021bile rom\u00e2ne au raportat noi incidente cu aparate f\u0103r\u0103 pilot.<\/p>\n\n\n\n<p class=\"wp-block-paragraph\">Pe 17 august, echipe ale Ministerului Ap\u0103r\u0103rii \u0219i Ministerului de Interne au recuperat fragmentele unei drone dobor\u00e2te \u00een jude\u021bul Gala\u021bi. C\u00e2teva zile mai t\u00e2rziu, pe 20 august, o alt\u0103 dron\u0103 a \u00eenc\u0103lcat spa\u021biul aerian na\u021bional \u0219i s-a pr\u0103bu\u0219it \u00een apropierea localit\u0103\u021bii Grindu, jude\u021bul Tulcea.<\/p>\n\n\n\n<p class=\"wp-block-paragraph\">Totodat\u0103, dou\u0103 aparate de tip \u201eGerbera\u201d descoperite \u00een zona economic\u0103 exclusiv\u0103 a Rom\u00e2niei din Marea Neagr\u0103 au fost neutralizate controlat de speciali\u0219tii For\u021belor Navale.<\/p>\n\n\n\n<p class=\"wp-block-paragraph\">Seria de incidente \u0219i schimbul de m\u0103suri diplomatice dintre Bucure\u0219ti \u0219i Moscova arat\u0103 o deteriorare evident\u0103 a rela\u021biilor bilaterale, \u00eentr-un moment \u00een care securitatea la frontiera estic\u0103 a NATO r\u0103m\u00e2ne una dintre principalele preocup\u0103ri ale Rom\u00e2niei.<\/p>\n","protected":false},"excerpt":{"rendered":"<p>Tensiunile diplomatice dintre Rom\u00e2nia \u0219i Rusia se amplific\u0103 dup\u0103 seria de incidente cu drone care au afectat spa\u021biul aerian rom\u00e2nesc. Liliana Burda, \u00eens\u0103rcinatul cu afaceri al Rom\u00e2niei la Moscova, a fost convocat\u0103 joi, 27 august 2026, la Ministerul Afacerilor Externe al Federa\u021biei Ruse. Informa\u021bia a fost confirmat\u0103 at\u00e2t de partea rus\u0103, c\u00e2t \u0219i de Ministerul &#8230; <a title=\"\u02180C \u00ceN ROM\u00c2NIA! Rusia ne d\u0103 un ultimatum: Joi, 27 august\u2026\" class=\"read-more\" href=\"https:\/\/stiri-faine.com\/?p=5489\" aria-label=\"Read more about \u02180C \u00ceN ROM\u00c2NIA! Rusia ne d\u0103 un ultimatum: Joi, 27 august\u2026\">Read more<\/a><\/p>\n","protected":false},"author":1,"featured_media":0,"comment_status":"open","ping_status":"open","sticky":false,"template":"","format":"standard","meta":{"footnotes":""},"categories":[1],"tags":[],"class_list":["post-5489","post","type-post","status-publish","format-standard","hentry","category-uncategorized"],"_links":{"self":[{"href":"https:\/\/stiri-faine.com\/index.php?rest_route=\/wp\/v2\/posts\/5489","targetHints":{"allow":["GET"]}}],"collection":[{"href":"https:\/\/stiri-faine.com\/index.php?rest_route=\/wp\/v2\/posts"}],"about":[{"href":"https:\/\/stiri-faine.com\/index.php?rest_route=\/wp\/v2\/types\/post"}],"author":[{"embeddable":true,"href":"https:\/\/stiri-faine.com\/index.php?rest_route=\/wp\/v2\/users\/1"}],"replies":[{"embeddable":true,"href":"https:\/\/stiri-faine.com\/index.php?rest_route=%2Fwp%2Fv2%2Fcomments&post=5489"}],"version-history":[{"count":1,"href":"https:\/\/stiri-faine.com\/index.php?rest_route=\/wp\/v2\/posts\/5489\/revisions"}],"predecessor-version":[{"id":5491,"href":"https:\/\/stiri-faine.com\/index.php?rest_route=\/wp\/v2\/posts\/5489\/revisions\/5491"}],"wp:attachment":[{"href":"https:\/\/stiri-faine.com\/index.php?rest_route=%2Fwp%2Fv2%2Fmedia&parent=5489"}],"wp:term":[{"taxonomy":"category","embeddable":true,"href":"https:\/\/stiri-faine.com\/index.php?rest_route=%2Fwp%2Fv2%2Fcategories&post=5489"},{"taxonomy":"post_tag","embeddable":true,"href":"https:\/\/stiri-faine.com\/index.php?rest_route=%2Fwp%2Fv2%2Ftags&post=5489"}],"curies":[{"name":"wp","href":"https:\/\/api.w.org\/{rel}","templated":true}]}}