{"id":5484,"date":"2026-08-27T20:53:33","date_gmt":"2026-08-27T20:53:33","guid":{"rendered":"https:\/\/stiri-faine.com\/?p=5484"},"modified":"2026-08-27T20:53:33","modified_gmt":"2026-08-27T20:53:33","slug":"breaking-rusia-loveste-romania-cuvezi-mai-mult-2","status":"publish","type":"post","link":"https:\/\/stiri-faine.com\/?p=5484","title":{"rendered":"BREAKING! Rusia LOVE\u0218TE Rom\u00e2nia cu\u2026Vezi mai mult"},"content":{"rendered":"<p>Tensiunile diplomatice dintre Rom\u00e2nia \u0219i Rusia se amplific\u0103. Autorit\u0103\u021bile de la Moscova au anun\u021bat joi c\u0103 un angajat al Ambasadei Rom\u00e2niei \u00een Federa\u021bia Rus\u0103 a fost declarat \u201epersona non grata\u201d, ceea ce \u00eenseamn\u0103 c\u0103 acesta trebuie s\u0103 p\u0103r\u0103seasc\u0103 teritoriul rus.<\/p>\n<p>Decizia a fost comunicat\u0103 dup\u0103 ce \u00eens\u0103rcinata cu afaceri a Rom\u00e2niei la Moscova, Liliana Burda, a fost convocat\u0103 la Ministerul Afacerilor Externe al Federa\u021biei Ruse. Potrivit informa\u021biilor transmise de partea rus\u0103, reprezentantei diplomatice rom\u00e2ne i-a fost comunicat\u0103 oficial m\u0103sura adoptat\u0103 de autorit\u0103\u021bile de la Moscova.<\/p>\n<p>Ministerul rus de Externe sus\u021bine c\u0103 expulzarea reprezint\u0103 un r\u0103spuns la o decizie luat\u0103 anterior de Bucure\u0219ti. M\u0103sura vine \u00eentr-un moment \u00een care rela\u021biile dintre cele dou\u0103 state sunt deja tensionate, inclusiv pe fondul incidentelor cu drone raportate \u00een apropierea teritoriului Rom\u00e2niei.<\/p>\n<p>La sf\u00e2r\u0219itul lunii iulie, Ministerul Afacerilor Externe al Rom\u00e2niei l-a convocat pe ambasadorul Federa\u021biei Ruse la Bucure\u0219ti. Autorit\u0103\u021bile rom\u00e2ne au anun\u021bat atunci c\u0103 un membru al misiunii diplomatice ruse din Rom\u00e2nia urma s\u0103 fie declarat \u201epersona non grata\u201d.<\/p>\n<p>\u00cen acela\u0219i context, Bucure\u0219tiul a decis ca reprezentantul Rom\u00e2niei la Moscova s\u0103 fie rechemat \u00een \u021bar\u0103 pentru consult\u0103ri. Gestul diplomatic a fost interpretat drept o reac\u021bie ferm\u0103 a Rom\u00e2niei la evolu\u021biile din rela\u021bia cu Federa\u021bia Rus\u0103.<\/p>\n<p>Moscova a transmis \u00eenc\u0103 de atunci c\u0103 nu inten\u021bioneaz\u0103 s\u0103 \u00ee\u0219i recheme ambasadorul din Rom\u00e2nia pentru consult\u0103ri, \u00eens\u0103 a avertizat c\u0103 decizia autorit\u0103\u021bilor rom\u00e2ne nu va r\u0103m\u00e2ne f\u0103r\u0103 r\u0103spuns.<\/p>\n<p>Aleksei Fadeev, director adjunct al Departamentului pentru comunicare din Ministerul rus de Externe, declara la acel moment c\u0103 Rusia va adopta o m\u0103sur\u0103 de r\u0103spuns la decizia Bucure\u0219tiului.<\/p>\n<p>Schimbul de m\u0103suri diplomatice are loc \u00een contextul \u00een care Rom\u00e2nia a raportat \u00een ultima perioad\u0103 mai multe incidente asociate r\u0103zboiului din Ucraina. Apropierea frontierei rom\u00e2ne de zonele afectate de atacuri aeriene a determinat autorit\u0103\u021bile de la Bucure\u0219ti s\u0103 monitorizeze atent situa\u021bia \u0219i s\u0103 adopte m\u0103suri de protec\u021bie a popula\u021biei.<\/p>\n<p>\u00cen cazul incidentelor cu drone, autorit\u0103\u021bile rom\u00e2ne au indicat \u00een anumite situa\u021bii provenien\u021ba ruseasc\u0103 a aparatelor implicate. Aceste episoade au generat reac\u021bii diplomatice \u0219i au contribuit la deteriorarea rela\u021biilor dintre Bucure\u0219ti \u0219i Moscova.<\/p>\n<p>Declararea unui diplomat drept \u201epersona non grata\u201d este una dintre cele mai cunoscute m\u0103suri diplomatice utilizate de state atunci c\u00e2nd doresc s\u0103 transmit\u0103 un mesaj ferm unui alt guvern. \u00cen mod obi\u0219nuit, persoana vizat\u0103 trebuie s\u0103 p\u0103r\u0103seasc\u0103 \u021bara care a luat decizia \u00eentr-un termen stabilit de autorit\u0103\u021bi.<\/p>\n<p>Prin m\u0103sura anun\u021bat\u0103 joi, Moscova demonstreaz\u0103 c\u0103 \u00ee\u0219i men\u021bine avertismentul transmis anterior Bucure\u0219tiului \u0219i r\u0103spunde direct deciziei Rom\u00e2niei de a expulza un diplomat rus.<\/p>\n<p>Deocamdat\u0103, r\u0103m\u00e2ne de v\u0103zut dac\u0103 Bucure\u0219tiul va adopta o nou\u0103 m\u0103sur\u0103 \u00een replic\u0103 sau dac\u0103 cele dou\u0103 p\u0103r\u021bi vor \u00eencerca s\u0103 evite o escaladare suplimentar\u0103 a conflictului diplomatic. Cert este c\u0103 rela\u021biile rom\u00e2no-ruse traverseaz\u0103 una dintre cele mai tensionate perioade din ultimii ani, iar fiecare nou\u0103 decizie diplomatic\u0103 poate influen\u021ba \u0219i mai mult dialogul dintre cele dou\u0103 state.<\/p>\n","protected":false},"excerpt":{"rendered":"<p>Tensiunile diplomatice dintre Rom\u00e2nia \u0219i Rusia se amplific\u0103. Autorit\u0103\u021bile de la Moscova au anun\u021bat joi c\u0103 un angajat al Ambasadei Rom\u00e2niei \u00een Federa\u021bia Rus\u0103 a fost declarat \u201epersona non grata\u201d, ceea ce \u00eenseamn\u0103 c\u0103 acesta trebuie s\u0103 p\u0103r\u0103seasc\u0103 teritoriul rus. Decizia a fost comunicat\u0103 dup\u0103 ce \u00eens\u0103rcinata cu afaceri a Rom\u00e2niei la Moscova, Liliana Burda, &#8230; <a title=\"BREAKING! Rusia LOVE\u0218TE Rom\u00e2nia cu\u2026Vezi mai mult\" class=\"read-more\" href=\"https:\/\/stiri-faine.com\/?p=5484\" aria-label=\"Read more about BREAKING! Rusia LOVE\u0218TE Rom\u00e2nia cu\u2026Vezi mai mult\">Read more<\/a><\/p>\n","protected":false},"author":1,"featured_media":0,"comment_status":"open","ping_status":"open","sticky":false,"template":"","format":"standard","meta":{"footnotes":""},"categories":[1],"tags":[],"class_list":["post-5484","post","type-post","status-publish","format-standard","hentry","category-uncategorized"],"_links":{"self":[{"href":"https:\/\/stiri-faine.com\/index.php?rest_route=\/wp\/v2\/posts\/5484","targetHints":{"allow":["GET"]}}],"collection":[{"href":"https:\/\/stiri-faine.com\/index.php?rest_route=\/wp\/v2\/posts"}],"about":[{"href":"https:\/\/stiri-faine.com\/index.php?rest_route=\/wp\/v2\/types\/post"}],"author":[{"embeddable":true,"href":"https:\/\/stiri-faine.com\/index.php?rest_route=\/wp\/v2\/users\/1"}],"replies":[{"embeddable":true,"href":"https:\/\/stiri-faine.com\/index.php?rest_route=%2Fwp%2Fv2%2Fcomments&post=5484"}],"version-history":[{"count":0,"href":"https:\/\/stiri-faine.com\/index.php?rest_route=\/wp\/v2\/posts\/5484\/revisions"}],"wp:attachment":[{"href":"https:\/\/stiri-faine.com\/index.php?rest_route=%2Fwp%2Fv2%2Fmedia&parent=5484"}],"wp:term":[{"taxonomy":"category","embeddable":true,"href":"https:\/\/stiri-faine.com\/index.php?rest_route=%2Fwp%2Fv2%2Fcategories&post=5484"},{"taxonomy":"post_tag","embeddable":true,"href":"https:\/\/stiri-faine.com\/index.php?rest_route=%2Fwp%2Fv2%2Ftags&post=5484"}],"curies":[{"name":"wp","href":"https:\/\/api.w.org\/{rel}","templated":true}]}}