{"id":5483,"date":"2026-08-27T20:53:42","date_gmt":"2026-08-27T20:53:42","guid":{"rendered":"https:\/\/stiri-faine.com\/?p=5483"},"modified":"2026-08-27T20:53:42","modified_gmt":"2026-08-27T20:53:42","slug":"dominic-fritz-reactie-surprinzatoare-dupa-ce-a-pierdut-primaria-timisoarei","status":"publish","type":"post","link":"https:\/\/stiri-faine.com\/?p=5483","title":{"rendered":"Dominic Fritz, reac\u021bie SURPRINZ\u0102TOARE dup\u0103 ce a pierdut Prim\u0103ria Timi\u0219oarei"},"content":{"rendered":"\n<p class=\"wp-block-paragraph\">Senatul Rom\u00e2niei a adoptat Legea ANI cu 106 voturi \u201epentru\u201d \u0219i 19 \u201e\u00eempotriv\u0103\u201d, iar forma trimis\u0103 spre promulgare pre\u0219edintelui Nicu\u0219or Dan include \u0219i controversatul amendament care \u00eel vizeaz\u0103 direct pe primarul Timi\u0219oarei, Dominic Fritz.<\/p>\n\n\n\n<p class=\"wp-block-paragraph\">Potrivit prevederii adoptate, ale\u0219ii afla\u021bi \u00een func\u021bie \u00ee\u0219i pot pierde mandatul \u00een termen de 30 de zile dac\u0103 exist\u0103 o constatare definitiv\u0103 de incompatibilitate sau conflict de interese anterioar\u0103 noii legi.<\/p>\n\n\n\n<p class=\"wp-block-paragraph\">Dominic Fritz refuz\u0103 s\u0103 demisioneze<br>Revenit joi din concediu, Dominic Fritz a transmis c\u0103 nu inten\u021bioneaz\u0103 s\u0103 renun\u021be la func\u021bia de primar al Timi\u0219oarei.<\/p>\n\n\n\n<p class=\"wp-block-paragraph\">\u201eDe ce s\u0103 \u00eemi dau demisia? Am fost ales de oamenii din Timi\u0219oara\u201d, a declarat edilul pe Aeroportul Otopeni.<\/p>\n\n\n\n<p class=\"wp-block-paragraph\">USR s-a opus amendamentului \u0219i a criticat dur votul din Senat. Adoptarea legii a tensionat inclusiv rela\u021bia dintre USR \u0219i PNL, dup\u0103 ce liberalii au votat proiectul \u00een forma care con\u021bine \u0219i prevederea contestat\u0103.<\/p>\n\n\n\n<p class=\"wp-block-paragraph\">USR acuz\u0103 PNL c\u0103 a acceptat o \u201esuprapedeaps\u0103 politic\u0103\u201d<br>Purt\u0103torul de cuv\u00e2nt al USR, Cristian Seidler, a acuzat PNL c\u0103 ar fi \u201e\u00eenchis ochii\u201d la ceea ce el a numit o \u201esuprapedeaps\u0103 politic\u0103\u201d.<\/p>\n\n\n\n<p class=\"wp-block-paragraph\">\u00cen opinia sa, solu\u021bia corect\u0103 ar fi fost respingerea legii \u00een forma actual\u0103. Reprezentan\u021bii USR au anun\u021bat \u0219i c\u0103 rela\u021bia politic\u0103 cu PNL va fi reevaluat\u0103 dup\u0103 acest vot.<\/p>\n\n\n\n<p class=\"wp-block-paragraph\">Ilie Bolojan explic\u0103 votul PNL<br>Ilie Bolojan a recunoscut c\u0103 votul a fost unul dificil pentru PNL \u0219i a sus\u021binut c\u0103 prevederea care schimb\u0103 regulile \u201e\u00een timpul jocului\u201d este incorect\u0103.<\/p>\n\n\n\n<p class=\"wp-block-paragraph\">Cu toate acestea, el a explicat c\u0103 liberalii au votat legea din cauza mizelor legate de PNRR \u0219i de fondurile europene pe care Rom\u00e2nia risc\u0103 s\u0103 le piard\u0103.<\/p>\n\n\n\n<p class=\"wp-block-paragraph\">Bolojan a argumentat c\u0103 ne\u00eendeplinirea jaloanelor asumate ar putea afecta bugetul, investi\u021biile \u0219i chiar ratingul de \u021bar\u0103.<\/p>\n\n\n\n<p class=\"wp-block-paragraph\">\u00cen acela\u0219i timp, liderul liberal a transmis c\u0103 PNL va sus\u021bine modificarea ulterioar\u0103 a legii.<\/p>\n\n\n\n<p class=\"wp-block-paragraph\">\u201eAceast\u0103 lege nu poate r\u0103m\u00e2ne a\u0219a\u201d, a afirmat Bolojan, preciz\u00e2nd c\u0103 partidul s\u0103u va sprijini demersurile pentru corectarea prevederilor contestate.<\/p>\n\n\n\n<p class=\"wp-block-paragraph\">Legea merge acum la promulgare<br>Dup\u0103 votul din Senat, Legea ANI urmeaz\u0103 s\u0103 ajung\u0103 la pre\u0219edintele Nicu\u0219or Dan pentru promulgare.<\/p>\n\n\n\n<p class=\"wp-block-paragraph\">Controversa privind a\u0219a-numitul \u201eamendament Fritz\u201d este \u00eens\u0103 departe de a se \u00eencheia, iar tensiunile dintre USR \u0219i PNL s-au accentuat semnificativ \u00een urma votului.<\/p>\n","protected":false},"excerpt":{"rendered":"<p>Senatul Rom\u00e2niei a adoptat Legea ANI cu 106 voturi \u201epentru\u201d \u0219i 19 \u201e\u00eempotriv\u0103\u201d, iar forma trimis\u0103 spre promulgare pre\u0219edintelui Nicu\u0219or Dan include \u0219i controversatul amendament care \u00eel vizeaz\u0103 direct pe primarul Timi\u0219oarei, Dominic Fritz. Potrivit prevederii adoptate, ale\u0219ii afla\u021bi \u00een func\u021bie \u00ee\u0219i pot pierde mandatul \u00een termen de 30 de zile dac\u0103 exist\u0103 o constatare &#8230; <a title=\"Dominic Fritz, reac\u021bie SURPRINZ\u0102TOARE dup\u0103 ce a pierdut Prim\u0103ria Timi\u0219oarei\" class=\"read-more\" href=\"https:\/\/stiri-faine.com\/?p=5483\" aria-label=\"Read more about Dominic Fritz, reac\u021bie SURPRINZ\u0102TOARE dup\u0103 ce a pierdut Prim\u0103ria Timi\u0219oarei\">Read more<\/a><\/p>\n","protected":false},"author":1,"featured_media":0,"comment_status":"open","ping_status":"open","sticky":false,"template":"","format":"standard","meta":{"footnotes":""},"categories":[1],"tags":[],"class_list":["post-5483","post","type-post","status-publish","format-standard","hentry","category-uncategorized"],"_links":{"self":[{"href":"https:\/\/stiri-faine.com\/index.php?rest_route=\/wp\/v2\/posts\/5483","targetHints":{"allow":["GET"]}}],"collection":[{"href":"https:\/\/stiri-faine.com\/index.php?rest_route=\/wp\/v2\/posts"}],"about":[{"href":"https:\/\/stiri-faine.com\/index.php?rest_route=\/wp\/v2\/types\/post"}],"author":[{"embeddable":true,"href":"https:\/\/stiri-faine.com\/index.php?rest_route=\/wp\/v2\/users\/1"}],"replies":[{"embeddable":true,"href":"https:\/\/stiri-faine.com\/index.php?rest_route=%2Fwp%2Fv2%2Fcomments&post=5483"}],"version-history":[{"count":1,"href":"https:\/\/stiri-faine.com\/index.php?rest_route=\/wp\/v2\/posts\/5483\/revisions"}],"predecessor-version":[{"id":5485,"href":"https:\/\/stiri-faine.com\/index.php?rest_route=\/wp\/v2\/posts\/5483\/revisions\/5485"}],"wp:attachment":[{"href":"https:\/\/stiri-faine.com\/index.php?rest_route=%2Fwp%2Fv2%2Fmedia&parent=5483"}],"wp:term":[{"taxonomy":"category","embeddable":true,"href":"https:\/\/stiri-faine.com\/index.php?rest_route=%2Fwp%2Fv2%2Fcategories&post=5483"},{"taxonomy":"post_tag","embeddable":true,"href":"https:\/\/stiri-faine.com\/index.php?rest_route=%2Fwp%2Fv2%2Ftags&post=5483"}],"curies":[{"name":"wp","href":"https:\/\/api.w.org\/{rel}","templated":true}]}}