{"id":5282,"date":"2026-08-26T06:37:46","date_gmt":"2026-08-26T06:37:46","guid":{"rendered":"https:\/\/stiri-faine.com\/?p=5282"},"modified":"2026-08-26T06:37:46","modified_gmt":"2026-08-26T06:37:46","slug":"ultima-ora-cristina-traila-secretar-general-al-guvernului-a-fost-2","status":"publish","type":"post","link":"https:\/\/stiri-faine.com\/?p=5282","title":{"rendered":"ULTIMA OR\u0102! Cristina Tr\u0103il\u0103, secretar general al Guvernului, a fost\u2026"},"content":{"rendered":"<p>Cristina Tr\u0103il\u0103, secretar general adjunct al Guvernului Bolojan \u0219i membr\u0103 PNL, este urm\u0103rit\u0103 penal de DNA \u00een dosarul omului de afaceri F\u0103nel Bogos, din Vaslui. Procurorii o cerceteaz\u0103 pentru complicitate la folosirea influen\u021bei sau autorit\u0103\u021bii \u00een scopul ob\u021binerii de foloase necuvenite.<\/p>\n<p>Cristina Tr\u0103il\u0103 are calitatea de suspect \u0219i a fost audiat\u0103 mar\u021bi la DNA Ia\u0219i. \u00cen cazul s\u0103u nu a fost dispus\u0103 nicio m\u0103sur\u0103 preventiv\u0103.<\/p>\n<p>Ce acuza\u021bii \u00eei aduce DNA Cristinei Tr\u0103il\u0103Potrivit procurorilor anticorup\u021bie, la \u00eenceputul lunii noiembrie 2025, Cristina Tr\u0103il\u0103, \u00een calitate de secretar general adjunct al Guvernului, l-ar fi sprijinit pe Mihai Barbu \u00een demersurile prin care acesta ar fi \u00eencercat s\u0103 \u00ee\u0219i exercite influen\u021ba asupra pre\u0219edintelui ANSVSA.<\/p>\n<p>Scopul ar fi fost schimbarea directorului DSVSA Vaslui cu o persoan\u0103 agreat\u0103 de omul de afaceri F\u0103nel Bogos.<\/p>\n<p>Anchetatorii sus\u021bin c\u0103 miza ar fi fost ob\u021binerea unor avantaje pentru Bogos \u0219i societatea controlat\u0103 de acesta, printre care aprobarea unui dosar de desp\u0103gubire de aproximativ 3 milioane de euro \u0219i reducerea sau \u00eencetarea controalelor sanitar-veterinare la fermele companiei.<\/p>\n<p>La intrarea la audieri, Cristina Tr\u0103il\u0103 nu a f\u0103cut declara\u021bii.<\/p>\n<p>Al doilea liberal vizat \u00een dosarul BogosCristina Tr\u0103il\u0103 este al doilea politician liberal pus sub acuzare \u00een acest dosar. Mihai Barbu, fost trezorier al PNL, este cercetat pentru o fapt\u0103 similar\u0103 \u0219i a fost plasat sub control judiciar.<\/p>\n<p>Barbu este cel care ar fi intermediat \u00eent\u00e2lnirea dintre F\u0103nel Bogos \u0219i premierul Ilie Bolojan, desf\u0103\u0219urat\u0103 \u00een septembrie 2025 la Palatul Victoria.<\/p>\n<p>Dup\u0103 apari\u021bia acuza\u021biilor, PNL a anun\u021bat suspendarea lui Mihai Barbu din func\u021biile de\u021binute \u00een partid.<\/p>\n<p>Ce urm\u0103rea F\u0103nel Bogos, potrivit procurorilorDNA sus\u021bine c\u0103 omul de afaceri ar fi apelat la mai multe persoane cu influen\u021b\u0103 politic\u0103 \u0219i la fo\u0219ti membri ai serviciilor pentru a ob\u021bine schimbarea conducerii DSVSA Vaslui.<\/p>\n<p>F\u0103nel Bogos este unul dintre principalii juc\u0103tori din industria avicol\u0103 din Rom\u00e2nia \u0219i controleaz\u0103 mai multe ferme, o sta\u021bie de incuba\u021bie \u0219i o fabric\u0103 de preparate din carne.<\/p>\n<p>Potrivit anchetatorilor, acesta ar fi urm\u0103rit \u00eendep\u0103rtarea directorului Mihai Ponea, \u00een contextul controalelor desf\u0103\u0219urate la societ\u0103\u021bile sale.<\/p>\n<p>Peste 100 de controale la fermele lui Bogos\u00cen perioada 2023-2025, inspectorii sanitari-veterinari din Vaslui au efectuat 144 de controale la unit\u0103\u021bile de\u021binute de Vanbet.<\/p>\n<p>\u00cen urma neregulilor constatate, au fost aplicate 64 de amenzi, \u00een valoare total\u0103 de peste 876.000 de lei.<\/p>\n<p>De asemenea, autorit\u0103\u021bile ar fi emis mai multe ordonan\u021be de suspendare a activit\u0103\u021bii \u0219i o ordonan\u021b\u0103 de interzicere a activit\u0103\u021bii.<\/p>\n<p>Ancheta DNA continu\u0103, iar procurorii \u00eencearc\u0103 s\u0103 stabileasc\u0103 amploarea re\u021belei de influen\u021b\u0103 despre care sus\u021bin c\u0103 ar fi fost folosit\u0103 pentru protejarea intereselor omului de afaceri F\u0103nel Bogos.<\/p>\n","protected":false},"excerpt":{"rendered":"<p>Cristina Tr\u0103il\u0103, secretar general adjunct al Guvernului Bolojan \u0219i membr\u0103 PNL, este urm\u0103rit\u0103 penal de DNA \u00een dosarul omului de afaceri F\u0103nel Bogos, din Vaslui. Procurorii o cerceteaz\u0103 pentru complicitate la folosirea influen\u021bei sau autorit\u0103\u021bii \u00een scopul ob\u021binerii de foloase necuvenite. Cristina Tr\u0103il\u0103 are calitatea de suspect \u0219i a fost audiat\u0103 mar\u021bi la DNA Ia\u0219i. &#8230; <a title=\"ULTIMA OR\u0102! Cristina Tr\u0103il\u0103, secretar general al Guvernului, a fost\u2026\" class=\"read-more\" href=\"https:\/\/stiri-faine.com\/?p=5282\" aria-label=\"Read more about ULTIMA OR\u0102! Cristina Tr\u0103il\u0103, secretar general al Guvernului, a fost\u2026\">Read more<\/a><\/p>\n","protected":false},"author":1,"featured_media":0,"comment_status":"open","ping_status":"open","sticky":false,"template":"","format":"standard","meta":{"footnotes":""},"categories":[1],"tags":[],"class_list":["post-5282","post","type-post","status-publish","format-standard","hentry","category-uncategorized"],"_links":{"self":[{"href":"https:\/\/stiri-faine.com\/index.php?rest_route=\/wp\/v2\/posts\/5282","targetHints":{"allow":["GET"]}}],"collection":[{"href":"https:\/\/stiri-faine.com\/index.php?rest_route=\/wp\/v2\/posts"}],"about":[{"href":"https:\/\/stiri-faine.com\/index.php?rest_route=\/wp\/v2\/types\/post"}],"author":[{"embeddable":true,"href":"https:\/\/stiri-faine.com\/index.php?rest_route=\/wp\/v2\/users\/1"}],"replies":[{"embeddable":true,"href":"https:\/\/stiri-faine.com\/index.php?rest_route=%2Fwp%2Fv2%2Fcomments&post=5282"}],"version-history":[{"count":0,"href":"https:\/\/stiri-faine.com\/index.php?rest_route=\/wp\/v2\/posts\/5282\/revisions"}],"wp:attachment":[{"href":"https:\/\/stiri-faine.com\/index.php?rest_route=%2Fwp%2Fv2%2Fmedia&parent=5282"}],"wp:term":[{"taxonomy":"category","embeddable":true,"href":"https:\/\/stiri-faine.com\/index.php?rest_route=%2Fwp%2Fv2%2Fcategories&post=5282"},{"taxonomy":"post_tag","embeddable":true,"href":"https:\/\/stiri-faine.com\/index.php?rest_route=%2Fwp%2Fv2%2Ftags&post=5282"}],"curies":[{"name":"wp","href":"https:\/\/api.w.org\/{rel}","templated":true}]}}