{"id":5281,"date":"2026-08-26T06:38:09","date_gmt":"2026-08-26T06:38:09","guid":{"rendered":"https:\/\/stiri-faine.com\/?p=5281"},"modified":"2026-08-26T06:38:10","modified_gmt":"2026-08-26T06:38:10","slug":"soc-total-pentru-persoanele-cu-dizabilitati-nu-vor-mai-primi-vezi-mai-mult","status":"publish","type":"post","link":"https:\/\/stiri-faine.com\/?p=5281","title":{"rendered":"\u0218OC total pentru persoanele cu dizabilit\u0103\u021bi! Nu vor mai primi\u2026 Vezi mai mult"},"content":{"rendered":"\n<p class=\"wp-block-paragraph\">Un proiect privind eliminarea Voucherului Materna destinat femeilor \u00eens\u0103rcinate din Bucure\u0219ti urma s\u0103 fie dezb\u0103tut \u00een Consiliul General al Municipiului Bucure\u0219ti. M\u0103sura este propus\u0103 \u00een contextul dificult\u0103\u021bilor financiare ale administra\u021biei Capitalei \u0219i al \u00eent\u00e2rzierilor importante la plata stimulentelor sociale.<\/p>\n\n\n\n<p class=\"wp-block-paragraph\">Programul Voucherul Materna a fost introdus \u00een 2018 \u0219i ofer\u0103 femeilor \u00eens\u0103rcinate un sprijin financiar de 2.000 de lei, acordat \u00een dou\u0103 etape, pentru plata medicamentelor \u0219i serviciilor medicale.<\/p>\n\n\n\n<h2 class=\"wp-block-heading\">Ce se \u00eent\u00e2mpl\u0103 cu drepturile deja acordate<\/h2>\n\n\n\n<p class=\"wp-block-paragraph\">Potrivit proiectului, drepturile deja dob\u00e2ndite \u00een baza hot\u0103r\u00e2rii prin care a fost instituit programul ar urma s\u0103 fie men\u021binute dac\u0103 au fost stabilite \u00eenainte de intrarea \u00een vigoare a noii hot\u0103r\u00e2ri.<\/p>\n\n\n\n<p class=\"wp-block-paragraph\">Programul presupunea acordarea celor 2.000 de lei femeilor \u00eens\u0103rcinate care aveau cel pu\u021bin 18 ani \u0219i locuiau legal \u00een Bucure\u0219ti de minimum \u0219ase luni. Veniturile beneficiarilor nu reprezentau un criteriu de eligibilitate.<\/p>\n\n\n\n<p class=\"wp-block-paragraph\">Costurile anuale ale programului sunt estimate la aproximativ 24 de milioane de lei.<\/p>\n\n\n\n<p class=\"wp-block-paragraph\">Administra\u021bia Capitalei justific\u0103 eliminarea programului prin faptul c\u0103 femeile \u00eens\u0103rcinate beneficiaz\u0103 deja, prin sistemul na\u021bional de s\u0103n\u0103tate, de numeroase servicii medicale prenatale decontate.<\/p>\n\n\n\n<h2 class=\"wp-block-heading\">Stimulentele pentru persoanele cu dizabilit\u0103\u021bi ar putea fi suspendate<\/h2>\n\n\n\n<p class=\"wp-block-paragraph\">Proiectul prevede \u0219i suspendarea temporar\u0103 a acord\u0103rii stimulentului pentru persoanele cu dizabilit\u0103\u021bi, p\u00e2n\u0103 la achitarea restan\u021belor acumulate.<\/p>\n\n\n\n<p class=\"wp-block-paragraph\">M\u0103sura ar afecta aproximativ 52.000 de beneficiari. Important este c\u0103 suspendarea ar urma s\u0103 vizeze drepturile viitoare, nu \u0219i sumele care au fost deja acordate \u0219i nu au fost \u00eenc\u0103 pl\u0103tite.<\/p>\n\n\n\n<p class=\"wp-block-paragraph\">Restan\u021bele existente ar urma s\u0103 fie achitate \u00een ordine cronologic\u0103, \u00een func\u021bie de fondurile disponibile.<\/p>\n\n\n\n<h2 class=\"wp-block-heading\">Se schimb\u0103 \u0219i stimulentul pentru nou-n\u0103scu\u021bi<\/h2>\n\n\n\n<p class=\"wp-block-paragraph\">Proiectul prevede modific\u0103ri \u0219i \u00een cazul stimulentului acordat la na\u0219terea unui copil. Sprijinul financiar ar urma s\u0103 fie redus cu 500 de lei \u0219i s\u0103 fie acordat \u00een condi\u021bii mai restrictive, fiind vizate \u00een special mamele aflate \u00een situa\u021bii de vulnerabilitate.<\/p>\n\n\n\n<p class=\"wp-block-paragraph\">Astfel, administra\u021bia Capitalei inten\u021bioneaz\u0103 s\u0103 reduc\u0103 presiunea asupra bugetului local \u0219i s\u0103 direc\u021bioneze fondurile disponibile c\u0103tre plata datoriilor \u0219i a drepturilor restante.<\/p>\n","protected":false},"excerpt":{"rendered":"<p>Un proiect privind eliminarea Voucherului Materna destinat femeilor \u00eens\u0103rcinate din Bucure\u0219ti urma s\u0103 fie dezb\u0103tut \u00een Consiliul General al Municipiului Bucure\u0219ti. M\u0103sura este propus\u0103 \u00een contextul dificult\u0103\u021bilor financiare ale administra\u021biei Capitalei \u0219i al \u00eent\u00e2rzierilor importante la plata stimulentelor sociale. Programul Voucherul Materna a fost introdus \u00een 2018 \u0219i ofer\u0103 femeilor \u00eens\u0103rcinate un sprijin financiar de &#8230; <a title=\"\u0218OC total pentru persoanele cu dizabilit\u0103\u021bi! Nu vor mai primi\u2026 Vezi mai mult\" class=\"read-more\" href=\"https:\/\/stiri-faine.com\/?p=5281\" aria-label=\"Read more about \u0218OC total pentru persoanele cu dizabilit\u0103\u021bi! Nu vor mai primi\u2026 Vezi mai mult\">Read more<\/a><\/p>\n","protected":false},"author":1,"featured_media":0,"comment_status":"open","ping_status":"open","sticky":false,"template":"","format":"standard","meta":{"footnotes":""},"categories":[1],"tags":[],"class_list":["post-5281","post","type-post","status-publish","format-standard","hentry","category-uncategorized"],"_links":{"self":[{"href":"https:\/\/stiri-faine.com\/index.php?rest_route=\/wp\/v2\/posts\/5281","targetHints":{"allow":["GET"]}}],"collection":[{"href":"https:\/\/stiri-faine.com\/index.php?rest_route=\/wp\/v2\/posts"}],"about":[{"href":"https:\/\/stiri-faine.com\/index.php?rest_route=\/wp\/v2\/types\/post"}],"author":[{"embeddable":true,"href":"https:\/\/stiri-faine.com\/index.php?rest_route=\/wp\/v2\/users\/1"}],"replies":[{"embeddable":true,"href":"https:\/\/stiri-faine.com\/index.php?rest_route=%2Fwp%2Fv2%2Fcomments&post=5281"}],"version-history":[{"count":1,"href":"https:\/\/stiri-faine.com\/index.php?rest_route=\/wp\/v2\/posts\/5281\/revisions"}],"predecessor-version":[{"id":5283,"href":"https:\/\/stiri-faine.com\/index.php?rest_route=\/wp\/v2\/posts\/5281\/revisions\/5283"}],"wp:attachment":[{"href":"https:\/\/stiri-faine.com\/index.php?rest_route=%2Fwp%2Fv2%2Fmedia&parent=5281"}],"wp:term":[{"taxonomy":"category","embeddable":true,"href":"https:\/\/stiri-faine.com\/index.php?rest_route=%2Fwp%2Fv2%2Fcategories&post=5281"},{"taxonomy":"post_tag","embeddable":true,"href":"https:\/\/stiri-faine.com\/index.php?rest_route=%2Fwp%2Fv2%2Ftags&post=5281"}],"curies":[{"name":"wp","href":"https:\/\/api.w.org\/{rel}","templated":true}]}}