{"id":5276,"date":"2026-08-26T06:36:38","date_gmt":"2026-08-26T06:36:38","guid":{"rendered":"https:\/\/stiri-faine.com\/?p=5276"},"modified":"2026-08-26T06:36:38","modified_gmt":"2026-08-26T06:36:38","slug":"radu-miruta-alarmat-de-numarul-tot-mai-mare-de-drone-care-ajung-in-romania-nu-este-in-regula-ce-se-intampla-2","status":"publish","type":"post","link":"https:\/\/stiri-faine.com\/?p=5276","title":{"rendered":"Radu Miru\u021b\u0103, ALARMAT de num\u0103rul tot mai mare de drone care ajung \u00een Rom\u00e2nia: \u201eNu este \u00een regul\u0103 ce se \u00eent\u00e2mpl\u0103\u201d"},"content":{"rendered":"<p>Rom\u00e2nia se confrunt\u0103 cu tot mai multe incidente provocate de drone, iar ministrul interimar al Ap\u0103r\u0103rii, Radu Miru\u021b\u0103, avertizeaz\u0103 c\u0103 situa\u021bia nu trebuie tratat\u0103 ca o normalitate. Potrivit acestuia, echipele MApN au intervenit de 18 ori \u00een doar trei zile, iar autorit\u0103\u021bile rom\u00e2ne discut\u0103 permanent cu partea ucrainean\u0103.<\/p>\n<p>Declara\u021biile vin dup\u0103 mai multe incidente recente, inclusiv descoperirea unor fragmente de dron\u0103 \u00een zona plajei Tuzla \u0219i \u00een jude\u021bul Vrancea.<\/p>\n<p>Radu Miru\u021b\u0103: \u201eNu este \u00een regul\u0103 ce se \u00eent\u00e2mpl\u0103\u201dMinistrul interimar al Ap\u0103r\u0103rii spune c\u0103 Rom\u00e2nia poart\u0103 discu\u021bii constante cu autorit\u0103\u021bile ucrainene, inclusiv pe cale diplomatic\u0103, pentru a clarifica aceste incidente.<\/p>\n<p>\u201eSe discut\u0103 \u00een permanen\u021b\u0103 cu partea ucrainean\u0103. Este o discu\u021bie \u0219i la nivel diplomatic. Nu este \u00een regul\u0103 ce se \u00eent\u00e2mpl\u0103 \u0219i nu suntem \u00een situa\u021bia asta doar pentru c\u0103 num\u0103rul \u0103sta de situa\u021bii cre\u0219te, ne obi\u0219nuim cu ele \u0219i le accept\u0103m a\u0219a\u201d, a declarat Radu Miru\u021b\u0103.<\/p>\n<p>Acesta a subliniat c\u0103 Rom\u00e2nia nu este implicat\u0103 direct \u00een r\u0103zboi \u0219i nu ar trebui s\u0103 suporte astfel de consecin\u021be.<\/p>\n<p>18 interven\u021bii \u00een numai trei zilePotrivit ministrului, amploarea situa\u021biei este reflectat\u0103 de num\u0103rul mare de mobiliz\u0103ri ale echipelor MApN.<\/p>\n<p>\u201eVineri am avut patru cazuri, s\u00e2mb\u0103t\u0103 am avut opt interven\u021bii, duminic\u0103 \u0219ase interven\u021bii\u201d, a explicat Radu Miru\u021b\u0103.<\/p>\n<p>Acesta a precizat c\u0103 fiecare alert\u0103 este tratat\u0103 cu maxim\u0103 seriozitate, iar militarii pornesc de la cele mai grave scenarii posibile p\u00e2n\u0103 c\u00e2nd situa\u021bia este clarificat\u0103.<\/p>\n<p>Unele dintre aparatele descoperite aveau explozibil, altele nu, iar \u00een anumite cazuri au fost g\u0103site doar fragmente. \u00cen altele, dronele erau aproape intacte.<\/p>\n<p>Armata trebuie s\u0103 se adapteze permanentRadu Miru\u021b\u0103 a atras aten\u021bia \u0219i asupra evolu\u021biei rapide a tehnologiei folosite pentru astfel de aparate.<\/p>\n<p>Potrivit acestuia, tipurile de drone, amprenta termic\u0103 \u0219i caracteristicile tehnice se schimb\u0103 constant, ceea ce oblig\u0103 sistemele de ap\u0103rare s\u0103 se adapteze din mers.<\/p>\n<p>Ministrul spune c\u0103 unele solu\u021bii care func\u021bionau pentru un anumit model de dron\u0103 pot deveni mai pu\u021bin eficiente \u00een cazul unor aparate noi.<\/p>\n<p>Drona din Vrancea ar putea fi cea urm\u0103rit\u0103 de radareUnul dintre cele mai recente incidente s-a produs \u00een jude\u021bul Vrancea, unde elemente ale unei drone au fost g\u0103site \u00een curtea unei propriet\u0103\u021bi din satul Ciu\u0219lea, comuna Garoafa.<\/p>\n<p>Aparatul ar fi intrat \u00een spa\u021biul aerian rom\u00e2nesc dinspre Republica Moldova, iar MApN a mobilizat dou\u0103 aeronave F-16 \u0219i un elicopter IAR-330 SOCAT.<\/p>\n<p>\u00centrebat dac\u0103 fragmentele descoperite \u00een Vrancea provin de la aceea\u0219i dron\u0103 urm\u0103rit\u0103 de radare, Radu Miru\u021b\u0103 a r\u0103spuns c\u0103 acest lucru este \u201efoarte probabil\u201d.<\/p>\n<p>Ministrul a explicat c\u0103 aparatul a fost urm\u0103rit o perioad\u0103, dar ulterior a cobor\u00e2t la o altitudine prea mic\u0103 pentru a mai putea fi monitorizat eficient, mai ales \u00eentr-o zon\u0103 deluroas\u0103.<\/p>\n<p>Un alt indiciu luat \u00een calcul de autorit\u0103\u021bi a fost mirosul de kerosen identificat la locul descoperirii, element care ar sugera c\u0103 aparatul ajunsese acolo cu pu\u021bin timp \u00eenainte.<\/p>\n<p>Autorit\u0103\u021bile continu\u0103 verific\u0103rile pentru a stabili cu exactitate traseul dronelor \u0219i \u00eemprejur\u0103rile \u00een care acestea ajung pe teritoriul Rom\u00e2niei.<\/p>\n","protected":false},"excerpt":{"rendered":"<p>Rom\u00e2nia se confrunt\u0103 cu tot mai multe incidente provocate de drone, iar ministrul interimar al Ap\u0103r\u0103rii, Radu Miru\u021b\u0103, avertizeaz\u0103 c\u0103 situa\u021bia nu trebuie tratat\u0103 ca o normalitate. Potrivit acestuia, echipele MApN au intervenit de 18 ori \u00een doar trei zile, iar autorit\u0103\u021bile rom\u00e2ne discut\u0103 permanent cu partea ucrainean\u0103. Declara\u021biile vin dup\u0103 mai multe incidente recente, &#8230; <a title=\"Radu Miru\u021b\u0103, ALARMAT de num\u0103rul tot mai mare de drone care ajung \u00een Rom\u00e2nia: \u201eNu este \u00een regul\u0103 ce se \u00eent\u00e2mpl\u0103\u201d\" class=\"read-more\" href=\"https:\/\/stiri-faine.com\/?p=5276\" aria-label=\"Read more about Radu Miru\u021b\u0103, ALARMAT de num\u0103rul tot mai mare de drone care ajung \u00een Rom\u00e2nia: \u201eNu este \u00een regul\u0103 ce se \u00eent\u00e2mpl\u0103\u201d\">Read more<\/a><\/p>\n","protected":false},"author":1,"featured_media":0,"comment_status":"open","ping_status":"open","sticky":false,"template":"","format":"standard","meta":{"footnotes":""},"categories":[1],"tags":[],"class_list":["post-5276","post","type-post","status-publish","format-standard","hentry","category-uncategorized"],"_links":{"self":[{"href":"https:\/\/stiri-faine.com\/index.php?rest_route=\/wp\/v2\/posts\/5276","targetHints":{"allow":["GET"]}}],"collection":[{"href":"https:\/\/stiri-faine.com\/index.php?rest_route=\/wp\/v2\/posts"}],"about":[{"href":"https:\/\/stiri-faine.com\/index.php?rest_route=\/wp\/v2\/types\/post"}],"author":[{"embeddable":true,"href":"https:\/\/stiri-faine.com\/index.php?rest_route=\/wp\/v2\/users\/1"}],"replies":[{"embeddable":true,"href":"https:\/\/stiri-faine.com\/index.php?rest_route=%2Fwp%2Fv2%2Fcomments&post=5276"}],"version-history":[{"count":0,"href":"https:\/\/stiri-faine.com\/index.php?rest_route=\/wp\/v2\/posts\/5276\/revisions"}],"wp:attachment":[{"href":"https:\/\/stiri-faine.com\/index.php?rest_route=%2Fwp%2Fv2%2Fmedia&parent=5276"}],"wp:term":[{"taxonomy":"category","embeddable":true,"href":"https:\/\/stiri-faine.com\/index.php?rest_route=%2Fwp%2Fv2%2Fcategories&post=5276"},{"taxonomy":"post_tag","embeddable":true,"href":"https:\/\/stiri-faine.com\/index.php?rest_route=%2Fwp%2Fv2%2Ftags&post=5276"}],"curies":[{"name":"wp","href":"https:\/\/api.w.org\/{rel}","templated":true}]}}