{"id":526,"date":"2026-07-12T16:04:40","date_gmt":"2026-07-12T16:04:40","guid":{"rendered":"https:\/\/stiri-faine.com\/?p=526"},"modified":"2026-07-12T16:07:36","modified_gmt":"2026-07-12T16:07:36","slug":"sotia-mea-m-a-parasit-pe-mine-si-pe-cele-cinci-fiice-ale-noastre-pentru-seful-ei-bogat-dupa-15-ani-s-a-intors-la-nunta-fiicei-noastre-celei-mai-mari","status":"publish","type":"post","link":"https:\/\/stiri-faine.com\/?p=526","title":{"rendered":"So\u021bia mea m-a p\u0103r\u0103sit pe mine \u0219i pe cele cinci fiice ale noastre pentru \u0219eful ei bogat \u2014 dup\u0103 15 ani s-a \u00eentors la nunta fiicei noastre celei mai mari."},"content":{"rendered":"\n<p class=\"wp-block-paragraph\">So\u021bia mea m-a p\u0103r\u0103sit pe mine \u0219i pe cele cinci fiice ale noastre pentru \u0219eful ei bogat. Dup\u0103 cincisprezece ani, a ap\u0103rut la nunta fiicei noastre celei mai mari.<\/p>\n\n\n\n<p class=\"wp-block-paragraph\">Niciodat\u0103 nu am crezut c\u0103 un om poate disp\u0103rea din via\u021ba ta timp de cincisprezece ani, iar apoi, printr-un singur mesaj, s\u0103 te fac\u0103 s\u0103 sim\u021bi aceea\u0219i durere pe care ai \u00eenv\u0103\u021bat at\u00e2t de mult timp s\u0103 nu o ar\u0103\u021bi.<\/p>\n\n\n\n<p class=\"wp-block-paragraph\">\u00cen seara aceea st\u0103team la masa din buc\u0103t\u0103ria casei noastre \u0219i \u021bineam \u00een m\u00e2ini o cutiu\u021b\u0103 mic\u0103 din catifea. \u00cen\u0103untru se aflau ni\u0219te cercei cu perle pentru fiica mea cea mare, Adele. I-am ales nu pentru c\u0103 erau scumpi. De fapt, costaser\u0103 mult mai pu\u021bin dec\u00e2t multe cadouri pe care oamenii le ofer\u0103 de obicei la nun\u021bi.<\/p>\n\n\n\n<p class=\"wp-block-paragraph\">Dar pentru mine erau speciali.<\/p>\n\n\n\n<p class=\"wp-block-paragraph\">\u00cemi aminteam ziua \u00een care Adele mi-a prins pentru prima dat\u0103 degetul cu m\u00e2nu\u021ba ei mic\u0103. \u00cemi aminteam cum a \u00eenv\u0103\u021bat s\u0103 mearg\u0103, cum c\u0103dea \u0219i se sup\u0103ra pe \u00eentreaga lume pentru c\u0103 nu putea face totul perfect din prima \u00eencercare. \u00cemi aminteam prima ei zi de \u0219coal\u0103, c\u00e2nd m\u0103 \u021binea de m\u00e2nec\u0103 \u0219i \u00eemi spunea c\u0103 nu vrea s\u0103 intre singur\u0103 \u00een clas\u0103.<\/p>\n\n\n\n<p class=\"wp-block-paragraph\">Am fost l\u00e2ng\u0103 ea la fiecare fric\u0103.<\/p>\n\n\n\n<p class=\"wp-block-paragraph\">La fiecare reu\u0219it\u0103.<\/p>\n\n\n\n<p class=\"wp-block-paragraph\">La fiecare moment \u00een care avea nevoie de cineva care s\u0103-i spun\u0103: \u201eVei reu\u0219i\u201d.<\/p>\n\n\n\n<p class=\"wp-block-paragraph\">Peste c\u00e2teva ore urma s\u0103 se c\u0103s\u0103toreasc\u0103, iar eu voiam s\u0103-i ofer nu doar o bijuterie. Voiam ca \u00een acel mic cadou s\u0103 se afle amintirea tuturor anilor pe care i-am traversat \u00eempreun\u0103.<\/p>\n\n\n\n<p class=\"wp-block-paragraph\">Legam \u00eencet o panglic\u0103 alb\u0103 \u00een jurul cutiu\u021bei, c\u00e2nd telefonul de pe mas\u0103 a vibrat.<\/p>\n\n\n\n<p class=\"wp-block-paragraph\">Ultimele zile \u00eenainte de nunt\u0103 fuseser\u0103 pline de apeluri \u0219i mesaje. Fotograful stabilea ora sosirii, familia \u00eentreba detalii, invita\u021bii confirmau prezen\u021ba. M\u0103 obi\u0219nuisem deja ca telefonul s\u0103 sune mereu.<\/p>\n\n\n\n<p class=\"wp-block-paragraph\">De aceea, la \u00eenceput nici nu i-am acordat aten\u021bie.<\/p>\n\n\n\n<p class=\"wp-block-paragraph\">Dar apoi am v\u0103zut numele pe ecran.<\/p>\n\n\n\n<p class=\"wp-block-paragraph\">Maja.<\/p>\n\n\n\n<p class=\"wp-block-paragraph\">Am \u00eencremenit.<\/p>\n\n\n\n<p class=\"wp-block-paragraph\">Unele nume nu doar se citesc. Ele te duc \u00eenapoi \u00een trecut.<\/p>\n\n\n\n<p class=\"wp-block-paragraph\">Cu cincisprezece ani \u00een urm\u0103 pronun\u021bam acest nume \u00een fiecare zi. Era parte din via\u021ba mea. Era numele femeii pe care o iubeam. Mama copiilor mei. So\u021bia mea.<\/p>\n\n\n\n<p class=\"wp-block-paragraph\">Iar apoi a devenit numele persoanei care a plecat.<\/p>\n\n\n\n<p class=\"wp-block-paragraph\">Am privit mult timp ecranul, f\u0103r\u0103 s\u0103 deschid mesajul.<\/p>\n\n\n\n<p class=\"wp-block-paragraph\">\u00cen mine se luptau dou\u0103 persoane.<\/p>\n\n\n\n<p class=\"wp-block-paragraph\">Una voia s\u0103 \u0219tie de ce are nevoie.<\/p>\n\n\n\n<p class=\"wp-block-paragraph\">Cealalt\u0103 \u0219tia deja r\u0103spunsul.<\/p>\n\n\n\n<p class=\"wp-block-paragraph\">Am deschis mesajul.<\/p>\n\n\n\n<p class=\"wp-block-paragraph\">\u201eVoi fi la nunta lui Adele. Ar fi ciudat s\u0103 nu apar \u00een fa\u021ba noii mele familii la un eveniment at\u00e2t de important, nu-i a\u0219a?\u201d<\/p>\n\n\n\n<p class=\"wp-block-paragraph\">Am citit acele cuvinte de mai multe ori.<\/p>\n\n\n\n<p class=\"wp-block-paragraph\">Cincisprezece ani.<\/p>\n\n\n\n<p class=\"wp-block-paragraph\">Cincisprezece ani de t\u0103cere.<\/p>\n\n\n\n<p class=\"wp-block-paragraph\">Niciun telefon.<\/p>\n\n\n\n<p class=\"wp-block-paragraph\">Nicio scrisoare.<\/p>\n\n\n\n<p class=\"wp-block-paragraph\">Nicio \u00eentrebare despre cum au crescut fiicele mele.<\/p>\n\n\n\n<p class=\"wp-block-paragraph\">Nicio aniversare.<\/p>\n\n\n\n<p class=\"wp-block-paragraph\">Niciun Cr\u0103ciun.<\/p>\n\n\n\n<p class=\"wp-block-paragraph\">Nicio \u00eencercare de a afla cum tr\u0103iesc copiii pe care c\u00e2ndva \u00eei numea cea mai important\u0103 parte a vie\u021bii ei.<\/p>\n\n\n\n<p class=\"wp-block-paragraph\">Dar acum voia s\u0103 vin\u0103.<\/p>\n\n\n\n<p class=\"wp-block-paragraph\">Nu pentru c\u0103 \u00eei era dor.<\/p>\n\n\n\n<p class=\"wp-block-paragraph\">Nu pentru c\u0103 \u00ee\u0219i \u00een\u021belesese gre\u0219eala.<\/p>\n\n\n\n<p class=\"wp-block-paragraph\">Ci doar pentru c\u0103, \u00een fa\u021ba cuiva important, conta pentru ea s\u0103 arate bine.<\/p>\n\n\n\n<p class=\"wp-block-paragraph\">Am pus telefonul pe mas\u0103 \u0219i am privit spre sufragerie.<\/p>\n\n\n\n<p class=\"wp-block-paragraph\">De acolo se auzeau r\u00e2sete.<\/p>\n\n\n\n<p class=\"wp-block-paragraph\">Acela\u0219i sunet care m\u0103 salvase \u00een cei mai grei ani.<\/p>\n\n\n\n<p class=\"wp-block-paragraph\">Fiicele mele st\u0103teau acolo \u0219i preg\u0103teau nunta lui Adele.<\/p>\n\n\n\n<p class=\"wp-block-paragraph\">Cinci fete.<\/p>\n\n\n\n<p class=\"wp-block-paragraph\">Cinci personalit\u0103\u021bi diferite.<\/p>\n\n\n\n<p class=\"wp-block-paragraph\">Cinci motive pentru care m\u0103 ridicam \u00een fiecare diminea\u021b\u0103, chiar \u0219i atunci c\u00e2nd nu mai aveam putere.<\/p>\n\n\n\n<p class=\"wp-block-paragraph\">Adele. Bethany. Klara. Daisy.<\/p>\n\n\n\n<p class=\"wp-block-paragraph\">Nora.<\/p>\n\n\n\n<p class=\"wp-block-paragraph\">C\u00e2ndva erau ni\u0219te copii mici care nu \u00een\u021belegeau de ce familia lor se destram\u0103.<\/p>\n\n\n\n<p class=\"wp-block-paragraph\">Acum una dintre ele era o femeie adult\u0103 care \u00eencepea propria familie.<\/p>\n\n\n\n<p class=\"wp-block-paragraph\">Dar \u00een inima mea au r\u0103mas mereu acele feti\u021be mici c\u0103rora le promisesem c\u0103 le voi proteja.<\/p>\n\n\n\n<p class=\"wp-block-paragraph\">M\u0103 \u00eentorceam adesea cu g\u00e2ndul la acea zi.<\/p>\n\n\n\n<p class=\"wp-block-paragraph\">Ziua \u00een care Maja a plecat.<\/p>\n\n\n\n<p class=\"wp-block-paragraph\">Casa noastr\u0103 atunci ar\u0103ta complet diferit.<\/p>\n\n\n\n<p class=\"wp-block-paragraph\">Nu era mare.<\/p>\n\n\n\n<p class=\"wp-block-paragraph\">Nu aveam mobil\u0103 scump\u0103, ma\u0219ini luxoase sau vacan\u021be extravagante.<\/p>\n\n\n\n<p class=\"wp-block-paragraph\">Dar era plin\u0103 de via\u021b\u0103.<\/p>\n\n\n\n<p class=\"wp-block-paragraph\">Pe frigider erau desene f\u0103cute de copii.<\/p>\n\n\n\n<p class=\"wp-block-paragraph\">Pe podea erau juc\u0103rii.<\/p>\n\n\n\n<p class=\"wp-block-paragraph\">Diminea\u021ba se auzeau r\u00e2sete.<\/p>\n\n\n\n<p class=\"wp-block-paragraph\">Cinci feti\u021be mici credeau c\u0103 p\u0103rin\u021bii lor vor r\u0103m\u00e2ne \u00eempreun\u0103 pentru totdeauna.<\/p>\n\n\n\n<p class=\"wp-block-paragraph\">St\u0103team pe hol cu micu\u021ba Nora \u00een bra\u021be. Avea doar c\u00e2teva luni. Nu \u00een\u021belegea \u00eenc\u0103 vorbele, dar \u00een\u021belegea emo\u021biile.<\/p>\n\n\n\n<p class=\"wp-block-paragraph\">Copiii simt mereu c\u00e2nd ceva se destram\u0103.<\/p>\n\n\n\n<p class=\"wp-block-paragraph\">Maja \u00ee\u0219i \u00eempacheta lucrurile \u00eentr-o valiz\u0103.<\/p>\n\n\n\n<p class=\"wp-block-paragraph\">Calm.<\/p>\n\n\n\n<p class=\"wp-block-paragraph\">F\u0103r\u0103 lacrimi.<\/p>\n\n\n\n<p class=\"wp-block-paragraph\">F\u0103r\u0103 ezitare.<\/p>\n\n\n\n<p class=\"wp-block-paragraph\">De parc\u0103 pleca doar pentru un weekend.<\/p>\n\n\n\n<p class=\"wp-block-paragraph\">M\u0103 uitam la ea \u0219i \u00eencercam s\u0103 g\u0103sesc femeia pe care o iubisem c\u00e2ndva.<\/p>\n\n\n\n<p class=\"wp-block-paragraph\">\u2014 Chiar pleci? \u2014 am \u00eentrebat.<\/p>\n\n\n\n<p class=\"wp-block-paragraph\">Ea continua s\u0103 \u00eemp\u0103tureasc\u0103 hainele.<\/p>\n\n\n\n<p class=\"wp-block-paragraph\">\u2014 Da.<\/p>\n\n\n\n<p class=\"wp-block-paragraph\">\u2014 Dar copiii no\u0219tri?<\/p>\n\n\n\n<p class=\"wp-block-paragraph\">S-a oprit doar pentru o clip\u0103.<\/p>\n\n\n\n<p class=\"wp-block-paragraph\">Am sperat c\u0103 se va uita la fete.<\/p>\n\n\n\n<p class=\"wp-block-paragraph\">C\u0103 le va vedea chipurile.<\/p>\n\n\n\n<p class=\"wp-block-paragraph\">C\u0103 \u00ee\u0219i va aminti nop\u021bile nedormite, primii pa\u0219i, bolile, r\u00e2setele \u0219i \u00eembr\u0103\u021bi\u0219\u0103rile.<\/p>\n\n\n\n<p class=\"wp-block-paragraph\">Dar ea a spus doar:<\/p>\n\n\n\n<p class=\"wp-block-paragraph\">\u2014 M-am s\u0103turat de via\u021ba asta.<\/p>\n\n\n\n<p class=\"wp-block-paragraph\">Am privit-o.<\/p>\n\n\n\n<p class=\"wp-block-paragraph\">\u2014 Avem cinci fiice. Aceasta este via\u021ba noastr\u0103.<\/p>\n\n\n\n<p class=\"wp-block-paragraph\">A r\u0103spuns \u00eencet:<\/p>\n\n\n\n<p class=\"wp-block-paragraph\">\u2014 Tocmai de aceea.<\/p>\n\n\n\n<p class=\"wp-block-paragraph\">Acele cuvinte au r\u0103mas cu mine mul\u021bi ani.<\/p>\n\n\n\n<p class=\"wp-block-paragraph\">Pentru c\u0103 uneori cele mai dureroase cuvinte nu sunt cele spuse cu \u021bipete.<\/p>\n\n\n\n<p class=\"wp-block-paragraph\">Ci cele spuse calm.<\/p>\n\n\n\n<p class=\"wp-block-paragraph\">Maja a ales o alt\u0103 via\u021b\u0103.<\/p>\n\n\n\n<p class=\"wp-block-paragraph\">O via\u021b\u0103 al\u0103turi de Harry.<\/p>\n\n\n\n<p class=\"wp-block-paragraph\">\u0218eful ei.<\/p>\n\n\n\n<p class=\"wp-block-paragraph\">Un b\u0103rbat care putea s\u0103-i ofere tot ceea ce ea considera semne ale fericirii.<\/p>\n\n\n\n<p class=\"wp-block-paragraph\">O cas\u0103 mare.<\/p>\n\n\n\n<p class=\"wp-block-paragraph\">Cadouri scumpe.<\/p>\n\n\n\n<p class=\"wp-block-paragraph\">C\u0103l\u0103torii.<\/p>\n\n\n\n<p class=\"wp-block-paragraph\">Statut social.<\/p>\n\n\n\n<p class=\"wp-block-paragraph\">Privea via\u021ba noastr\u0103 simpl\u0103 \u0219i vedea doar limite.<\/p>\n\n\n\n<p class=\"wp-block-paragraph\">Eu priveam aceea\u0219i via\u021b\u0103 \u0219i vedeam tot ceea ce aveam.<\/p>\n\n\n\n<p class=\"wp-block-paragraph\">Cinci fiice.<\/p>\n\n\n\n<p class=\"wp-block-paragraph\">O familie.<\/p>\n\n\n\n<p class=\"wp-block-paragraph\">O cas\u0103.<\/p>\n\n\n\n<p class=\"wp-block-paragraph\">Iubire.<\/p>\n\n\n\n<p class=\"wp-block-paragraph\">\u00cenainte s\u0103 plece, s-a apropiat de u\u0219\u0103.<\/p>\n\n\n\n<p class=\"wp-block-paragraph\">Atunci Adele a ap\u0103rut pe hol.<\/p>\n\n\n\n<p class=\"wp-block-paragraph\">Avea \u0219apte ani.<\/p>\n\n\n\n<p class=\"wp-block-paragraph\">\u021ainea p\u0103pu\u0219a ei preferat\u0103 \u0219i se uita la mama ei.<\/p>\n\n\n\n<p class=\"wp-block-paragraph\">\u2014 Mam\u0103?<\/p>\n\n\n\n<p class=\"wp-block-paragraph\">Un singur cuv\u00e2nt.<\/p>\n\n\n\n<p class=\"wp-block-paragraph\">Dar \u00een el era at\u00e2t de mult\u0103 speran\u021b\u0103.<\/p>\n\n\n\n<p class=\"wp-block-paragraph\">Maja s-a \u00eentors.<\/p>\n\n\n\n<p class=\"wp-block-paragraph\">Am v\u0103zut cum i s-a schimbat chipul.<\/p>\n\n\n\n<p class=\"wp-block-paragraph\">Pentru o clip\u0103 a fost din nou mam\u0103.<\/p>\n\n\n\n<p class=\"wp-block-paragraph\">Dar apoi privirea i-a devenit rece.<\/p>\n\n\n\n<p class=\"wp-block-paragraph\">\u2014 S\u0103 fii o feti\u021b\u0103 cuminte.<\/p>\n\n\n\n<p class=\"wp-block-paragraph\">\u0218i a plecat.<\/p>\n\n\n\n<p class=\"wp-block-paragraph\">\u00cemi amintesc sunetul u\u0219ii care s-a \u00eenchis.<\/p>\n\n\n\n<p class=\"wp-block-paragraph\">Uneori un singur sunet poate \u00eemp\u0103r\u021bi via\u021ba \u00een \u201e\u00eenainte\u201d \u0219i \u201edup\u0103\u201d.<\/p>\n\n\n\n<p class=\"wp-block-paragraph\">Dup\u0103 acea zi nu am mai fost doar tat\u0103.<\/p>\n\n\n\n<p class=\"wp-block-paragraph\">Am fost totul.<\/p>\n\n\n\n<p class=\"wp-block-paragraph\">Eu preg\u0103team micul dejun diminea\u021ba.<\/p>\n\n\n\n<p class=\"wp-block-paragraph\">Eu le \u00eempleteam p\u0103rul \u00eenainte de \u0219coal\u0103.<\/p>\n\n\n\n<p class=\"wp-block-paragraph\">Eu st\u0103team l\u00e2ng\u0103 patul lor noaptea c\u00e2nd aveau febr\u0103.<\/p>\n\n\n\n<p class=\"wp-block-paragraph\">Eu le explicam de ce prima iubire uneori doare.<\/p>\n\n\n\n<p class=\"wp-block-paragraph\">Eu le \u00eenv\u0103\u021bam s\u0103 fie puternice, dar s\u0103 nu le fie niciodat\u0103 ru\u0219ine de sentimentele lor.<\/p>\n\n\n\n<p class=\"wp-block-paragraph\">Primele luni au fost cele mai grele.<\/p>\n\n\n\n<p class=\"wp-block-paragraph\">M\u0103 \u00eentorceam de la munc\u0103 complet epuizat, dar vedeam cinci perechi de ochi care m\u0103 a\u0219teptau.<\/p>\n\n\n\n<p class=\"wp-block-paragraph\">\u0218i \u0219tiam: nu am voie s\u0103 renun\u021b.<\/p>\n\n\n\n<p class=\"wp-block-paragraph\">Am muncit mai mult dec\u00e2t oric\u00e2nd.<\/p>\n\n\n\n<p class=\"wp-block-paragraph\">Am luat ture suplimentare.<\/p>\n\n\n\n<p class=\"wp-block-paragraph\">Am reparat mobil\u0103 \u00een weekenduri.<\/p>\n\n\n\n<p class=\"wp-block-paragraph\">Am economisit pe mine ca fetelor s\u0103 nu le lipseasc\u0103 nimic.<\/p>\n\n\n\n<p class=\"wp-block-paragraph\">Am \u00eenv\u0103\u021bat s\u0103 fac lucruri pe care \u00eenainte nu \u0219tiam s\u0103 le fac.<\/p>\n\n\n\n<p class=\"wp-block-paragraph\">Am \u00eenv\u0103\u021bat s\u0103 fiu \u00een acela\u0219i timp tat\u0103 \u0219i mam\u0103.<\/p>\n\n\n\n<p class=\"wp-block-paragraph\">Nu pentru c\u0103 a\u0219 fi putut s\u0103 le \u00eenlocuiesc mama.<\/p>\n\n\n\n<p class=\"wp-block-paragraph\">Ci pentru c\u0103 cineva trebuia s\u0103 fie acolo.<\/p>\n\n\n\n<p class=\"wp-block-paragraph\">\u00centr-o zi, Adele s-a uitat la primele mele \u00eencerc\u0103ri de a-i \u00eempleti p\u0103rul \u0219i a izbucnit \u00een r\u00e2s.<\/p>\n\n\n\n<p class=\"wp-block-paragraph\">\u2014 Tat\u0103, cred c\u0103 mi-ai f\u0103cut o coafur\u0103 ca unui pui\u0219or.<\/p>\n\n\n\n<p class=\"wp-block-paragraph\">Am f\u0103cut o fa\u021b\u0103 serioas\u0103.<\/p>\n\n\n\n<p class=\"wp-block-paragraph\">\u2014 Este o mod\u0103 nou\u0103.<\/p>\n\n\n\n<p class=\"wp-block-paragraph\">A r\u00e2s.<\/p>\n\n\n\n<p class=\"wp-block-paragraph\">\u0218i am r\u00e2s \u00eempreun\u0103 cu ea.<\/p>\n\n\n\n<p class=\"wp-block-paragraph\">Astfel de momente m\u0103 \u021bineau \u00een via\u021b\u0103.<\/p>\n\n\n\n<p class=\"wp-block-paragraph\">Anii au trecut.<\/p>\n\n\n\n<p class=\"wp-block-paragraph\">Fetele au crescut.<\/p>\n\n\n\n<p class=\"wp-block-paragraph\">Adele a devenit persoana de care am fost mereu m\u00e2ndru.<\/p>\n\n\n\n<p class=\"wp-block-paragraph\">A ales profesia de profesoar\u0103 \u0219i \u00een fiecare zi ajuta copii care aveau \u0219i ei nevoie uneori de sprijin.<\/p>\n\n\n\n<p class=\"wp-block-paragraph\">C\u00e2nd mi-a spus c\u0103 se c\u0103s\u0103tore\u0219te cu Daniel, am sim\u021bit o bucurie imens\u0103.<\/p>\n\n\n\n<p class=\"wp-block-paragraph\">Dar odat\u0103 cu bucuria a venit \u0219i o triste\u021be t\u0103cut\u0103.<\/p>\n\n\n\n<p class=\"wp-block-paragraph\">Pentru c\u0103 orice tat\u0103 \u0219tie: \u00eentr-o zi vine momentul \u00een care fiica lui pleac\u0103 pentru a-\u0219i construi propria via\u021b\u0103.<\/p>\n\n\n\n<p class=\"wp-block-paragraph\">Cu o zi \u00eenainte de nunt\u0103 i-am ar\u0103tat mesajul de la Maja.<\/p>\n\n\n\n<p class=\"wp-block-paragraph\">M\u0103 a\u0219teptam la furie.<\/p>\n\n\n\n<p class=\"wp-block-paragraph\">Furia ei ar fi fost de \u00een\u021beles.<\/p>\n\n\n\n<p class=\"wp-block-paragraph\">Dar Adele doar a citit mesajul lini\u0219tit\u0103 \u0219i mi-a \u00eenapoiat telefonul.<\/p>\n\n\n\n<p class=\"wp-block-paragraph\">\u2014 Las-o s\u0103 vin\u0103, tat\u0103.<\/p>\n\n\n\n<p class=\"wp-block-paragraph\">Am fost surprins.<\/p>\n\n\n\n<p class=\"wp-block-paragraph\">\u2014 E\u0219ti sigur\u0103?<\/p>\n\n\n\n<p class=\"wp-block-paragraph\">S-a uitat la mine calm.<\/p>\n\n\n\n<p class=\"wp-block-paragraph\">\u2014 Da. Nu mai sunt feti\u021ba care o a\u0219tepta la u\u0219\u0103.<\/p>\n\n\n\n<p class=\"wp-block-paragraph\">Apoi a z\u00e2mbit.<\/p>\n\n\n\n<p class=\"wp-block-paragraph\">\u2014 Acum \u0219tiu cine a fost cu adev\u0103rat l\u00e2ng\u0103 mine.<\/p>\n\n\n\n<p class=\"wp-block-paragraph\">A doua zi a avut loc nunta.<\/p>\n\n\n\n<p class=\"wp-block-paragraph\">C\u00e2nd o conduceam pe Adele spre altar, sim\u021beam cum to\u021bi acei ani se amestecau \u00een inima mea.<\/p>\n\n\n\n<p class=\"wp-block-paragraph\">Toate greut\u0103\u021bile.<\/p>\n\n\n\n<p class=\"wp-block-paragraph\">Toate nop\u021bile nedormite.<\/p>\n\n\n\n<p class=\"wp-block-paragraph\">Toate momentele \u00een care m\u0103 temeam c\u0103 nu fac destul.<\/p>\n\n\n\n<p class=\"wp-block-paragraph\">S-a aplecat spre mine \u0219i mi-a spus \u00eencet:<\/p>\n\n\n\n<p class=\"wp-block-paragraph\">\u2014 Tat\u0103, \u00eentotdeauna ai fost totul pentru noi.<\/p>\n\n\n\n<p class=\"wp-block-paragraph\">Nu am r\u0103spuns.<\/p>\n\n\n\n<p class=\"wp-block-paragraph\">Pentru c\u0103 uneori cele mai importante cuvinte nu pot fi rostite.<\/p>\n\n\n\n<p class=\"wp-block-paragraph\">Atunci s-au deschis u\u0219ile.<\/p>\n\n\n\n<p class=\"wp-block-paragraph\">\u0218i a intrat Maja.<\/p>\n\n\n\n<p class=\"wp-block-paragraph\">Ar\u0103ta ca \u0219i cum ace\u0219ti cincisprezece ani nu ar fi existat niciodat\u0103.<\/p>\n\n\n\n<p class=\"wp-block-paragraph\">Era elegant \u00eembr\u0103cat\u0103.<\/p>\n\n\n\n<p class=\"wp-block-paragraph\">Sigur\u0103 pe ea.<\/p>\n\n\n\n<p class=\"wp-block-paragraph\">Calm\u0103.<\/p>\n\n\n\n<p class=\"wp-block-paragraph\">L\u00e2ng\u0103 ea st\u0103tea Harry.<\/p>\n\n\n\n<p class=\"wp-block-paragraph\">Z\u00e2mbea invita\u021bilor, ca \u0219i cum nu s-ar fi \u00eentors dup\u0103 o dispari\u021bie, ci dup\u0103 o scurt\u0103 absen\u021b\u0103.<\/p>\n\n\n\n<p class=\"wp-block-paragraph\">S-a apropiat de Adele.<\/p>\n\n\n\n<p class=\"wp-block-paragraph\">\u2014 Fiica mea.<\/p>\n\n\n\n<p class=\"wp-block-paragraph\">Dar Adele nu s-a aruncat \u00een bra\u021bele ei.<\/p>\n\n\n\n<p class=\"wp-block-paragraph\">Pentru c\u0103 unele r\u0103ni nu se vindec\u0103 doar prin cuvinte.<\/p>\n\n\n\n<p class=\"wp-block-paragraph\">Maja a \u00eembr\u0103\u021bi\u0219at-o \u0219i a spus cu voce tare:<\/p>\n\n\n\n<p class=\"wp-block-paragraph\">\u2014 \u00cen sf\u00e2r\u0219it suntem din nou \u00eempreun\u0103.<\/p>\n\n\n\n<p class=\"wp-block-paragraph\">Apoi a ad\u0103ugat:<\/p>\n\n\n\n<p class=\"wp-block-paragraph\">\u2014 P\u0103cat doar c\u0103 copil\u0103ria ta a fost a\u0219a din cauza tat\u0103lui t\u0103u.<\/p>\n\n\n\n<p class=\"wp-block-paragraph\">\u00cen sal\u0103 s-a f\u0103cut lini\u0219te.<\/p>\n\n\n\n<p class=\"wp-block-paragraph\">M-am uitat la Adele.<\/p>\n\n\n\n<p class=\"wp-block-paragraph\">\u0218i am \u00een\u021beles c\u0103 nu mai era feti\u021ba din trecut.<\/p>\n\n\n\n<p class=\"wp-block-paragraph\">Ea \u00eens\u0103\u0219i a f\u0103cut un pas \u00eenainte.<\/p>\n\n\n\n<p class=\"wp-block-paragraph\">\u2014 Mam\u0103, \u021bi-am preg\u0103tit un cadou.<\/p>\n\n\n\n<p class=\"wp-block-paragraph\">A cerut s\u0103 fie adus\u0103 o cutie alb\u0103 mare.<\/p>\n\n\n\n<p class=\"wp-block-paragraph\">Maja a z\u00e2mbit.<\/p>\n\n\n\n<p class=\"wp-block-paragraph\">Se a\u0219tepta la ceva frumos.<\/p>\n\n\n\n<p class=\"wp-block-paragraph\">La ceva care s\u0103 confirme \u00eentoarcerea ei.<\/p>\n\n\n\n<p class=\"wp-block-paragraph\">Dar \u00een\u0103untru nu era lux.<\/p>\n\n\n\n<p class=\"wp-block-paragraph\">\u00cen\u0103untru era memorie.<\/p>\n\n\n\n<p class=\"wp-block-paragraph\">Un lucru vechi din copil\u0103ria Norei.<\/p>\n\n\n\n<p class=\"wp-block-paragraph\">Fotografii.<\/p>\n\n\n\n<p class=\"wp-block-paragraph\">\u00censemn\u0103ri.<\/p>\n\n\n\n<p class=\"wp-block-paragraph\">Obiecte mici din via\u021ba celor cinci fiice.<\/p>\n\n\n\n<p class=\"wp-block-paragraph\">O via\u021b\u0103 pe care o ratase.<\/p>\n\n\n\n<p class=\"wp-block-paragraph\">Fotografii doar cu tat\u0103l \u0219i cele cinci fiice.<\/p>\n\n\n\n<p class=\"wp-block-paragraph\">\u0218i pentru prima dat\u0103 dup\u0103 cincisprezece ani, Maja nu a v\u0103zut o acuza\u021bie.<\/p>\n\n\n\n<p class=\"wp-block-paragraph\">A v\u0103zut consecin\u021bele alegerii sale.<\/p>\n\n\n\n<p class=\"wp-block-paragraph\">Apoi Adele a rostit cuvintele pe care nimeni din acea sal\u0103 nu le va uita vreodat\u0103:<\/p>\n\n\n\n<p class=\"wp-block-paragraph\">\u2014 Nu este r\u0103zbunare.<\/p>\n\n\n\n<p class=\"wp-block-paragraph\">\u2014 Este doar adev\u0103rul.<\/p>\n\n\n\n<p class=\"wp-block-paragraph\">Pentru c\u0103 timpul nu poate fi dat \u00eenapoi.<\/p>\n\n\n\n<p class=\"wp-block-paragraph\">Iar iubirea nu poate fi pornit\u0103 atunci c\u00e2nd \u00ee\u021bi este convenabil.<\/p>\n\n\n\n<p class=\"wp-block-paragraph\">Uneori omul \u00een\u021belege valoarea familiei abia atunci c\u00e2nd familia a \u00eenv\u0103\u021bat deja s\u0103 tr\u0103iasc\u0103 f\u0103r\u0103 el.<\/p>\n\n\n\n<p class=\"wp-block-paragraph\">Iar \u00een acea zi, Maja a v\u0103zut pentru prima dat\u0103 ceea ce pierduse.<\/p>\n\n\n\n<p class=\"wp-block-paragraph\">A v\u0103zut cinci fiice adulte.<\/p>\n\n\n\n<p class=\"wp-block-paragraph\">\u0218i b\u0103rbatul care a r\u0103mas.<\/p>\n\n\n\n<p class=\"wp-block-paragraph\">B\u0103rbatul care nu a promis niciodat\u0103 c\u0103 va fi perfect.<\/p>\n\n\n\n<p class=\"wp-block-paragraph\">Dar care a fost acolo \u00een fiecare zi.<\/p>\n\n\n\n<p class=\"wp-block-paragraph\">\u0218i tocmai asta s-a dovedit a fi cel mai important.<\/p>\n","protected":false},"excerpt":{"rendered":"<p>So\u021bia mea m-a p\u0103r\u0103sit pe mine \u0219i pe cele cinci fiice ale noastre pentru \u0219eful ei bogat. Dup\u0103 cincisprezece ani, a ap\u0103rut la nunta fiicei noastre celei mai mari. Niciodat\u0103 nu am crezut c\u0103 un om poate disp\u0103rea din via\u021ba ta timp de cincisprezece ani, iar apoi, printr-un singur mesaj, s\u0103 te fac\u0103 s\u0103 sim\u021bi &#8230; <a title=\"So\u021bia mea m-a p\u0103r\u0103sit pe mine \u0219i pe cele cinci fiice ale noastre pentru \u0219eful ei bogat \u2014 dup\u0103 15 ani s-a \u00eentors la nunta fiicei noastre celei mai mari.\" class=\"read-more\" href=\"https:\/\/stiri-faine.com\/?p=526\" aria-label=\"Read more about So\u021bia mea m-a p\u0103r\u0103sit pe mine \u0219i pe cele cinci fiice ale noastre pentru \u0219eful ei bogat \u2014 dup\u0103 15 ani s-a \u00eentors la nunta fiicei noastre celei mai mari.\">Read more<\/a><\/p>\n","protected":false},"author":1,"featured_media":0,"comment_status":"open","ping_status":"open","sticky":false,"template":"","format":"standard","meta":{"footnotes":""},"categories":[1],"tags":[],"class_list":["post-526","post","type-post","status-publish","format-standard","hentry","category-uncategorized"],"_links":{"self":[{"href":"https:\/\/stiri-faine.com\/index.php?rest_route=\/wp\/v2\/posts\/526","targetHints":{"allow":["GET"]}}],"collection":[{"href":"https:\/\/stiri-faine.com\/index.php?rest_route=\/wp\/v2\/posts"}],"about":[{"href":"https:\/\/stiri-faine.com\/index.php?rest_route=\/wp\/v2\/types\/post"}],"author":[{"embeddable":true,"href":"https:\/\/stiri-faine.com\/index.php?rest_route=\/wp\/v2\/users\/1"}],"replies":[{"embeddable":true,"href":"https:\/\/stiri-faine.com\/index.php?rest_route=%2Fwp%2Fv2%2Fcomments&post=526"}],"version-history":[{"count":1,"href":"https:\/\/stiri-faine.com\/index.php?rest_route=\/wp\/v2\/posts\/526\/revisions"}],"predecessor-version":[{"id":529,"href":"https:\/\/stiri-faine.com\/index.php?rest_route=\/wp\/v2\/posts\/526\/revisions\/529"}],"wp:attachment":[{"href":"https:\/\/stiri-faine.com\/index.php?rest_route=%2Fwp%2Fv2%2Fmedia&parent=526"}],"wp:term":[{"taxonomy":"category","embeddable":true,"href":"https:\/\/stiri-faine.com\/index.php?rest_route=%2Fwp%2Fv2%2Fcategories&post=526"},{"taxonomy":"post_tag","embeddable":true,"href":"https:\/\/stiri-faine.com\/index.php?rest_route=%2Fwp%2Fv2%2Ftags&post=526"}],"curies":[{"name":"wp","href":"https:\/\/api.w.org\/{rel}","templated":true}]}}