{"id":508,"date":"2026-07-12T15:35:22","date_gmt":"2026-07-12T15:35:22","guid":{"rendered":"https:\/\/stiri-faine.com\/?p=508"},"modified":"2026-07-12T15:35:22","modified_gmt":"2026-07-12T15:35:22","slug":"am-67-de-ani-si-acum-o-luna-am-fost-operata-la-sold","status":"publish","type":"post","link":"https:\/\/stiri-faine.com\/?p=508","title":{"rendered":"Am 67 de ani \u0219i acum o lun\u0103 am fost operat\u0103 la \u0219old"},"content":{"rendered":"\n<p class=\"wp-block-paragraph\">\u00cen cutie nu era nicio br\u0103\u021bar\u0103.<\/p>\n\n\n\n<p class=\"wp-block-paragraph\">Era un dosar.<\/p>\n\n\n\n<p class=\"wp-block-paragraph\">Claudia a clipit de c\u00e2teva ori, ne\u00een\u021beleg\u00e2nd. A scos h\u00e2rtiile \u0219i le-a r\u0103sfoit \u00een grab\u0103. Z\u00e2mbetul i s-a topit complet.<\/p>\n\n\n\n<p class=\"wp-block-paragraph\">\u201eDaniel\u2026 ce \u00eenseamn\u0103 asta?\u201d vocea i-a devenit sub\u021bire.<\/p>\n\n\n\n<p class=\"wp-block-paragraph\">El s-a sprijinit de sp\u0103tarul scaunului, calm.<\/p>\n\n\n\n<p class=\"wp-block-paragraph\">\u201eCite\u0219te mai atent.\u201d<\/p>\n\n\n\n<p class=\"wp-block-paragraph\">M\u00e2inile \u00eei tremurau. Prima foaie era o pl\u00e2ngere oficial\u0103. A doua \u2014 declara\u021bia mea. A treia \u2014 \u00eenregistr\u0103ri de la camerele din apropierea ad\u0103postului, unde se vedea clar cum m\u0103 l\u0103sase acolo \u0219i plecase f\u0103r\u0103 s\u0103 se uite \u00eenapoi.<\/p>\n\n\n\n<p class=\"wp-block-paragraph\">\u201eNu\u2026 nu e ce crezi\u2026\u201d a b\u00e2iguit ea.<\/p>\n\n\n\n<p class=\"wp-block-paragraph\">Daniel a ridicat u\u0219or o spr\u00e2ncean\u0103.<\/p>\n\n\n\n<p class=\"wp-block-paragraph\">\u201eBa exact asta este.\u201d<\/p>\n\n\n\n<p class=\"wp-block-paragraph\">\u00cen camer\u0103 s-a f\u0103cut lini\u0219te. Doar ceasul de pe perete mai tic\u0103ia.<\/p>\n\n\n\n<p class=\"wp-block-paragraph\">Claudia a \u00eencercat s\u0103 r\u00e2d\u0103 for\u021bat.<\/p>\n\n\n\n<p class=\"wp-block-paragraph\">\u201eHai, Daniel\u2026 sigur e o ne\u00een\u021belegere. Mama ta a vrut s\u0103 plece, eu doar\u2014\u201d<\/p>\n\n\n\n<p class=\"wp-block-paragraph\">\u201eDestul.\u201d<\/p>\n\n\n\n<p class=\"wp-block-paragraph\">Un singur cuv\u00e2nt. Dar spus at\u00e2t de ap\u0103sat, \u00eenc\u00e2t a \u00eenghe\u021bat aerul.<\/p>\n\n\n\n<p class=\"wp-block-paragraph\">El s-a apropiat \u00eencet de mas\u0103.<\/p>\n\n\n\n<p class=\"wp-block-paragraph\">\u201eAm ajuns la ad\u0103post \u0219i am g\u0103sit-o st\u00e2nd pe un pat metalic, cu o p\u0103tur\u0103 sub\u021bire. Mama mea. La o lun\u0103 dup\u0103 opera\u021bie.\u201d<\/p>\n\n\n\n<p class=\"wp-block-paragraph\">Claudia nu mai spunea nimic.<\/p>\n\n\n\n<p class=\"wp-block-paragraph\">\u201e\u0218tii ce m-a durut cel mai tare?\u201d a continuat el, mai \u00eencet. \u201eNu c\u0103 ai f\u0103cut asta. Ci c\u0103 ai crezut c\u0103 nu o s\u0103 aflu.\u201d<\/p>\n\n\n\n<p class=\"wp-block-paragraph\">Ea a \u00eenghi\u021bit \u00een sec.<\/p>\n\n\n\n<p class=\"wp-block-paragraph\">\u201eDaniel\u2026 eu doar voiam s\u0103 avem via\u021ba noastr\u0103\u2026\u201d<\/p>\n\n\n\n<p class=\"wp-block-paragraph\">\u201eVia\u021ba noastr\u0103?\u201d a repetat el. \u201eVia\u021ba mea o include pe mama mea. A fost acolo c\u00e2nd nu aveam nimic. C\u00e2nd tu nici nu existai \u00een via\u021ba mea.\u201d<\/p>\n\n\n\n<p class=\"wp-block-paragraph\">Ochii ei s-au umplut de lacrimi, dar nu mai impresiona pe nimeni.<\/p>\n\n\n\n<p class=\"wp-block-paragraph\">\u201eAm fost stresat\u0103\u2026 nu am g\u00e2ndit\u2026\u201d<\/p>\n\n\n\n<p class=\"wp-block-paragraph\">Daniel a dat din cap.<\/p>\n\n\n\n<p class=\"wp-block-paragraph\">\u201eExact. Nu ai g\u00e2ndit. \u0218i nici nu ai sim\u021bit.\u201d<\/p>\n\n\n\n<p class=\"wp-block-paragraph\">S-a dus la u\u0219\u0103 \u0219i a deschis-o larg.<\/p>\n\n\n\n<p class=\"wp-block-paragraph\">\u201e\u00ce\u021bi dau o \u0219ans\u0103 s\u0103 faci un lucru corect.\u201d<\/p>\n\n\n\n<p class=\"wp-block-paragraph\">Ea l-a privit speriat\u0103.<\/p>\n\n\n\n<p class=\"wp-block-paragraph\">\u201eCe\u2026 ce vrei s\u0103 spui?\u201d<\/p>\n\n\n\n<p class=\"wp-block-paragraph\">\u201e\u00ce\u021bi faci bagajul. \u0218i pleci.\u201d<\/p>\n\n\n\n<p class=\"wp-block-paragraph\">\u201eDaniel, nu po\u021bi s\u0103 faci asta\u2026\u201d<\/p>\n\n\n\n<p class=\"wp-block-paragraph\">\u201eBa pot,\u201d a spus calm. \u201ePentru c\u0103 eu nu las pe nimeni s\u0103-\u0219i bat\u0103 joc de mama mea. Nici m\u0103car so\u021bia mea.\u201d<\/p>\n\n\n\n<p class=\"wp-block-paragraph\">Cuvintele au c\u0103zut ca un verdict.<\/p>\n\n\n\n<p class=\"wp-block-paragraph\">Claudia s-a uitat \u00een jur, de parc\u0103 ar fi c\u0103utat o ie\u0219ire. Dar nu mai era niciuna.<\/p>\n\n\n\n<p class=\"wp-block-paragraph\">\u00centr-o or\u0103, valiza ei era la u\u0219\u0103.<\/p>\n\n\n\n<p class=\"wp-block-paragraph\">Nu a mai spus mare lucru. Nici el.<\/p>\n\n\n\n<p class=\"wp-block-paragraph\">U\u0219a s-a \u00eenchis \u00een urma ei cu un zgomot surd.<\/p>\n\n\n\n<p class=\"wp-block-paragraph\">A doua zi diminea\u021b\u0103, Daniel a venit la mine cu o saco\u0219\u0103 de la pia\u021b\u0103 \u2014 ro\u0219ii, br\u00e2nz\u0103, p\u00e2ine proasp\u0103t\u0103.<\/p>\n\n\n\n<p class=\"wp-block-paragraph\">\u201eGata, mam\u0103,\u201d a spus el, a\u0219ez\u00e2nd lucrurile pe mas\u0103. \u201eDe azi \u00eenainte, stai lini\u0219tit\u0103. E\u0219ti acas\u0103.\u201d<\/p>\n\n\n\n<p class=\"wp-block-paragraph\">M-am uitat la el \u0219i, pentru prima dat\u0103 dup\u0103 mult timp, am sim\u021bit c\u0103 nu sunt o povar\u0103.<\/p>\n\n\n\n<p class=\"wp-block-paragraph\">Am pus ibricul pe foc.<\/p>\n\n\n\n<p class=\"wp-block-paragraph\">\u201eHai s\u0103 bem o cafea,\u201d i-am spus.<\/p>\n\n\n\n<p class=\"wp-block-paragraph\">A z\u00e2mbit.<\/p>\n\n\n\n<p class=\"wp-block-paragraph\">\u0218i \u00een lini\u0219tea aceea simpl\u0103, cu miros de p\u00e2ine cald\u0103 \u0219i cafea, am \u00een\u021beles un lucru:<\/p>\n\n\n\n<p class=\"wp-block-paragraph\">Respectul nu se cere.<\/p>\n\n\n\n<p class=\"wp-block-paragraph\">Se arat\u0103.<\/p>\n\n\n\n<p class=\"wp-block-paragraph\">Iar cine nu \u0219tie s\u0103-l ofere\u2026 nu are ce c\u0103uta \u00een via\u021ba ta.<\/p>\n","protected":false},"excerpt":{"rendered":"<p>\u00cen cutie nu era nicio br\u0103\u021bar\u0103. Era un dosar. Claudia a clipit de c\u00e2teva ori, ne\u00een\u021beleg\u00e2nd. A scos h\u00e2rtiile \u0219i le-a r\u0103sfoit \u00een grab\u0103. Z\u00e2mbetul i s-a topit complet. \u201eDaniel\u2026 ce \u00eenseamn\u0103 asta?\u201d vocea i-a devenit sub\u021bire. El s-a sprijinit de sp\u0103tarul scaunului, calm. \u201eCite\u0219te mai atent.\u201d M\u00e2inile \u00eei tremurau. Prima foaie era o pl\u00e2ngere &#8230; <a title=\"Am 67 de ani \u0219i acum o lun\u0103 am fost operat\u0103 la \u0219old\" class=\"read-more\" href=\"https:\/\/stiri-faine.com\/?p=508\" aria-label=\"Read more about Am 67 de ani \u0219i acum o lun\u0103 am fost operat\u0103 la \u0219old\">Read more<\/a><\/p>\n","protected":false},"author":1,"featured_media":0,"comment_status":"open","ping_status":"open","sticky":false,"template":"","format":"standard","meta":{"footnotes":""},"categories":[1],"tags":[],"class_list":["post-508","post","type-post","status-publish","format-standard","hentry","category-uncategorized"],"_links":{"self":[{"href":"https:\/\/stiri-faine.com\/index.php?rest_route=\/wp\/v2\/posts\/508","targetHints":{"allow":["GET"]}}],"collection":[{"href":"https:\/\/stiri-faine.com\/index.php?rest_route=\/wp\/v2\/posts"}],"about":[{"href":"https:\/\/stiri-faine.com\/index.php?rest_route=\/wp\/v2\/types\/post"}],"author":[{"embeddable":true,"href":"https:\/\/stiri-faine.com\/index.php?rest_route=\/wp\/v2\/users\/1"}],"replies":[{"embeddable":true,"href":"https:\/\/stiri-faine.com\/index.php?rest_route=%2Fwp%2Fv2%2Fcomments&post=508"}],"version-history":[{"count":1,"href":"https:\/\/stiri-faine.com\/index.php?rest_route=\/wp\/v2\/posts\/508\/revisions"}],"predecessor-version":[{"id":509,"href":"https:\/\/stiri-faine.com\/index.php?rest_route=\/wp\/v2\/posts\/508\/revisions\/509"}],"wp:attachment":[{"href":"https:\/\/stiri-faine.com\/index.php?rest_route=%2Fwp%2Fv2%2Fmedia&parent=508"}],"wp:term":[{"taxonomy":"category","embeddable":true,"href":"https:\/\/stiri-faine.com\/index.php?rest_route=%2Fwp%2Fv2%2Fcategories&post=508"},{"taxonomy":"post_tag","embeddable":true,"href":"https:\/\/stiri-faine.com\/index.php?rest_route=%2Fwp%2Fv2%2Ftags&post=508"}],"curies":[{"name":"wp","href":"https:\/\/api.w.org\/{rel}","templated":true}]}}