{"id":1094,"date":"2026-07-17T08:59:44","date_gmt":"2026-07-17T08:59:44","guid":{"rendered":"https:\/\/stiri-faine.com\/?p=1094"},"modified":"2026-07-17T08:59:45","modified_gmt":"2026-07-17T08:59:45","slug":"inca-din-copilarie-m-am-rusinat-de-meseria-tatalui-meu-dar-mai-tarziu-am-inteles-cine-a-fost-el-cu-adevarat","status":"publish","type":"post","link":"https:\/\/stiri-faine.com\/?p=1094","title":{"rendered":"\u00cenc\u0103 din copil\u0103rie m-am ru\u0219inat de meseria tat\u0103lui meu, dar mai t\u00e2rziu am \u00een\u021beles cine a fost el cu adev\u0103rat"},"content":{"rendered":"\n<p class=\"wp-block-paragraph\">C\u00e2nd eram mic\u0103, mereu m\u0103 ru\u0219inam de meseria tat\u0103lui meu. \u00cen timp ce prietenii mei se l\u0103udau cu p\u0103rin\u021bi doctori sau oameni de afaceri, tat\u0103l meu lucra ca mecanic. \u00ce\u0219i petrecea zilele \u00eentr-un atelier murdar, repar\u00e2nd motociclete, iar m\u00e2inile \u00eei erau mereu murdare de unsoare, hainele uzate. C\u00e2nd venea cu vechea lui motociclet\u0103, purt\u00e2nd vesta sa de piele p\u0103tat\u0103 cu ulei, sim\u021beam c\u0103 p\u0103m\u00e2ntul \u00eemi fuge de sub picioare. Nu era imaginea tat\u0103lui pe care mi-o imaginam.<\/p>\n\n\n\n<p class=\"wp-block-paragraph\">Nu sem\u0103na deloc cu p\u0103rin\u021bii colegilor mei \u0219i deseori \u00eencercam s\u0103 m\u0103 distan\u021bez de el. La \u0219coal\u0103 nu-i spuneam \u201etat\u0103\u201d, ci \u201eFrank\u201d, crez\u00e2nd c\u0103 a\u0219a va fi mai u\u0219or. Nici nu-mi puteam imagina cum \u00eel vedeau ceilal\u021bi. Atunci nu \u00een\u021belegeam c\u00e2t de mult pierd.<\/p>\n\n\n\n<p class=\"wp-block-paragraph\">Cea mai dureroas\u0103 amintire a fost ziua absolvirii mele. To\u021bi p\u0103rin\u021bii au venit \u00een costume elegante, z\u00e2mbind, m\u00e2ndri de copiii lor. Iar tat\u0103l meu a venit \u00een cei mai buni blugi ai lui \u0219i o c\u0103ma\u0219\u0103 simpl\u0103, cu fa\u021ba ars\u0103 de soare \u0219i tatuaje decolorate. C\u00e2nd, dup\u0103 ceremonie, \u0219i-a \u00eentins bra\u021bele c\u0103tre mine, m-am dat \u00eenapoi \u0219i, \u00een loc s\u0103-l \u00eembr\u0103\u021bi\u0219ez, i-am \u00eentins o m\u00e2n\u0103 rece.<\/p>\n\n\n\n<p class=\"wp-block-paragraph\">Atunci am crezut c\u0103 e cel mai bun mod de a m\u0103 rupe de lumea lui. Nu realizam c\u00e2t de mult \u00eensemna el pentru ceilal\u021bi.<\/p>\n\n\n\n<p class=\"wp-block-paragraph\">O lun\u0103 mai t\u00e2rziu am primit o veste \u00eengrozitoare. A murit din cauza unei boli. \u0218i nu \u0219tiam. C\u00e2nd am \u00eenchis telefonul, nu am sim\u021bit durere \u2013 doar un gol. Ca \u0219i cum nu era nici triste\u021be, nici p\u0103rere de r\u0103u. Nu sim\u021beam nimic \u2013 \u0219i asta m-a \u00eensp\u0103im\u00e2ntat cel mai tare.<\/p>\n\n\n\n<p class=\"wp-block-paragraph\">M-am \u00eentors acas\u0103 pentru \u00eenmorm\u00e2ntare \u0219i acela a fost momentul care mi-a schimbat via\u021ba. M\u0103 a\u0219teptam s\u0103 v\u0103d doar c\u00e2teva fe\u021be cunoscute, c\u00e2\u021biva vechi prieteni cu care mai \u021binuse leg\u0103tura. Dar c\u00e2nd am ajuns, parcarea din fa\u021ba bisericii era plin\u0103 de motociclete \u2013 sute de motocicli\u0219ti din tot statul st\u0103teau la coad\u0103, to\u021bi \u00een veste negre de piele, cu mici panglici portocalii.<\/p>\n\n\n\n<p class=\"wp-block-paragraph\">\u201eAsta era culoarea lui\u201d, mi-a spus o femeie c\u00e2nd a v\u0103zut c\u0103 m\u0103 uit la panglici. \u201ePurta mereu o bandan\u0103 portocalie. Spunea c\u0103 a\u0219a \u00eel vede mai u\u0219or Dumnezeu pe drum.\u201d<\/p>\n\n\n\n<p class=\"wp-block-paragraph\">Nu \u0219tiam asta. Nu \u0219tiam multe lucruri.<\/p>\n\n\n\n<p class=\"wp-block-paragraph\">\u00cen biseric\u0103, lumea povestea cum ajuta copiii, cum organiza livr\u0103ri de medicamente \u00een timpul viscolului, cum nu trecea niciodat\u0103 nep\u0103s\u0103tor pe l\u00e2ng\u0103 cei \u00een nevoie. Pentru mul\u021bi era ca un frate. S\u0103-l privesc pe tat\u0103l meu ca pe un erou mi se p\u0103rea at\u00e2t de str\u0103in, \u00eenc\u00e2t cu greu puteam s\u0103 cred.<\/p>\n\n\n\n<p class=\"wp-block-paragraph\">Dup\u0103 slujb\u0103, o avocat\u0103 s-a apropiat de mine. \u201eTat\u0103l t\u0103u m-a rugat s\u0103-\u021bi dau asta dac\u0103 i se \u00eent\u00e2mpl\u0103 ceva\u201d, mi-a spus, \u00eenm\u00e2n\u00e2ndu-mi o geant\u0103 veche din piele.<\/p>\n\n\n\n<p class=\"wp-block-paragraph\">\u00centoars\u0103 \u00een camera mea, am deschis geanta. \u00cen\u0103untru am g\u0103sit un teanc de documente \u00eenvelite \u00eentr-o bandan\u0103 portocalie, o cutiu\u021b\u0103 \u0219i un plic cu numele meu scris de m\u00e2na lui. Am deschis mai \u00eent\u00e2i scrisoarea.<\/p>\n\n\n\n<p class=\"wp-block-paragraph\">\u00cen ea scria:<\/p>\n\n\n\n<p class=\"wp-block-paragraph\">\u201eDrag\u0103 Emma,<br>Nu sunt bun la vorbe frumoase, a\u0219a c\u0103 o s\u0103 fiu scurt. \u0218tiu c\u0103 te-ai ru\u0219inat de meseria mea de mecanic. \u0218i \u00een\u021beleg \u2013 e\u0219ti de\u0219teapt\u0103, nu trebuie s\u0103 faci ce-am f\u0103cut eu, \u0219i e bine a\u0219a. Dar \u021bine minte un lucru: un om nu e judecat dup\u0103 titlul de pe cartea de vizit\u0103, ci dup\u0103 c\u00e2\u021bi oameni a reu\u0219it s\u0103 ajute.<\/p>\n\n\n\n<p class=\"wp-block-paragraph\">Tot ce e \u00een geanta asta e al t\u0103u. F\u0103 ce vrei cu el. Dac\u0103 sim\u021bi c\u0103 nu ai nevoie, ia motocicleta mea, mergi p\u00e2n\u0103 la marginea ora\u0219ului \u0219i d\u0103 totul primului motociclist care are nevoie. Dar promite-mi un lucru \u2013 niciodat\u0103 s\u0103 nu te lepezi de cine e\u0219ti \u0219i de unde vii.<\/p>\n\n\n\n<p class=\"wp-block-paragraph\">Te iubesc mai mult dec\u00e2t iube\u0219te cromul soarele.<br>Tata.\u201d<\/p>\n\n\n\n<p class=\"wp-block-paragraph\">C\u00e2nd am citit scrisoarea, \u00eemi tremurau m\u00e2inile. \u00cen\u0103untru erau documente \u2013 chitan\u021be, note, \u00eenregistr\u0103ri. Am v\u0103zut cum \u00ee\u0219i cheltuia banii pentru caritate, cum \u00eei sprijinea pe ceilal\u021bi. \u00cen total, timp de 15 ani, donase peste 180.000 de dolari \u2013 o sum\u0103 enorm\u0103 pentru un mecanic.<\/p>\n\n\n\n<p class=\"wp-block-paragraph\">Am deschis cutiu\u021ba de lemn. \u00cen\u0103untru era un breloc cu dou\u0103 chei \u0219i un bile\u021bel: \u201ePentru fiica care nu a \u00eenv\u0103\u021bat niciodat\u0103 s\u0103 mearg\u0103 pe motociclet\u0103.\u201d Iar dedesubt \u2013 un document care confirma c\u0103 motocicleta lui \u00eemi apar\u021bine acum.<\/p>\n\n\n\n<p class=\"wp-block-paragraph\">A doua zi diminea\u021b\u0103 am mers la atelier \u0219i acolo m\u0103 a\u0219tepta Samira \u2013 partenera tat\u0103lui meu. Mi-a povestit c\u0103 el a creat un fond de burse pentru studen\u021bi, numit \u201ePanglica Portocalie\u201d, \u00een onoarea baticului s\u0103u. \u0218i c\u0103 acum pot participa la selec\u021bia bursierilor.<\/p>\n\n\n\n<p class=\"wp-block-paragraph\">C\u00e2teva luni mai t\u00e2rziu, de ziua lui, c\u00e2nd ar fi \u00eemplinit 59 de ani, eram deja pe motociclet\u0103, cu bandana lui portocalie pe cap \u0219i cu un steag \u00een m\u00e2n\u0103. Eram preg\u0103tit\u0103 s\u0103-i continui misiunea.<\/p>\n\n\n\n<p class=\"wp-block-paragraph\">A\u0219a am \u00een\u021beles c\u0103 adev\u0103ratul succes nu st\u0103 \u00een profesie, ci \u00een felul \u00een care le schimbi via\u021ba celorlal\u021bi. \u0218i, \u00een cele din urm\u0103, am \u00een\u021beles ce om extraordinar a fost tat\u0103l meu.<\/p>\n","protected":false},"excerpt":{"rendered":"<p>C\u00e2nd eram mic\u0103, mereu m\u0103 ru\u0219inam de meseria tat\u0103lui meu. \u00cen timp ce prietenii mei se l\u0103udau cu p\u0103rin\u021bi doctori sau oameni de afaceri, tat\u0103l meu lucra ca mecanic. \u00ce\u0219i petrecea zilele \u00eentr-un atelier murdar, repar\u00e2nd motociclete, iar m\u00e2inile \u00eei erau mereu murdare de unsoare, hainele uzate. C\u00e2nd venea cu vechea lui motociclet\u0103, purt\u00e2nd vesta &#8230; <a title=\"\u00cenc\u0103 din copil\u0103rie m-am ru\u0219inat de meseria tat\u0103lui meu, dar mai t\u00e2rziu am \u00een\u021beles cine a fost el cu adev\u0103rat\" class=\"read-more\" href=\"https:\/\/stiri-faine.com\/?p=1094\" aria-label=\"Read more about \u00cenc\u0103 din copil\u0103rie m-am ru\u0219inat de meseria tat\u0103lui meu, dar mai t\u00e2rziu am \u00een\u021beles cine a fost el cu adev\u0103rat\">Read more<\/a><\/p>\n","protected":false},"author":1,"featured_media":0,"comment_status":"open","ping_status":"open","sticky":false,"template":"","format":"standard","meta":{"footnotes":""},"categories":[1],"tags":[],"class_list":["post-1094","post","type-post","status-publish","format-standard","hentry","category-uncategorized"],"_links":{"self":[{"href":"https:\/\/stiri-faine.com\/index.php?rest_route=\/wp\/v2\/posts\/1094","targetHints":{"allow":["GET"]}}],"collection":[{"href":"https:\/\/stiri-faine.com\/index.php?rest_route=\/wp\/v2\/posts"}],"about":[{"href":"https:\/\/stiri-faine.com\/index.php?rest_route=\/wp\/v2\/types\/post"}],"author":[{"embeddable":true,"href":"https:\/\/stiri-faine.com\/index.php?rest_route=\/wp\/v2\/users\/1"}],"replies":[{"embeddable":true,"href":"https:\/\/stiri-faine.com\/index.php?rest_route=%2Fwp%2Fv2%2Fcomments&post=1094"}],"version-history":[{"count":1,"href":"https:\/\/stiri-faine.com\/index.php?rest_route=\/wp\/v2\/posts\/1094\/revisions"}],"predecessor-version":[{"id":1095,"href":"https:\/\/stiri-faine.com\/index.php?rest_route=\/wp\/v2\/posts\/1094\/revisions\/1095"}],"wp:attachment":[{"href":"https:\/\/stiri-faine.com\/index.php?rest_route=%2Fwp%2Fv2%2Fmedia&parent=1094"}],"wp:term":[{"taxonomy":"category","embeddable":true,"href":"https:\/\/stiri-faine.com\/index.php?rest_route=%2Fwp%2Fv2%2Fcategories&post=1094"},{"taxonomy":"post_tag","embeddable":true,"href":"https:\/\/stiri-faine.com\/index.php?rest_route=%2Fwp%2Fv2%2Ftags&post=1094"}],"curies":[{"name":"wp","href":"https:\/\/api.w.org\/{rel}","templated":true}]}}