{"id":1064,"date":"2026-07-17T08:37:27","date_gmt":"2026-07-17T08:37:27","guid":{"rendered":"https:\/\/stiri-faine.com\/?p=1064"},"modified":"2026-07-17T08:37:27","modified_gmt":"2026-07-17T08:37:27","slug":"mama-vitrega-mi-a-spus-ca-tata-murise-si-m-a-alungat-din-casa-copilariei-cateva-ore-mai-tarziu-un-ingrijitor-de-cimitir-mi-a-pus-in-palma-o-cheie-si-mi-a-soptit-adevarul-care-avea-sa-i-distruga-toat-2","status":"publish","type":"post","link":"https:\/\/stiri-faine.com\/?p=1064","title":{"rendered":"Mama vitreg\u0103 mi-a spus c\u0103 tata murise \u0219i m-a alungat din casa copil\u0103riei. C\u00e2teva ore mai t\u00e2rziu, un \u00eengrijitor de cimitir mi-a pus \u00een palm\u0103 o cheie \u0219i mi-a \u0219optit adev\u0103rul care avea s\u0103-i distrug\u0103 toate minciunile."},"content":{"rendered":"<p>\u00cen clipa \u00een care am ie\u0219it pe poarta \u00eenchisorii, aveam un singur g\u00e2nd: s\u0103-mi rev\u0103d tat\u0103l \u0219i s\u0103-i spun, privindu-l \u00een ochi, c\u0103 nu am fost niciodat\u0103 vinovat.<\/p>\n<p>Trei ani petrecu\u021bi dup\u0103 gratii nu \u00eemi luaser\u0103 doar libertatea. \u00cemi r\u0103piser\u0103 timpul, reputa\u021bia \u0219i \u0219ansa de a-mi ap\u0103ra numele \u00een fa\u021ba celor care m\u0103 judecaser\u0103 \u00eenainte s\u0103 m\u0103 asculte. Fusesem condamnat pentru delapidarea firmei familiei, de\u0219i am sus\u021binut de la \u00eenceput c\u0103 nu luasem niciun ban. Nimeni nu m\u0103 crezuse.<\/p>\n<p>Cu un rucsac \u00een spate \u0219i c\u00e2teva lucruri primite la eliberare, am pornit spre casa \u00een care crescusem. \u00cemi imaginam c\u0103 tata m\u0103 va a\u0219tepta sau, m\u0103car, c\u0103 vom avea ocazia s\u0103 l\u0103murim tot ce se \u00eent\u00e2mplase.<\/p>\n<p>Cartierul p\u0103rea cunoscut, dar casa nu mai avea nimic din c\u0103ldura pe care o l\u0103sasem \u00een urm\u0103. Gr\u0103dina fusese schimbat\u0103, trandafirii planta\u021bi \u00eempreun\u0103 cu tata disp\u0103ruser\u0103, iar \u00een curte era parcat un autoturism pe care nu \u00eel mai v\u0103zusem niciodat\u0103.<\/p>\n<p>Am sunat la u\u0219\u0103.<\/p>\n<p>Dup\u0103 c\u00e2teva clipe, \u00een prag a ap\u0103rut Raluca, femeia pe care tata o luase de so\u021bie dup\u0103 moartea mamei mele.<\/p>\n<p>Nu p\u0103rea surprins\u0103 s\u0103 m\u0103 vad\u0103.<\/p>\n<p>\u2014 Ai fost eliberat, a spus sec.<\/p>\n<p>Am trecut peste r\u0103ceala ei \u0219i am \u00eentrebat direct:<\/p>\n<p>\u2014 Unde este tata?<\/p>\n<p>F\u0103r\u0103 urm\u0103 de emo\u021bie, mi-a r\u0103spuns c\u0103 murise cu un an \u00een urm\u0103, r\u0103pus de cancer.<\/p>\n<p>Pentru c\u00e2teva secunde, lumea din jurul meu s-a golit de orice sunet.<\/p>\n<p>Nu reu\u0219eam s\u0103 accept c\u0103 pierdusem singura persoan\u0103 care mai \u00eensemna ceva pentru mine \u0219i c\u0103 nici m\u0103car nu avusesem \u0219ansa s\u0103-mi iau r\u0103mas-bun.<\/p>\n<p>Am \u00eentrebat de ce nu fusesem anun\u021bat.<\/p>\n<p>Raluca a ridicat nep\u0103s\u0103toare din umeri.<\/p>\n<p>\u2014 Erai \u00een penitenciar. Nu mai schimba nimic.<\/p>\n<p>Am sim\u021bit cum m\u0103 cuprinde revolta.<\/p>\n<p>\u2014 Era tat\u0103l meu!<\/p>\n<p>Ea mi-a amintit imediat de condamnarea mea \u0219i a insinuat din nou c\u0103 furasem bani din compania familiei.<\/p>\n<p>I-am repetat c\u0103 eram nevinovat.<\/p>\n<p>Nu a vrut s\u0103 aud\u0103.<\/p>\n<p>Am \u00eencercat s\u0103 p\u0103\u0219esc \u00een cas\u0103, dar mi-a blocat intrarea.<\/p>\n<p>Privind din prag, am observat c\u0103 interiorul fusese complet schimbat. Mobilierul era altul, fotografiile disp\u0103ruser\u0103, iar portretul mamei mele nu mai exista pe niciun perete. Parc\u0103 \u00eentreaga mea copil\u0103rie fusese \u0219tears\u0103 inten\u021bionat.<\/p>\n<p>Am \u00eentrebat dac\u0103 puteam vedea camera tat\u0103lui meu.<\/p>\n<p>\u2014 Nu mai exist\u0103. Am renovat tot.<\/p>\n<p>\u00cen acel moment \u0219i-a f\u0103cut apari\u021bia C\u0103t\u0103lin, fiul Raluc\u0103i.<\/p>\n<p>M-a privit cu un z\u00e2mbet batjocoritor \u0219i a \u00eenceput s\u0103 m\u0103 ironizeze pentru anii petrecu\u021bi \u00een \u00eenchisoare.<\/p>\n<p>L-am ignorat \u0219i am \u00eencercat pentru ultima dat\u0103 s\u0103 aflu dac\u0103 tata \u00eemi l\u0103sase vreun mesaj.<\/p>\n<p>Raluca a negat categoric.<\/p>\n<p>Apoi mi-a spus c\u0103 locuin\u021ba \u00eei apar\u021binea acum \u0219i c\u0103, dac\u0103 m\u0103 mai \u00eentorceam, urma s\u0103 cheme poli\u021bia.<\/p>\n<p>U\u0219a s-a \u00eenchis \u00een fa\u021ba mea f\u0103r\u0103 alte explica\u021bii.<\/p>\n<p>Am r\u0103mas c\u00e2teva clipe nemi\u0219cat, realiz\u00e2nd c\u0103 nu mai aveam nici cas\u0103, nici familie \u0219i nici m\u0103car un loc unde s\u0103-mi pl\u00e2ng tat\u0103l.<\/p>\n<p>Convins c\u0103 fusese \u00eenmorm\u00e2ntat l\u00e2ng\u0103 mama, am mers direct la Cimitirul Bellu.<\/p>\n<p>La intrare, un \u00eengrijitor \u00een v\u00e2rst\u0103 m-a urm\u0103rit atent \u00eenc\u0103 din primul moment.<\/p>\n<p>C\u00e2nd i-am spus numele tat\u0103lui meu, expresia lui s-a schimbat.<\/p>\n<p>M-a \u00eentrebat dac\u0103 m\u0103 numesc Andrei.<\/p>\n<p>Am r\u0103mas surprins.<\/p>\n<p>Nu \u00eel mai v\u0103zusem niciodat\u0103.<\/p>\n<p>B\u0103tr\u00e2nul s-a apropiat \u0219i mi-a explicat c\u0103 tat\u0103l meu \u00eei l\u0103sase o rug\u0103minte: dac\u0103 \u00eentr-o zi aveam s\u0103 apar acolo, trebuia s\u0103 primesc un plic.<\/p>\n<p>Din buzunarul hainei a scos un pachet \u00eeng\u0103lbenit de vreme.<\/p>\n<p>\u00cen\u0103untru se aflau o scrisoare \u0219i o cheie veche, ruginit\u0103. De ea era prins\u0103 o etichet\u0103 pe care scria simplu:BOXA 108.<\/p>\n<p>L-am \u00eentrebat imediat unde era morm\u00e2ntul tat\u0103lui meu.<\/p>\n<p>Omul a privit \u00een jur cu pruden\u021b\u0103, apoi \u0219i-a cobor\u00e2t vocea.<\/p>\n<p>\u2014 \u00cenainte s\u0103 cau\u021bi un morm\u00e2nt, cite\u0219te scrisoarea.<\/p>\n<p>Am desf\u0103cut plicul cu m\u00e2inile tremur\u00e2nde.<\/p>\n<p>Primele cuvinte mi-au t\u0103iat r\u0103suflarea:<\/p>\n<p>\u201eFiule, dac\u0103 aceast\u0103 scrisoare a ajuns la tine, \u00eenseamn\u0103 c\u0103 Raluca \u021bi-a ascuns adev\u0103rul. S\u0103 nu crezi nimic din ceea ce \u00ee\u021bi spune p\u00e2n\u0103 nu deschizi Boxa 108. Acolo vei g\u0103si dovada c\u0103 nu doar condamnarea ta a fost o \u00eenscenare, ci \u0219i c\u0103 moartea mea este cu totul altfel dec\u00e2t \u021bi s-a spus.\u201d<\/p>\n<p>\u00cen acel moment am \u00een\u021beles c\u0103 \u00eentoarcerea mea acas\u0103 nu era sf\u00e2r\u0219itul unui co\u0219mar, ci \u00eenceputul adev\u0103rului pe care cineva \u00eencercase cu orice pre\u021b s\u0103-l \u00eengroape.<\/p>\n","protected":false},"excerpt":{"rendered":"<p>\u00cen clipa \u00een care am ie\u0219it pe poarta \u00eenchisorii, aveam un singur g\u00e2nd: s\u0103-mi rev\u0103d tat\u0103l \u0219i s\u0103-i spun, privindu-l \u00een ochi, c\u0103 nu am fost niciodat\u0103 vinovat. Trei ani petrecu\u021bi dup\u0103 gratii nu \u00eemi luaser\u0103 doar libertatea. \u00cemi r\u0103piser\u0103 timpul, reputa\u021bia \u0219i \u0219ansa de a-mi ap\u0103ra numele \u00een fa\u021ba celor care m\u0103 judecaser\u0103 \u00eenainte &#8230; <a title=\"Mama vitreg\u0103 mi-a spus c\u0103 tata murise \u0219i m-a alungat din casa copil\u0103riei. C\u00e2teva ore mai t\u00e2rziu, un \u00eengrijitor de cimitir mi-a pus \u00een palm\u0103 o cheie \u0219i mi-a \u0219optit adev\u0103rul care avea s\u0103-i distrug\u0103 toate minciunile.\" class=\"read-more\" href=\"https:\/\/stiri-faine.com\/?p=1064\" aria-label=\"Read more about Mama vitreg\u0103 mi-a spus c\u0103 tata murise \u0219i m-a alungat din casa copil\u0103riei. C\u00e2teva ore mai t\u00e2rziu, un \u00eengrijitor de cimitir mi-a pus \u00een palm\u0103 o cheie \u0219i mi-a \u0219optit adev\u0103rul care avea s\u0103-i distrug\u0103 toate minciunile.\">Read more<\/a><\/p>\n","protected":false},"author":1,"featured_media":0,"comment_status":"closed","ping_status":"open","sticky":false,"template":"","format":"standard","meta":{"footnotes":""},"categories":[1],"tags":[],"class_list":["post-1064","post","type-post","status-publish","format-standard","hentry","category-uncategorized"],"_links":{"self":[{"href":"https:\/\/stiri-faine.com\/index.php?rest_route=\/wp\/v2\/posts\/1064","targetHints":{"allow":["GET"]}}],"collection":[{"href":"https:\/\/stiri-faine.com\/index.php?rest_route=\/wp\/v2\/posts"}],"about":[{"href":"https:\/\/stiri-faine.com\/index.php?rest_route=\/wp\/v2\/types\/post"}],"author":[{"embeddable":true,"href":"https:\/\/stiri-faine.com\/index.php?rest_route=\/wp\/v2\/users\/1"}],"replies":[{"embeddable":true,"href":"https:\/\/stiri-faine.com\/index.php?rest_route=%2Fwp%2Fv2%2Fcomments&post=1064"}],"version-history":[{"count":1,"href":"https:\/\/stiri-faine.com\/index.php?rest_route=\/wp\/v2\/posts\/1064\/revisions"}],"predecessor-version":[{"id":1065,"href":"https:\/\/stiri-faine.com\/index.php?rest_route=\/wp\/v2\/posts\/1064\/revisions\/1065"}],"wp:attachment":[{"href":"https:\/\/stiri-faine.com\/index.php?rest_route=%2Fwp%2Fv2%2Fmedia&parent=1064"}],"wp:term":[{"taxonomy":"category","embeddable":true,"href":"https:\/\/stiri-faine.com\/index.php?rest_route=%2Fwp%2Fv2%2Fcategories&post=1064"},{"taxonomy":"post_tag","embeddable":true,"href":"https:\/\/stiri-faine.com\/index.php?rest_route=%2Fwp%2Fv2%2Ftags&post=1064"}],"curies":[{"name":"wp","href":"https:\/\/api.w.org\/{rel}","templated":true}]}}