{"id":1040,"date":"2026-07-17T06:42:49","date_gmt":"2026-07-17T06:42:49","guid":{"rendered":"https:\/\/stiri-faine.com\/?p=1040"},"modified":"2026-07-17T06:42:49","modified_gmt":"2026-07-17T06:42:49","slug":"sotul-meu-a-ras-de-jucariile-pe-care-le-faceam-cu-mainile-mele-dar-nu-stia-ca-acele-fire-aveau-sa-mi-schimbe-viata-2","status":"publish","type":"post","link":"https:\/\/stiri-faine.com\/?p=1040","title":{"rendered":"So\u021bul meu a r\u00e2s de juc\u0103riile pe care le f\u0103ceam cu m\u00e2inile mele\u2026 dar nu \u0219tia c\u0103 acele \u00abfire\u00bb aveau s\u0103-mi schimbe via\u021ba"},"content":{"rendered":"<p>\u2014 Am vrut s\u0103 fie ceva f\u0103cut special pentru tine.<\/p>\n<p>Doina a desf\u0103cut \u00eencet h\u00e2rtia.<\/p>\n<p>\u00cen momentul \u00een care a v\u0103zut iepurele alb, m\u00e2inile i s-au oprit.<\/p>\n<p>Pentru c\u00e2teva secunde nu a spus nimic.<\/p>\n<p>Apoi l-a luat \u00een bra\u021be.<\/p>\n<p>\u2014 Ana\u2026<\/p>\n<p>Vocea i s-a schimbat.<\/p>\n<p>Nu mai era vocea soacrei care \u00eentreba dac\u0103 \u201enu ai g\u0103sit ceva mai folositor de f\u0103cut\u201d.<\/p>\n<p>Era vocea unei femei care \u00een\u021belegea munca din spatele acelui obiect.<\/p>\n<p>A \u00eentors iepurele pe toate p\u0103r\u021bile.<\/p>\n<p>A atins cus\u0103turile.<\/p>\n<p>A privit vestu\u021ba mic\u0103.<\/p>\n<p>\u2014 Fiecare detaliu este f\u0103cut de m\u00e2n\u0103?<\/p>\n<p>Am dat din cap.<\/p>\n<p>\u2014 Da.<\/p>\n<p>Doina a z\u00e2mbit.<\/p>\n<p>\u2014 Atunci nu este o juc\u0103rie.<\/p>\n<p>Radu, care st\u0103tea l\u00e2ng\u0103 mas\u0103 cu un pahar \u00een m\u00e2n\u0103, a r\u00e2s.<\/p>\n<p>\u2014 Mam\u0103, nu \u00eencepe \u0219i tu. Este doar l\u00e2n\u0103.<\/p>\n<p>Doina s-a \u00eentors spre el.<\/p>\n<p>\u0218i pentru prima dat\u0103 dup\u0103 mul\u021bi ani, am v\u0103zut-o privindu-\u0219i fiul cu dezam\u0103gire.<\/p>\n<p>\u2014 Nu, Radu.<\/p>\n<p>Toat\u0103 lumea a t\u0103cut.<\/p>\n<p>\u2014 Nu este \u201edoar l\u00e2n\u0103\u201d.<\/p>\n<p>A ridicat iepurele.<\/p>\n<p>\u2014 Este timpul ei. R\u0103bdarea ei. Munca ei. \u0218i sufletul ei.<\/p>\n<p>Radu a z\u00e2mbit for\u021bat.<\/p>\n<p>\u2014 Hai, mam\u0103, nu transforma un iepure tricotat \u00eentr-o oper\u0103 de art\u0103.<\/p>\n<p>Doina a pus cadoul pe mas\u0103.<\/p>\n<p>\u2014 Fiule, uneori oamenii care nu \u0219tiu s\u0103 creeze nimic sunt cei mai gr\u0103bi\u021bi s\u0103 spun\u0103 c\u0103 ceea ce fac al\u021bii nu valoreaz\u0103 nimic.<\/p>\n<p>\u00cen camer\u0103 s-a f\u0103cut lini\u0219te.<\/p>\n<p>O lini\u0219te pe care Radu nu o mai putea controla.<\/p>\n<p>\u00cen acea sear\u0103 s-a \u00eent\u00e2mplat ceva ce nu mai f\u0103cusem niciodat\u0103.<\/p>\n<p>Nu am \u00eencercat s\u0103 repar atmosfera.<\/p>\n<p>Nu am glumit ca s\u0103 fie toat\u0103 lumea confortabil\u0103.<\/p>\n<p>Nu am spus:<\/p>\n<p>\u201eRadu doar glume\u0219te.\u201d<\/p>\n<p>Pentru c\u0103 nu mai era o glum\u0103.<\/p>\n<p>Era un obicei.<\/p>\n<p>Iar obiceiurile care r\u0103nesc, repetate suficient de mult timp, devin r\u0103ni.<\/p>\n<p>Dup\u0103 ce invita\u021bii au plecat, Radu a intrat \u00een buc\u0103t\u0103rie.<\/p>\n<p>Era nervos.<\/p>\n<p>\u2014 Ce a fost asta?<\/p>\n<p>Am continuat s\u0103 sp\u0103l o can\u0103.<\/p>\n<p>\u2014 Ce anume?<\/p>\n<p>\u2014 S\u0103 m\u0103 pui \u00eentr-o lumin\u0103 proast\u0103 \u00een fa\u021ba mamei mele.<\/p>\n<p>Am ridicat privirea.<\/p>\n<p>\u2014 Eu?<\/p>\n<p>A r\u00e2s scurt.<\/p>\n<p>\u2014 Da. Ai f\u0103cut o dram\u0103 din nimic.<\/p>\n<p>Am l\u0103sat cana jos.<\/p>\n<p>\u2014 Radu, tu ai f\u0103cut asta timp de 12 ani.<\/p>\n<p>S-a oprit.<\/p>\n<p>\u2014 Ce?<\/p>\n<p>\u2014 M-ai f\u0103cut mic\u0103 \u00een fa\u021ba oamenilor. Ai r\u00e2s de mine. Ai transformat ceva ce iubesc \u00eentr-o glum\u0103.<\/p>\n<p>\u2014 Ana, exagerezi.<\/p>\n<p>\u0218i atunci am spus fraza pe care o \u021binusem \u00een mine ani \u00eentregi:<\/p>\n<p>\u2014 Nu exagerez. Doar c\u0103 tu ai fost obi\u0219nuit s\u0103 nu existe consecin\u021be.<\/p>\n<p>Pentru prima dat\u0103, nu avea r\u0103spuns.<\/p>\n<p>A doua zi am f\u0103cut ceva simplu.<\/p>\n<p>Am deschis laptopul.<\/p>\n<p>Am intrat pe pagina mea.<\/p>\n<p>Am schimbat descrierea.<\/p>\n<p>P\u00e2n\u0103 atunci scrisesem:<\/p>\n<p>\u201eFac juc\u0103rii tricotate \u00een timpul liber.\u201d<\/p>\n<p>Am \u0219ters.<\/p>\n<p>\u0218i am scris:<\/p>\n<p>\u201eAna \u2014 crea\u021bii handmade realizate cu r\u0103bdare \u0219i suflet.\u201d<\/p>\n<p>Apoi am postat iepurele alb.<\/p>\n<p>\u00cen dou\u0103 zile aveam peste 50 de mesaje.<\/p>\n<p>Oameni care voiau comenzi.<\/p>\n<p>O mam\u0103 din Ia\u0219i mi-a scris:<\/p>\n<p>\u201eFiica mea are autism \u0219i s-a ata\u0219at de iepura\u0219ul dumneavoastr\u0103 din poz\u0103. Spune c\u0103 pare c\u0103 z\u00e2mbe\u0219te.\u201d<\/p>\n<p>Am citit mesajul de trei ori.<\/p>\n<p>\u0218i am pl\u00e2ns.<\/p>\n<p>Nu de triste\u021be.<\/p>\n<p>Ci pentru c\u0103, dup\u0103 at\u00e2ta timp, cineva vedea exact ceea ce f\u0103ceam.<\/p>\n<p>Radu a observat schimbarea.<\/p>\n<p>Nu imediat.<\/p>\n<p>Dar treptat.<\/p>\n<p>A v\u0103zut cutiile cu materiale.<\/p>\n<p>A v\u0103zut mesajele.<\/p>\n<p>A v\u0103zut c\u0103 oamenii apreciau ceea ce el numise \u201efire\u201d.<\/p>\n<p>\u00centr-o sear\u0103 a intrat \u00een camer\u0103.<\/p>\n<p>Aveam trei iepura\u0219i pe mas\u0103.<\/p>\n<p>\u2014 Ai multe comenzi.<\/p>\n<p>\u2014 Da.<\/p>\n<p>A stat c\u00e2teva secunde.<\/p>\n<p>\u2014 Poate\u2026 poate am fost prea dur.<\/p>\n<p>Am continuat s\u0103 cos.<\/p>\n<p>\u2014 Poate.<\/p>\n<p>Nu era r\u0103spunsul pe care \u00eel a\u0219tepta.<\/p>\n<p>\u2014 At\u00e2t?<\/p>\n<p>Am ridicat privirea.<\/p>\n<p>\u2014 Ce ai vrea s\u0103 spun?<\/p>\n<p>A oftat.<\/p>\n<p>\u2014 Nu \u0219tiu.<\/p>\n<p>\u0218i pentru prima dat\u0103, am crezut c\u0103 nici el nu \u0219tia.<\/p>\n<p>Nu am divor\u021bat a doua zi.<\/p>\n<p>Via\u021ba nu este un film \u00een care pleci cu valiza \u0219i \u00eencepe muzica dramatic\u0103.<\/p>\n<p>Dar ceva s-a schimbat.<\/p>\n<p>Eu nu mai eram femeia care accepta orice doar pentru lini\u0219te.<\/p>\n<p>Am \u00eenceput s\u0103 v\u00e2nd crea\u021biile mele.<\/p>\n<p>La \u00eenceput pu\u021bin.<\/p>\n<p>Apoi tot mai mult.<\/p>\n<p>Un an mai t\u00e2rziu aveam propriul meu mic atelier.<\/p>\n<p>Nu era o avere.<\/p>\n<p>Dar era al meu.<\/p>\n<p>Banii aceia nu erau doar bani.<\/p>\n<p>Erau dovada c\u0103 m\u00e2inile mele puteau construi ceva.<\/p>\n<p>Radu s-a schimbat?<\/p>\n<p>Pu\u021bin.<\/p>\n<p>A \u00eenceput s\u0103 m\u0103 prezinte altfel.<\/p>\n<p>\u201eSo\u021bia mea face juc\u0103rii handmade.\u201d<\/p>\n<p>Nu mai spunea:<\/p>\n<p>\u201eSo\u021bia mea se joac\u0103 cu l\u00e2na.\u201d<\/p>\n<p>Dar unele lucruri nu se repar\u0103 complet.<\/p>\n<p>Uneori \u00ee\u021bi dai seama c\u0103 nu ai nevoie ca cineva s\u0103 recunoasc\u0103 valoarea ta.<\/p>\n<p>Ai nevoie doar s\u0103 nu o mai la\u0219i pe altcineva s\u0103 \u021bi-o ia.<\/p>\n<p>\u00centr-o zi, o feti\u021b\u0103 a venit cu mama ei la atelier.<\/p>\n<p>\u021ainea iepurele pe care \u00eel f\u0103cusem.<\/p>\n<p>Cel alb.<\/p>\n<p>Cu vest\u0103.<\/p>\n<p>Cu morcov cusut.<\/p>\n<p>\u2014 Doamna Ana, \u2014 mi-a spus copilul \u2014 iepura\u0219ul meu este cel mai bun prieten.<\/p>\n<p>Am z\u00e2mbit.<\/p>\n<p>\u0218i atunci mi-am amintit de seara c\u00e2nd Radu \u00eel \u00eenv\u00e2rtise \u00een fa\u021ba prietenilor lui.<\/p>\n<p>Acela\u0219i obiect.<\/p>\n<p>Aceea\u0219i munc\u0103.<\/p>\n<p>Doar privirea oamenilor se schimbase.<\/p>\n<p>Atunci am \u00een\u021beles:<\/p>\n<p>Nu trebuie s\u0103 demonstrezi valoarea lucrurilor frumoase celor care aleg s\u0103 nu le vad\u0103.<\/p>\n<p>Uneori oamenii r\u00e2d de ceea ce nu pot \u00een\u021belege.<\/p>\n<p>Iar eu?<\/p>\n<p>Eu am continuat s\u0103 tricotez.<\/p>\n<p>Nu ca s\u0103-i ar\u0103t lui Radu c\u0103 s-a \u00een\u0219elat.<\/p>\n<p>Ci pentru c\u0103, \u00een sf\u00e2r\u0219it, \u00eemi ar\u0103tam mie cine sunt.<\/p>\n","protected":false},"excerpt":{"rendered":"<p>\u2014 Am vrut s\u0103 fie ceva f\u0103cut special pentru tine. Doina a desf\u0103cut \u00eencet h\u00e2rtia. \u00cen momentul \u00een care a v\u0103zut iepurele alb, m\u00e2inile i s-au oprit. Pentru c\u00e2teva secunde nu a spus nimic. Apoi l-a luat \u00een bra\u021be. \u2014 Ana\u2026 Vocea i s-a schimbat. Nu mai era vocea soacrei care \u00eentreba dac\u0103 \u201enu ai &#8230; <a title=\"So\u021bul meu a r\u00e2s de juc\u0103riile pe care le f\u0103ceam cu m\u00e2inile mele\u2026 dar nu \u0219tia c\u0103 acele \u00abfire\u00bb aveau s\u0103-mi schimbe via\u021ba\" class=\"read-more\" href=\"https:\/\/stiri-faine.com\/?p=1040\" aria-label=\"Read more about So\u021bul meu a r\u00e2s de juc\u0103riile pe care le f\u0103ceam cu m\u00e2inile mele\u2026 dar nu \u0219tia c\u0103 acele \u00abfire\u00bb aveau s\u0103-mi schimbe via\u021ba\">Read more<\/a><\/p>\n","protected":false},"author":1,"featured_media":0,"comment_status":"closed","ping_status":"open","sticky":false,"template":"","format":"standard","meta":{"footnotes":""},"categories":[1],"tags":[],"class_list":["post-1040","post","type-post","status-publish","format-standard","hentry","category-uncategorized"],"_links":{"self":[{"href":"https:\/\/stiri-faine.com\/index.php?rest_route=\/wp\/v2\/posts\/1040","targetHints":{"allow":["GET"]}}],"collection":[{"href":"https:\/\/stiri-faine.com\/index.php?rest_route=\/wp\/v2\/posts"}],"about":[{"href":"https:\/\/stiri-faine.com\/index.php?rest_route=\/wp\/v2\/types\/post"}],"author":[{"embeddable":true,"href":"https:\/\/stiri-faine.com\/index.php?rest_route=\/wp\/v2\/users\/1"}],"replies":[{"embeddable":true,"href":"https:\/\/stiri-faine.com\/index.php?rest_route=%2Fwp%2Fv2%2Fcomments&post=1040"}],"version-history":[{"count":1,"href":"https:\/\/stiri-faine.com\/index.php?rest_route=\/wp\/v2\/posts\/1040\/revisions"}],"predecessor-version":[{"id":1041,"href":"https:\/\/stiri-faine.com\/index.php?rest_route=\/wp\/v2\/posts\/1040\/revisions\/1041"}],"wp:attachment":[{"href":"https:\/\/stiri-faine.com\/index.php?rest_route=%2Fwp%2Fv2%2Fmedia&parent=1040"}],"wp:term":[{"taxonomy":"category","embeddable":true,"href":"https:\/\/stiri-faine.com\/index.php?rest_route=%2Fwp%2Fv2%2Fcategories&post=1040"},{"taxonomy":"post_tag","embeddable":true,"href":"https:\/\/stiri-faine.com\/index.php?rest_route=%2Fwp%2Fv2%2Ftags&post=1040"}],"curies":[{"name":"wp","href":"https:\/\/api.w.org\/{rel}","templated":true}]}}