{"id":1034,"date":"2026-07-17T06:41:11","date_gmt":"2026-07-17T06:41:11","guid":{"rendered":"https:\/\/stiri-faine.com\/?p=1034"},"modified":"2026-07-17T06:41:11","modified_gmt":"2026-07-17T06:41:11","slug":"a-venit-la-aniversarea-mea-de-40-de-ani-fara-niciun-cadou-dar-cu-5-caserole-ascunse-in-geanta-cand-am-vazut-ce-face-am-luat-o-decizie-neasteptata","status":"publish","type":"post","link":"https:\/\/stiri-faine.com\/?p=1034","title":{"rendered":"A venit la aniversarea mea de 40 de ani f\u0103r\u0103 niciun cadou\u2026 dar cu 5 caserole ascunse \u00een geant\u0103. C\u00e2nd am v\u0103zut ce face, am luat o decizie nea\u0219teptat\u0103\u2026"},"content":{"rendered":"\n<h2 class=\"wp-block-heading\">Partea a 2-a \u2014 Tortul, adev\u0103rul \u0219i cele 5 caserole<\/h2>\n\n\n\n<p class=\"wp-block-paragraph\">M-am ridicat cu paharul \u00een m\u00e2n\u0103.<\/p>\n\n\n\n<p class=\"wp-block-paragraph\">Toat\u0103 lumea a crezut c\u0103 urmeaz\u0103 un discurs emo\u021bionant.<\/p>\n\n\n\n<p class=\"wp-block-paragraph\">Era ziua mea, p\u00e2n\u0103 la urm\u0103.<\/p>\n\n\n\n<p class=\"wp-block-paragraph\">Cristian mi-a z\u00e2mbit \u00eencurajator. Mira m\u0103 privea atent, deja b\u0103nuind c\u0103 nu urma un simplu \u201emul\u021bumesc pentru c\u0103 a\u021bi venit\u201d.<\/p>\n\n\n\n<p class=\"wp-block-paragraph\">Belinda s-a \u00eentors spre mine \u0219i a ridicat paharul.<\/p>\n\n\n\n<p class=\"wp-block-paragraph\">\u2014 Ah, Marin, sigur vrea s\u0103 ne spun\u0103 c\u00e2t de recunosc\u0103toare este pentru prietenii ei minuna\u021bi, \u2014 a spus ea cu acel z\u00e2mbet dulce care ascundea mereu altceva.<\/p>\n\n\n\n<p class=\"wp-block-paragraph\">Am respirat ad\u00e2nc.<\/p>\n\n\n\n<p class=\"wp-block-paragraph\">\u2014 Da, vreau s\u0103 spun c\u00e2teva cuvinte.<\/p>\n\n\n\n<p class=\"wp-block-paragraph\">S-a f\u0103cut lini\u0219te.<\/p>\n\n\n\n<p class=\"wp-block-paragraph\">Am privit \u00een jur.<\/p>\n\n\n\n<p class=\"wp-block-paragraph\">Sora mea.<\/p>\n\n\n\n<p class=\"wp-block-paragraph\">Cristian.<\/p>\n\n\n\n<p class=\"wp-block-paragraph\">Mira.<\/p>\n\n\n\n<p class=\"wp-block-paragraph\">Oamenii care veniser\u0103 pentru mine.<\/p>\n\n\n\n<p class=\"wp-block-paragraph\">Apoi privirea mi-a fugit spre geanta maro de sub scaunul Belindei.<\/p>\n\n\n\n<p class=\"wp-block-paragraph\">\u2014 \u00cen primul r\u00e2nd, vreau s\u0103 v\u0103 mul\u021bumesc tuturor c\u0103 sunte\u021bi aici. Pentru mine, o aniversare nu \u00eenseamn\u0103 doar m\u00e2ncare, muzic\u0103 sau cadouri. \u00censeamn\u0103 oameni.<\/p>\n\n\n\n<p class=\"wp-block-paragraph\">To\u021bi au z\u00e2mbit.<\/p>\n\n\n\n<p class=\"wp-block-paragraph\">Mai pu\u021bin Belinda.<\/p>\n\n\n\n<p class=\"wp-block-paragraph\">Ea \u00eenc\u0103 z\u00e2mbea, dar \u00eencepuse s\u0103 simt\u0103 c\u0103 ceva nu era \u00een regul\u0103.<\/p>\n\n\n\n<p class=\"wp-block-paragraph\">\u2014 \u0218i tocmai pentru c\u0103 vorbim despre oameni, vreau s\u0103 spun ceva despre un lucru pe care l-am observat \u00een ultimii ani.<\/p>\n\n\n\n<p class=\"wp-block-paragraph\">Cristian mi-a str\u00e2ns u\u0219or m\u00e2na.<\/p>\n\n\n\n<p class=\"wp-block-paragraph\">\u2014 Uneori, confund\u0103m bun\u0103tatea cu obliga\u021bia. Credem c\u0103 dac\u0103 cineva este amabil o dat\u0103, avem dreptul s\u0103 cerem mereu. C\u0103 dac\u0103 cineva tace, \u00eenseamn\u0103 c\u0103 accept\u0103.<\/p>\n\n\n\n<p class=\"wp-block-paragraph\">\u00cen sal\u0103 s-a l\u0103sat o lini\u0219te ciudat\u0103.<\/p>\n\n\n\n<p class=\"wp-block-paragraph\">Belinda \u0219i-a \u00eendreptat spatele.<\/p>\n\n\n\n<p class=\"wp-block-paragraph\">\u2014 Marin\u2026?<\/p>\n\n\n\n<p class=\"wp-block-paragraph\">Am z\u00e2mbit.<\/p>\n\n\n\n<p class=\"wp-block-paragraph\">\u2014 Nu, nu este un atac. Este doar o observa\u021bie.<\/p>\n\n\n\n<p class=\"wp-block-paragraph\">Apoi am f\u0103cut un semn c\u0103tre chelner.<\/p>\n\n\n\n<p class=\"wp-block-paragraph\">\u2014 A\u0219 vrea s\u0103 aduce\u021bi, v\u0103 rog, cele 5 recipiente speciale preg\u0103tite pentru seara aceasta.<\/p>\n\n\n\n<p class=\"wp-block-paragraph\">Toat\u0103 lumea s-a uitat nedumerit\u0103.<\/p>\n\n\n\n<p class=\"wp-block-paragraph\">Chelnerul a venit cu o tav\u0103.<\/p>\n\n\n\n<p class=\"wp-block-paragraph\">Pe ea erau cinci caserole noi, elegante, cu funde mici aurii.<\/p>\n\n\n\n<p class=\"wp-block-paragraph\">Mira aproape c\u0103 a izbucnit \u00een r\u00e2s.<\/p>\n\n\n\n<p class=\"wp-block-paragraph\">Belinda a devenit alb\u0103.<\/p>\n\n\n\n<p class=\"wp-block-paragraph\">\u2014 Ce\u2026 ce este asta?<\/p>\n\n\n\n<p class=\"wp-block-paragraph\">Am luat una dintre caserole.<\/p>\n\n\n\n<p class=\"wp-block-paragraph\">\u2014 Un cadou simbolic.<\/p>\n\n\n\n<p class=\"wp-block-paragraph\">Pauz\u0103.<\/p>\n\n\n\n<p class=\"wp-block-paragraph\">\u2014 Pentru persoana care a venit la aniversarea mea preg\u0103tit\u0103 mai mult s\u0103 ia dec\u00e2t s\u0103 ofere.<\/p>\n\n\n\n<p class=\"wp-block-paragraph\">\u00cen sal\u0103 s-a auzit un murmur.<\/p>\n\n\n\n<p class=\"wp-block-paragraph\">Belinda s-a uitat \u00een jur.<\/p>\n\n\n\n<p class=\"wp-block-paragraph\">\u2014 Nu \u00een\u021beleg.<\/p>\n\n\n\n<p class=\"wp-block-paragraph\">Am ridicat spr\u00e2nceana.<\/p>\n\n\n\n<p class=\"wp-block-paragraph\">\u2014 Ba cred c\u0103 \u00een\u021belegi foarte bine.<\/p>\n\n\n\n<hr class=\"wp-block-separator has-alpha-channel-opacity\"\/>\n\n\n\n<p class=\"wp-block-paragraph\">Pentru c\u00e2teva secunde nimeni nu a spus nimic.<\/p>\n\n\n\n<p class=\"wp-block-paragraph\">Apoi Belinda a r\u00e2s.<\/p>\n\n\n\n<p class=\"wp-block-paragraph\">Un r\u00e2s for\u021bat.<\/p>\n\n\n\n<p class=\"wp-block-paragraph\">\u2014 Vai, Marin, ce sensibil\u0103 e\u0219ti. Sunt doar ni\u0219te recipiente. Nu am f\u0103cut nimic r\u0103u.<\/p>\n\n\n\n<p class=\"wp-block-paragraph\">Am privit-o calm.<\/p>\n\n\n\n<p class=\"wp-block-paragraph\">\u2014 Nu sunt sup\u0103rat\u0103 pentru m\u00e2ncare.<\/p>\n\n\n\n<p class=\"wp-block-paragraph\">\u0218i chiar nu eram.<\/p>\n\n\n\n<p class=\"wp-block-paragraph\">Era vorba despre altceva.<\/p>\n\n\n\n<p class=\"wp-block-paragraph\">\u2014 M\u00e2ncarea se termin\u0103. O cin\u0103 se termin\u0103. O felie de tort dispare. Dar respectul r\u0103m\u00e2ne.<\/p>\n\n\n\n<p class=\"wp-block-paragraph\">Ea \u0219i-a \u00eencruci\u0219at bra\u021bele.<\/p>\n\n\n\n<p class=\"wp-block-paragraph\">\u2014 Exagerezi.<\/p>\n\n\n\n<p class=\"wp-block-paragraph\">Atunci Mira a intervenit.<\/p>\n\n\n\n<p class=\"wp-block-paragraph\">\u2014 Belinda, ai venit f\u0103r\u0103 cadou.<\/p>\n\n\n\n<p class=\"wp-block-paragraph\">Lini\u0219te.<\/p>\n\n\n\n<p class=\"wp-block-paragraph\">\u2014 \u0218i ai luat acas\u0103 jum\u0103tate din meniu.<\/p>\n\n\n\n<p class=\"wp-block-paragraph\">Belinda s-a uitat spre ea.<\/p>\n\n\n\n<p class=\"wp-block-paragraph\">\u2014 Nu te prive\u0219te.<\/p>\n\n\n\n<p class=\"wp-block-paragraph\">Mira a z\u00e2mbit rece.<\/p>\n\n\n\n<p class=\"wp-block-paragraph\">\u2014 Ba m\u0103 prive\u0219te. Este prietena mea.<\/p>\n\n\n\n<hr class=\"wp-block-separator has-alpha-channel-opacity\"\/>\n\n\n\n<p class=\"wp-block-paragraph\">Cristian s-a ridicat.<\/p>\n\n\n\n<p class=\"wp-block-paragraph\">Nu ridicase vocea niciodat\u0103 la o petrecere.<\/p>\n\n\n\n<p class=\"wp-block-paragraph\">\u2014 Belinda, puteai s\u0103 vii f\u0103r\u0103 cadou. Serios. Nimeni nu te obliga s\u0103 aduci ceva.<\/p>\n\n\n\n<p class=\"wp-block-paragraph\">A f\u0103cut o pauz\u0103.<\/p>\n\n\n\n<p class=\"wp-block-paragraph\">\u2014 Dar s\u0103 vii la ziua unui om \u0219i s\u0103 transformi masa lui \u00eentr-un supermarket personal\u2026 asta nu este despre bani. Este despre respect.<\/p>\n\n\n\n<p class=\"wp-block-paragraph\">Pentru prima dat\u0103, Belinda nu a avut replic\u0103.<\/p>\n\n\n\n<p class=\"wp-block-paragraph\">\u0218i poate acela a fost cel mai sincer moment al ei din toat\u0103 seara.<\/p>\n\n\n\n<p class=\"wp-block-paragraph\">Pentru c\u0103 nu era ru\u0219inat\u0103.<\/p>\n\n\n\n<p class=\"wp-block-paragraph\">Era prins\u0103.<\/p>\n\n\n\n<hr class=\"wp-block-separator has-alpha-channel-opacity\"\/>\n\n\n\n<p class=\"wp-block-paragraph\">A luat geanta.<\/p>\n\n\n\n<p class=\"wp-block-paragraph\">Caserolele au scos un zgomot mic c\u00e2nd s-au lovit \u00eentre ele.<\/p>\n\n\n\n<p class=\"wp-block-paragraph\">Sunetul acela a fost mai puternic dec\u00e2t orice discurs.<\/p>\n\n\n\n<p class=\"wp-block-paragraph\">\u2014 Cred c\u0103 ar trebui s\u0103 plec.<\/p>\n\n\n\n<p class=\"wp-block-paragraph\">Am dat din cap.<\/p>\n\n\n\n<p class=\"wp-block-paragraph\">\u2014 Cred \u0219i eu.<\/p>\n\n\n\n<p class=\"wp-block-paragraph\">S-a apropiat de u\u0219\u0103, dar \u00eenainte s\u0103 ias\u0103 s-a \u00eentors.<\/p>\n\n\n\n<p class=\"wp-block-paragraph\">\u2014 Dup\u0103 7 ani de colegialitate, chiar a\u0219a vorbe\u0219ti cu mine?<\/p>\n\n\n\n<p class=\"wp-block-paragraph\">Am privit-o.<\/p>\n\n\n\n<p class=\"wp-block-paragraph\">\u2014 Dup\u0103 7 ani de colegialitate, abia acum am spus ce trebuia spus.<\/p>\n\n\n\n<p class=\"wp-block-paragraph\">\u0218i a plecat.<\/p>\n\n\n\n<hr class=\"wp-block-separator has-alpha-channel-opacity\"\/>\n\n\n\n<h2 class=\"wp-block-heading\">Deznod\u0103m\u00e2nt \u2014 Cadoul pe care mi l-am f\u0103cut singur\u0103<\/h2>\n\n\n\n<p class=\"wp-block-paragraph\">A doua zi, la birou, toat\u0103 lumea \u0219tia.<\/p>\n\n\n\n<p class=\"wp-block-paragraph\">Nu pentru c\u0103 am povestit eu.<\/p>\n\n\n\n<p class=\"wp-block-paragraph\">Ci pentru c\u0103 Belinda povestise ea.<\/p>\n\n\n\n<p class=\"wp-block-paragraph\">Doar c\u0103 versiunea ei era diferit\u0103.<\/p>\n\n\n\n<p class=\"wp-block-paragraph\">\u00cen versiunea ei, era \u201eumilit\u0103 pentru ni\u0219te recipiente\u201d.<\/p>\n\n\n\n<p class=\"wp-block-paragraph\">\u00cen realitate, to\u021bi colegii \u0219tiau de ani \u00eentregi.<\/p>\n\n\n\n<p class=\"wp-block-paragraph\">\u0218tiau de pungile de Cr\u0103ciun.<\/p>\n\n\n\n<p class=\"wp-block-paragraph\">De farfuriile luate de la petreceri.<\/p>\n\n\n\n<p class=\"wp-block-paragraph\">De \u201e\u00eent\u00e2mpl\u0103rile\u201d \u00een care pleca mereu cu mai mult dec\u00e2t venise.<\/p>\n\n\n\n<p class=\"wp-block-paragraph\">Doar c\u0103 nimeni nu spusese nimic.<\/p>\n\n\n\n<p class=\"wp-block-paragraph\">Din jen\u0103.<\/p>\n\n\n\n<p class=\"wp-block-paragraph\">Din polite\u021be.<\/p>\n\n\n\n<p class=\"wp-block-paragraph\">Din dorin\u021ba de a evita conflictul.<\/p>\n\n\n\n<p class=\"wp-block-paragraph\">Dup\u0103 c\u00e2teva zile, directoarea departamentului m-a chemat.<\/p>\n\n\n\n<p class=\"wp-block-paragraph\">M-am a\u0219teptat la repro\u0219uri.<\/p>\n\n\n\n<p class=\"wp-block-paragraph\">Dar ea doar a spus:<\/p>\n\n\n\n<p class=\"wp-block-paragraph\">\u2014 Marin, \u0219tii ceva? Mul\u021bi oameni au v\u0103zut. Doar c\u0103 tu ai fost prima care a pus limita.<\/p>\n\n\n\n<p class=\"wp-block-paragraph\">Am z\u00e2mbit.<\/p>\n\n\n\n<p class=\"wp-block-paragraph\">Pentru c\u0103 am \u00een\u021beles ceva.<\/p>\n\n\n\n<p class=\"wp-block-paragraph\">Uneori oamenii profit\u0103 de bun\u0103tatea ta nu pentru c\u0103 e\u0219ti slab.<\/p>\n\n\n\n<p class=\"wp-block-paragraph\">Ci pentru c\u0103 \u00eei la\u0219i.<\/p>\n\n\n\n<hr class=\"wp-block-separator has-alpha-channel-opacity\"\/>\n\n\n\n<p class=\"wp-block-paragraph\">La un an dup\u0103 acea aniversare, \u00eenc\u0103 r\u00e2dem despre \u201ecele 5 caserole\u201d.<\/p>\n\n\n\n<p class=\"wp-block-paragraph\">Dar nu mai r\u00e2d cu sup\u0103rare.<\/p>\n\n\n\n<p class=\"wp-block-paragraph\">Pentru c\u0103 ziua aceea mi-a oferit un cadou mai important dec\u00e2t orice obiect primit:<\/p>\n\n\n\n<p class=\"wp-block-paragraph\">curajul de a spune \u201eajunge\u201d.<\/p>\n\n\n\n<p class=\"wp-block-paragraph\">\u0218i am mai \u00eenv\u0103\u021bat ceva.<\/p>\n\n\n\n<p class=\"wp-block-paragraph\">Nu to\u021bi cei care vin la masa ta vin pentru tine.<\/p>\n\n\n\n<p class=\"wp-block-paragraph\">Unii vin pentru ceea ce este pe mas\u0103.<\/p>\n\n\n\n<p class=\"wp-block-paragraph\">Dar partea frumoas\u0103 este c\u0103, dup\u0103 ce \u00eei recuno\u0219ti, po\u021bi p\u0103stra locurile libere pentru oamenii care vin doar ca s\u0103 stea l\u00e2ng\u0103 tine.<\/p>\n\n\n\n<p class=\"wp-block-paragraph\">F\u0103r\u0103 caserole.<\/p>\n\n\n\n<p class=\"wp-block-paragraph\">F\u0103r\u0103 calcule.<\/p>\n\n\n\n<p class=\"wp-block-paragraph\">Doar cu inim\u0103.&nbsp;<img decoding=\"async\" alt=\"\u2764\ufe0f\" src=\"https:\/\/s.w.org\/images\/core\/emoji\/17.0.2\/svg\/2764.svg\"><\/p>\n","protected":false},"excerpt":{"rendered":"<p>Partea a 2-a \u2014 Tortul, adev\u0103rul \u0219i cele 5 caserole M-am ridicat cu paharul \u00een m\u00e2n\u0103. Toat\u0103 lumea a crezut c\u0103 urmeaz\u0103 un discurs emo\u021bionant. Era ziua mea, p\u00e2n\u0103 la urm\u0103. Cristian mi-a z\u00e2mbit \u00eencurajator. Mira m\u0103 privea atent, deja b\u0103nuind c\u0103 nu urma un simplu \u201emul\u021bumesc pentru c\u0103 a\u021bi venit\u201d. Belinda s-a \u00eentors spre &#8230; <a title=\"A venit la aniversarea mea de 40 de ani f\u0103r\u0103 niciun cadou\u2026 dar cu 5 caserole ascunse \u00een geant\u0103. C\u00e2nd am v\u0103zut ce face, am luat o decizie nea\u0219teptat\u0103\u2026\" class=\"read-more\" href=\"https:\/\/stiri-faine.com\/?p=1034\" aria-label=\"Read more about A venit la aniversarea mea de 40 de ani f\u0103r\u0103 niciun cadou\u2026 dar cu 5 caserole ascunse \u00een geant\u0103. C\u00e2nd am v\u0103zut ce face, am luat o decizie nea\u0219teptat\u0103\u2026\">Read more<\/a><\/p>\n","protected":false},"author":1,"featured_media":0,"comment_status":"open","ping_status":"open","sticky":false,"template":"","format":"standard","meta":{"footnotes":""},"categories":[1],"tags":[],"class_list":["post-1034","post","type-post","status-publish","format-standard","hentry","category-uncategorized"],"_links":{"self":[{"href":"https:\/\/stiri-faine.com\/index.php?rest_route=\/wp\/v2\/posts\/1034","targetHints":{"allow":["GET"]}}],"collection":[{"href":"https:\/\/stiri-faine.com\/index.php?rest_route=\/wp\/v2\/posts"}],"about":[{"href":"https:\/\/stiri-faine.com\/index.php?rest_route=\/wp\/v2\/types\/post"}],"author":[{"embeddable":true,"href":"https:\/\/stiri-faine.com\/index.php?rest_route=\/wp\/v2\/users\/1"}],"replies":[{"embeddable":true,"href":"https:\/\/stiri-faine.com\/index.php?rest_route=%2Fwp%2Fv2%2Fcomments&post=1034"}],"version-history":[{"count":1,"href":"https:\/\/stiri-faine.com\/index.php?rest_route=\/wp\/v2\/posts\/1034\/revisions"}],"predecessor-version":[{"id":1035,"href":"https:\/\/stiri-faine.com\/index.php?rest_route=\/wp\/v2\/posts\/1034\/revisions\/1035"}],"wp:attachment":[{"href":"https:\/\/stiri-faine.com\/index.php?rest_route=%2Fwp%2Fv2%2Fmedia&parent=1034"}],"wp:term":[{"taxonomy":"category","embeddable":true,"href":"https:\/\/stiri-faine.com\/index.php?rest_route=%2Fwp%2Fv2%2Fcategories&post=1034"},{"taxonomy":"post_tag","embeddable":true,"href":"https:\/\/stiri-faine.com\/index.php?rest_route=%2Fwp%2Fv2%2Ftags&post=1034"}],"curies":[{"name":"wp","href":"https:\/\/api.w.org\/{rel}","templated":true}]}}