{"id":1028,"date":"2026-07-17T06:40:00","date_gmt":"2026-07-17T06:40:00","guid":{"rendered":"https:\/\/stiri-faine.com\/?p=1028"},"modified":"2026-07-17T06:40:00","modified_gmt":"2026-07-17T06:40:00","slug":"la-52-de-ani-aveam-tot-ce-imi-doream-casa-libertate-si-liniste-apoi-un-barbat-mi-a-spus-sunt-barbat-nu-e-treaba-mea-sa-gatesc-si-am-inteles-totul","status":"publish","type":"post","link":"https:\/\/stiri-faine.com\/?p=1028","title":{"rendered":"La 52 de ani aveam tot ce \u00eemi doream: cas\u0103, libertate \u0219i lini\u0219te. Apoi un b\u0103rbat mi-a spus \u201esunt b\u0103rbat, nu e treaba mea s\u0103 g\u0103tesc\u201d\u2026 \u0219i am \u00een\u021beles totul"},"content":{"rendered":"\n<h2 class=\"wp-block-heading\">Partea a 2-a \u2014 Nu sunt o solu\u021bie pentru singur\u0103tatea nim\u0103nui<\/h2>\n\n\n\n<p class=\"wp-block-paragraph\">Atunci am sim\u021bit cum ceva \u00een mine s-a schimbat pentru totdeauna.<\/p>\n\n\n\n<p class=\"wp-block-paragraph\">Nu am devenit rece.<\/p>\n\n\n\n<p class=\"wp-block-paragraph\">Nu am devenit \u00eempotriva iubirii.<\/p>\n\n\n\n<p class=\"wp-block-paragraph\">Doar am \u00eencetat s\u0103 confund iubirea cu disponibilitatea.<\/p>\n\n\n\n<p class=\"wp-block-paragraph\">Ani \u00eentregi, noi, femeile, am fost \u00eenv\u0103\u021bate c\u0103 trebuie s\u0103 fim \u201e\u00een\u021beleg\u0103toare\u201d. C\u0103 un b\u0103rbat obosit are nevoie de sprijin. C\u0103 dac\u0103 iube\u0219ti pe cineva, faci sacrificii.<\/p>\n\n\n\n<p class=\"wp-block-paragraph\">\u0218i este adev\u0103rat.<\/p>\n\n\n\n<p class=\"wp-block-paragraph\">Dar exist\u0103 o diferen\u021b\u0103 uria\u0219\u0103 \u00eentre a face un sacrificiu din iubire \u0219i a deveni serviciul de \u00eentre\u021binere al altcuiva.<\/p>\n\n\n\n<p class=\"wp-block-paragraph\">Iar eu o descoperisem pe pielea mea.<\/p>\n\n\n\n<hr class=\"wp-block-separator has-alpha-channel-opacity\"\/>\n\n\n\n<p class=\"wp-block-paragraph\">Dup\u0103 Marius au mai fost \u0219i al\u021bii.<\/p>\n\n\n\n<p class=\"wp-block-paragraph\">Nu mul\u021bi.<\/p>\n\n\n\n<p class=\"wp-block-paragraph\">Pentru c\u0103 \u00eentre timp \u00eenv\u0103\u021basem s\u0103 observ lucrurile mici.<\/p>\n\n\n\n<p class=\"wp-block-paragraph\">Nu mai ascultam doar ce spuneau.<\/p>\n\n\n\n<p class=\"wp-block-paragraph\">M\u0103 uitam la ce presupuneau.<\/p>\n\n\n\n<p class=\"wp-block-paragraph\">Era Radu, 61 de ani, care mi-a spus la a treia \u00eent\u00e2lnire:<\/p>\n\n\n\n<p class=\"wp-block-paragraph\">\u2014 Eu cred c\u0103 femeia aduce c\u0103ldur\u0103 \u00eentr-o cas\u0103.<\/p>\n\n\n\n<p class=\"wp-block-paragraph\">Sun\u0103 frumos, nu?<\/p>\n\n\n\n<p class=\"wp-block-paragraph\">Aproape poetic.<\/p>\n\n\n\n<p class=\"wp-block-paragraph\">P\u00e2n\u0103 c\u00e2nd am \u00eentrebat:<\/p>\n\n\n\n<p class=\"wp-block-paragraph\">\u2014 \u0218i b\u0103rbatul ce aduce?<\/p>\n\n\n\n<p class=\"wp-block-paragraph\">A z\u00e2mbit.<\/p>\n\n\n\n<p class=\"wp-block-paragraph\">\u2014 Siguran\u021b\u0103.<\/p>\n\n\n\n<p class=\"wp-block-paragraph\">\u2014 Ce fel de siguran\u021b\u0103?<\/p>\n\n\n\n<p class=\"wp-block-paragraph\">A ezitat.<\/p>\n\n\n\n<p class=\"wp-block-paragraph\">\u2014 P\u0103i\u2026 una financiar\u0103, una practic\u0103.<\/p>\n\n\n\n<p class=\"wp-block-paragraph\">Am ridicat spr\u00e2nceana.<\/p>\n\n\n\n<p class=\"wp-block-paragraph\">\u2014 Radu, locuiesc singur\u0103 de 15 ani. \u00cemi pl\u0103tesc facturile, \u00eemi repar lucrurile stricate \u0219i \u00eemi duc singur\u0103 mobila c\u00e2nd schimb apartamentul.<\/p>\n\n\n\n<p class=\"wp-block-paragraph\">A r\u00e2s.<\/p>\n\n\n\n<p class=\"wp-block-paragraph\">\u2014 Da, dar e altceva c\u00e2nd ai un b\u0103rbat.<\/p>\n\n\n\n<p class=\"wp-block-paragraph\">Poate.<\/p>\n\n\n\n<p class=\"wp-block-paragraph\">Dar nimeni nu mi-a explicat vreodat\u0103 de ce \u201ea avea un b\u0103rbat\u201d trebuia s\u0103 \u00eensemne c\u0103 eu pierd lini\u0219tea pe care am construit-o.<\/p>\n\n\n\n<hr class=\"wp-block-separator has-alpha-channel-opacity\"\/>\n\n\n\n<p class=\"wp-block-paragraph\">Fiica mea, Ana, era singura persoan\u0103 care m\u0103 \u00een\u021belegea complet.<\/p>\n\n\n\n<p class=\"wp-block-paragraph\">\u00centr-o duminic\u0103 diminea\u021b\u0103, st\u0103team pe balcon, cu cafeaua \u00een fa\u021b\u0103, iar ea \u00eemi spunea despre via\u021ba ei.<\/p>\n\n\n\n<p class=\"wp-block-paragraph\">La un moment dat, m-a \u00eentrebat:<\/p>\n\n\n\n<p class=\"wp-block-paragraph\">\u2014 Mam\u0103, tu chiar nu vrei s\u0103 mai locuie\u0219ti cu nimeni?<\/p>\n\n\n\n<p class=\"wp-block-paragraph\">Am z\u00e2mbit.<\/p>\n\n\n\n<p class=\"wp-block-paragraph\">\u2014 Nu \u0219tiu dac\u0103 nu vreau. Poate \u00eentr-o zi voi vrea.<\/p>\n\n\n\n<p class=\"wp-block-paragraph\">\u2014 Atunci de ce refuzi mereu?<\/p>\n\n\n\n<p class=\"wp-block-paragraph\">Am privit ora\u0219ul.<\/p>\n\n\n\n<p class=\"wp-block-paragraph\">\u2014 Pentru c\u0103 nu vreau pe cineva doar ca s\u0103 nu fiu singur\u0103.<\/p>\n\n\n\n<p class=\"wp-block-paragraph\">A t\u0103cut.<\/p>\n\n\n\n<p class=\"wp-block-paragraph\">\u2014 Vreau pe cineva care s\u0103-mi fac\u0103 via\u021ba mai bun\u0103 dec\u00e2t este acum.<\/p>\n\n\n\n<p class=\"wp-block-paragraph\">\u0218i atunci Ana a z\u00e2mbit.<\/p>\n\n\n\n<p class=\"wp-block-paragraph\">\u2014 Deci nu cau\u021bi un salvator.<\/p>\n\n\n\n<p class=\"wp-block-paragraph\">\u2014 Nu.<\/p>\n\n\n\n<p class=\"wp-block-paragraph\">\u2014 Nici un proiect.<\/p>\n\n\n\n<p class=\"wp-block-paragraph\">Am r\u00e2s.<\/p>\n\n\n\n<p class=\"wp-block-paragraph\">\u2014 Nici o alt\u0103 persoan\u0103 de crescut.<\/p>\n\n\n\n<hr class=\"wp-block-separator has-alpha-channel-opacity\"\/>\n\n\n\n<p class=\"wp-block-paragraph\">C\u00e2teva luni mai t\u00e2rziu, l-am cunoscut pe Andrei.<\/p>\n\n\n\n<p class=\"wp-block-paragraph\">Avea 55 de ani.<\/p>\n\n\n\n<p class=\"wp-block-paragraph\">\u0218i, sincer, la \u00eenceput m-am a\u0219teptat s\u0103 urmeze acela\u0219i scenariu.<\/p>\n\n\n\n<p class=\"wp-block-paragraph\">Cafea.<\/p>\n\n\n\n<p class=\"wp-block-paragraph\">Complimente.<\/p>\n\n\n\n<p class=\"wp-block-paragraph\">Pove\u0219ti despre c\u00e2t de minunat\u0103 sunt.<\/p>\n\n\n\n<p class=\"wp-block-paragraph\">Apoi, dup\u0103 c\u00e2teva s\u0103pt\u0103m\u00e2ni:<\/p>\n\n\n\n<p class=\"wp-block-paragraph\">\u201ePoate ne mut\u0103m \u00eempreun\u0103.\u201d<\/p>\n\n\n\n<p class=\"wp-block-paragraph\">Dar Andrei a f\u0103cut ceva diferit.<\/p>\n\n\n\n<p class=\"wp-block-paragraph\">\u00centr-o sear\u0103, dup\u0103 ce am cinat la mine, s-a ridicat \u0219i a \u00eenceput s\u0103 str\u00e2ng\u0103 masa.<\/p>\n\n\n\n<p class=\"wp-block-paragraph\">Am r\u0103mas privind.<\/p>\n\n\n\n<p class=\"wp-block-paragraph\">\u2014 Ce faci?<\/p>\n\n\n\n<p class=\"wp-block-paragraph\">S-a uitat mirat.<\/p>\n\n\n\n<p class=\"wp-block-paragraph\">\u2014 Str\u00e2ng.<\/p>\n\n\n\n<p class=\"wp-block-paragraph\">\u2014 Dar e\u0219ti musafir.<\/p>\n\n\n\n<p class=\"wp-block-paragraph\">A r\u00e2s.<\/p>\n\n\n\n<p class=\"wp-block-paragraph\">\u2014 Dana, am 55 de ani. Dac\u0103 nu \u0219tiu unde se pune o farfurie murdar\u0103, cred c\u0103 am o problem\u0103 mai mare dec\u00e2t rela\u021bia noastr\u0103.<\/p>\n\n\n\n<p class=\"wp-block-paragraph\">Am r\u00e2s.<\/p>\n\n\n\n<p class=\"wp-block-paragraph\">Poate pentru altcineva ar fi fost un gest banal.<\/p>\n\n\n\n<p class=\"wp-block-paragraph\">Pentru mine, nu era.<\/p>\n\n\n\n<p class=\"wp-block-paragraph\">Era un semn.<\/p>\n\n\n\n<p class=\"wp-block-paragraph\">Un semn c\u0103 omul din fa\u021ba mea nu venise s\u0103 fie \u00eengrijit.<\/p>\n\n\n\n<p class=\"wp-block-paragraph\">Venise s\u0103 participe.<\/p>\n\n\n\n<hr class=\"wp-block-separator has-alpha-channel-opacity\"\/>\n\n\n\n<p class=\"wp-block-paragraph\">Dup\u0103 aproape un an \u00eempreun\u0103, \u00eentr-o sear\u0103 pe balcon, cu dou\u0103 pahare de vin, Andrei a spus:<\/p>\n\n\n\n<p class=\"wp-block-paragraph\">\u2014 M-am g\u00e2ndit la ceva.<\/p>\n\n\n\n<p class=\"wp-block-paragraph\">Am z\u00e2mbit.<\/p>\n\n\n\n<p class=\"wp-block-paragraph\">\u2014 S\u0103 ghicesc. Vrei s\u0103 te mu\u021bi?<\/p>\n\n\n\n<p class=\"wp-block-paragraph\">A \u00eenceput s\u0103 r\u00e2d\u0103.<\/p>\n\n\n\n<p class=\"wp-block-paragraph\">\u2014 Nu.<\/p>\n\n\n\n<p class=\"wp-block-paragraph\">Am r\u0103mas surprins\u0103.<\/p>\n\n\n\n<p class=\"wp-block-paragraph\">\u2014 Nu?<\/p>\n\n\n\n<p class=\"wp-block-paragraph\">\u2014 Nu.<\/p>\n\n\n\n<p class=\"wp-block-paragraph\">A privit apartamentul meu.<\/p>\n\n\n\n<p class=\"wp-block-paragraph\">\u2014 \u00cemi place c\u0103 ai locul t\u0103u. \u00cemi place c\u0103 eu am locul meu.<\/p>\n\n\n\n<p class=\"wp-block-paragraph\">Apoi s-a uitat la mine.<\/p>\n\n\n\n<p class=\"wp-block-paragraph\">\u2014 Dac\u0103 \u00eentr-o zi vom decide s\u0103 locuim \u00eempreun\u0103, vreau s\u0103 fie pentru c\u0103 ne bucur\u0103m unul de altul. Nu pentru c\u0103 unul dintre noi are nevoie de cineva s\u0103-i spele vasele sau s\u0103-i umple golurile.<\/p>\n\n\n\n<p class=\"wp-block-paragraph\">\u0218i atunci am sim\u021bit ceva ce nu mai sim\u021bisem de mult.<\/p>\n\n\n\n<p class=\"wp-block-paragraph\">Nu presiune.<\/p>\n\n\n\n<p class=\"wp-block-paragraph\">Nu team\u0103.<\/p>\n\n\n\n<p class=\"wp-block-paragraph\">Ci lini\u0219te.<\/p>\n\n\n\n<hr class=\"wp-block-separator has-alpha-channel-opacity\"\/>\n\n\n\n<h2 class=\"wp-block-heading\">Deznod\u0103m\u00e2nt \u2014 Weekendul care a devenit suficient<\/h2>\n\n\n\n<p class=\"wp-block-paragraph\">Nu m-am mutat cu Andrei.<\/p>\n\n\n\n<p class=\"wp-block-paragraph\">Nici el cu mine.<\/p>\n\n\n\n<p class=\"wp-block-paragraph\">\u0218i poate pentru unii pare ciudat.<\/p>\n\n\n\n<p class=\"wp-block-paragraph\">Dar pentru noi func\u021bioneaz\u0103.<\/p>\n\n\n\n<p class=\"wp-block-paragraph\">Avem zile \u00eempreun\u0103.<\/p>\n\n\n\n<p class=\"wp-block-paragraph\">Avem zile separate.<\/p>\n\n\n\n<p class=\"wp-block-paragraph\">Avem weekenduri cu plimb\u0103ri, filme, excursii.<\/p>\n\n\n\n<p class=\"wp-block-paragraph\">\u0218i avem luni diminea\u021ba \u00een care fiecare \u00ee\u0219i bea cafeaua \u00een propria cas\u0103.<\/p>\n\n\n\n<p class=\"wp-block-paragraph\">F\u0103r\u0103 sup\u0103r\u0103ri.<\/p>\n\n\n\n<p class=\"wp-block-paragraph\">F\u0103r\u0103 negocieri.<\/p>\n\n\n\n<p class=\"wp-block-paragraph\">F\u0103r\u0103 sentimentul c\u0103 cineva pierde ceva.<\/p>\n\n\n\n<p class=\"wp-block-paragraph\">\u00centr-o sear\u0103, o prieten\u0103 m-a \u00eentrebat:<\/p>\n\n\n\n<p class=\"wp-block-paragraph\">\u2014 Dar nu \u021bi-e team\u0103 c\u0103 vei r\u0103m\u00e2ne singur\u0103?<\/p>\n\n\n\n<p class=\"wp-block-paragraph\">Am z\u00e2mbit.<\/p>\n\n\n\n<p class=\"wp-block-paragraph\">\u2014 Nu.<\/p>\n\n\n\n<p class=\"wp-block-paragraph\">\u2014 De ce?<\/p>\n\n\n\n<p class=\"wp-block-paragraph\">Am ridicat paharul.<\/p>\n\n\n\n<p class=\"wp-block-paragraph\">\u2014 Pentru c\u0103 am petrecut 15 ani \u00eenv\u0103\u021b\u00e2nd s\u0103-mi iubesc propria companie. Nu am de g\u00e2nd s\u0103 renun\u021b la ea doar pentru c\u0103 cineva bate la u\u0219\u0103.<\/p>\n\n\n\n<p class=\"wp-block-paragraph\">Apoi am ad\u0103ugat:<\/p>\n\n\n\n<p class=\"wp-block-paragraph\">\u2014 Dar dac\u0103 cineva intr\u0103, trebuie s\u0103 aduc\u0103 ceva frumos cu el.<\/p>\n\n\n\n<p class=\"wp-block-paragraph\">Nu ordine.<\/p>\n\n\n\n<p class=\"wp-block-paragraph\">Nu reguli.<\/p>\n\n\n\n<p class=\"wp-block-paragraph\">Nu obliga\u021bii.<\/p>\n\n\n\n<p class=\"wp-block-paragraph\">Ci bucurie.<\/p>\n\n\n\n<p class=\"wp-block-paragraph\">Pentru c\u0103 la 52 de ani nu mai caut pe cineva care s\u0103-mi completeze via\u021ba.<\/p>\n\n\n\n<p class=\"wp-block-paragraph\">Via\u021ba mea este deja \u00eentreag\u0103.<\/p>\n\n\n\n<p class=\"wp-block-paragraph\">Caut doar pe cineva cu care s\u0103 o \u00eempart.&nbsp;<img decoding=\"async\" alt=\"\u2764\ufe0f\" src=\"https:\/\/s.w.org\/images\/core\/emoji\/17.0.2\/svg\/2764.svg\"><\/p>\n","protected":false},"excerpt":{"rendered":"<p>Partea a 2-a \u2014 Nu sunt o solu\u021bie pentru singur\u0103tatea nim\u0103nui Atunci am sim\u021bit cum ceva \u00een mine s-a schimbat pentru totdeauna. Nu am devenit rece. Nu am devenit \u00eempotriva iubirii. Doar am \u00eencetat s\u0103 confund iubirea cu disponibilitatea. Ani \u00eentregi, noi, femeile, am fost \u00eenv\u0103\u021bate c\u0103 trebuie s\u0103 fim \u201e\u00een\u021beleg\u0103toare\u201d. C\u0103 un b\u0103rbat obosit &#8230; <a title=\"La 52 de ani aveam tot ce \u00eemi doream: cas\u0103, libertate \u0219i lini\u0219te. Apoi un b\u0103rbat mi-a spus \u201esunt b\u0103rbat, nu e treaba mea s\u0103 g\u0103tesc\u201d\u2026 \u0219i am \u00een\u021beles totul\" class=\"read-more\" href=\"https:\/\/stiri-faine.com\/?p=1028\" aria-label=\"Read more about La 52 de ani aveam tot ce \u00eemi doream: cas\u0103, libertate \u0219i lini\u0219te. Apoi un b\u0103rbat mi-a spus \u201esunt b\u0103rbat, nu e treaba mea s\u0103 g\u0103tesc\u201d\u2026 \u0219i am \u00een\u021beles totul\">Read more<\/a><\/p>\n","protected":false},"author":1,"featured_media":0,"comment_status":"open","ping_status":"open","sticky":false,"template":"","format":"standard","meta":{"footnotes":""},"categories":[1],"tags":[],"class_list":["post-1028","post","type-post","status-publish","format-standard","hentry","category-uncategorized"],"_links":{"self":[{"href":"https:\/\/stiri-faine.com\/index.php?rest_route=\/wp\/v2\/posts\/1028","targetHints":{"allow":["GET"]}}],"collection":[{"href":"https:\/\/stiri-faine.com\/index.php?rest_route=\/wp\/v2\/posts"}],"about":[{"href":"https:\/\/stiri-faine.com\/index.php?rest_route=\/wp\/v2\/types\/post"}],"author":[{"embeddable":true,"href":"https:\/\/stiri-faine.com\/index.php?rest_route=\/wp\/v2\/users\/1"}],"replies":[{"embeddable":true,"href":"https:\/\/stiri-faine.com\/index.php?rest_route=%2Fwp%2Fv2%2Fcomments&post=1028"}],"version-history":[{"count":1,"href":"https:\/\/stiri-faine.com\/index.php?rest_route=\/wp\/v2\/posts\/1028\/revisions"}],"predecessor-version":[{"id":1031,"href":"https:\/\/stiri-faine.com\/index.php?rest_route=\/wp\/v2\/posts\/1028\/revisions\/1031"}],"wp:attachment":[{"href":"https:\/\/stiri-faine.com\/index.php?rest_route=%2Fwp%2Fv2%2Fmedia&parent=1028"}],"wp:term":[{"taxonomy":"category","embeddable":true,"href":"https:\/\/stiri-faine.com\/index.php?rest_route=%2Fwp%2Fv2%2Fcategories&post=1028"},{"taxonomy":"post_tag","embeddable":true,"href":"https:\/\/stiri-faine.com\/index.php?rest_route=%2Fwp%2Fv2%2Ftags&post=1028"}],"curies":[{"name":"wp","href":"https:\/\/api.w.org\/{rel}","templated":true}]}}