{"id":1026,"date":"2026-07-17T06:38:24","date_gmt":"2026-07-17T06:38:24","guid":{"rendered":"https:\/\/stiri-faine.com\/?p=1026"},"modified":"2026-07-17T06:38:24","modified_gmt":"2026-07-17T06:38:24","slug":"dupa-15-ani-singura-am-crezut-ca-am-gasit-in-sfarsit-iubirea-dar-dupa-ce-mihai-s-a-mutat-la-mine-am-inteles-ca-uneori-linistea-valoreaza-mai-mult-decat-orice-companie","status":"publish","type":"post","link":"https:\/\/stiri-faine.com\/?p=1026","title":{"rendered":"Dup\u0103 15 ani singur\u0103, am crezut c\u0103 am g\u0103sit \u00een sf\u00e2r\u0219it iubirea. Dar dup\u0103 ce Mihai s-a mutat la mine, am \u00een\u021beles c\u0103 uneori lini\u0219tea valoreaz\u0103 mai mult dec\u00e2t orice companie"},"content":{"rendered":"\n<h2 class=\"wp-block-heading\">Partea a 2-a \u2014 C\u00e2nd lini\u0219tea devine o alegere<\/h2>\n\n\n\n<p class=\"wp-block-paragraph\">\u2014 Ori vii cu mine la gr\u0103din\u0103 \u0219i muncim \u00eempreun\u0103, ori eu\u2026 nu \u0219tiu dac\u0103 mai are rost.<\/p>\n\n\n\n<p class=\"wp-block-paragraph\">A l\u0103sat fraza suspendat\u0103 \u00een aer.<\/p>\n\n\n\n<p class=\"wp-block-paragraph\">Exact cum fac oamenii care vor ca tu s\u0103 completezi singur amenin\u021barea.<\/p>\n\n\n\n<p class=\"wp-block-paragraph\">Am r\u0103mas nemi\u0219cat\u0103.<\/p>\n\n\n\n<p class=\"wp-block-paragraph\">Nu pentru c\u0103 mi-a fost fric\u0103.<\/p>\n\n\n\n<p class=\"wp-block-paragraph\">Ci pentru c\u0103, pentru prima dat\u0103, am v\u0103zut clar ceva ce refuzasem s\u0103 v\u0103d luni \u00eentregi.<\/p>\n\n\n\n<p class=\"wp-block-paragraph\">Mihai nu voia un partener.<\/p>\n\n\n\n<p class=\"wp-block-paragraph\">Voia un ajutor.<\/p>\n\n\n\n<p class=\"wp-block-paragraph\">O femeie care s\u0103 \u00eei umple casa, s\u0103 \u00eei organizeze via\u021ba, s\u0103 \u00eei spele c\u0103nile uitate \u0219i s\u0103 \u00eei admire \u201eritmul\u201d.<\/p>\n\n\n\n<p class=\"wp-block-paragraph\">Dar eu nu m\u0103 \u00eentorsesem la via\u021b\u0103 \u00een doi ca s\u0103 dispar din propria mea via\u021b\u0103.<\/p>\n\n\n\n<p class=\"wp-block-paragraph\">\u2014 Sau ce, Mihai? \u2014 am \u00eentrebat lini\u0219tit.<\/p>\n\n\n\n<p class=\"wp-block-paragraph\">S-a uitat surprins.<\/p>\n\n\n\n<p class=\"wp-block-paragraph\">Probabil se a\u0219tepta s\u0103 m\u0103 justific.<\/p>\n\n\n\n<p class=\"wp-block-paragraph\">S\u0103 spun c\u0103 \u00eemi pare r\u0103u.<\/p>\n\n\n\n<p class=\"wp-block-paragraph\">S\u0103 negociez.<\/p>\n\n\n\n<p class=\"wp-block-paragraph\">\u2014 Sau plec.<\/p>\n\n\n\n<p class=\"wp-block-paragraph\">Am dat din cap.<\/p>\n\n\n\n<p class=\"wp-block-paragraph\">\u2014 Atunci trebuie s\u0103 alegi.<\/p>\n\n\n\n<p class=\"wp-block-paragraph\">A clipit.<\/p>\n\n\n\n<p class=\"wp-block-paragraph\">\u2014 Eu?<\/p>\n\n\n\n<p class=\"wp-block-paragraph\">\u2014 Da. Tu.<\/p>\n\n\n\n<p class=\"wp-block-paragraph\">Am ar\u0103tat spre apartament.<\/p>\n\n\n\n<p class=\"wp-block-paragraph\">\u2014 Eu am ales deja acum 15 ani s\u0103-mi construiesc o via\u021b\u0103 \u00een care s\u0103 m\u0103 simt bine. Te-am l\u0103sat s\u0103 intri \u00een ea pentru c\u0103 te-am iubit. Nu pentru c\u0103 aveam nevoie de cineva care s\u0103-mi schimbe regulile.<\/p>\n\n\n\n<p class=\"wp-block-paragraph\">\u00cen ochii lui a ap\u0103rut ceva \u00eentre furie \u0219i nedumerire.<\/p>\n\n\n\n<p class=\"wp-block-paragraph\">\u2014 Exagerezi. Vorbim despre ni\u0219te c\u0103ni \u0219i ni\u0219te \u0219osete.<\/p>\n\n\n\n<p class=\"wp-block-paragraph\">Am z\u00e2mbit trist.<\/p>\n\n\n\n<p class=\"wp-block-paragraph\">\u2014 Nu, Mihai. Nu vorbim despre c\u0103ni.<\/p>\n\n\n\n<p class=\"wp-block-paragraph\">M-am uitat \u00een jur.<\/p>\n\n\n\n<p class=\"wp-block-paragraph\">La televizorul lui.<\/p>\n\n\n\n<p class=\"wp-block-paragraph\">La fotoliul lui.<\/p>\n\n\n\n<p class=\"wp-block-paragraph\">La lucrurile lui \u00eempr\u0103\u0219tiate.<\/p>\n\n\n\n<p class=\"wp-block-paragraph\">\u2014 Vorbim despre faptul c\u0103 eu am \u00eenceput s\u0103 m\u0103 simt musafir \u00een propria cas\u0103.<\/p>\n\n\n\n<hr class=\"wp-block-separator has-alpha-channel-opacity\"\/>\n\n\n\n<p class=\"wp-block-paragraph\">A doua zi am plecat singur\u0103 la mare.<\/p>\n\n\n\n<p class=\"wp-block-paragraph\">Nu dramatic.<\/p>\n\n\n\n<p class=\"wp-block-paragraph\">Nu cu valize aruncate pe hol.<\/p>\n\n\n\n<p class=\"wp-block-paragraph\">Nu cu u\u0219i tr\u00e2ntite.<\/p>\n\n\n\n<p class=\"wp-block-paragraph\">Pur \u0219i simplu am pus c\u00e2teva haine \u00eentr-o geant\u0103 \u0219i am plecat.<\/p>\n\n\n\n<p class=\"wp-block-paragraph\">Mihai a r\u0103mas acas\u0103.<\/p>\n\n\n\n<p class=\"wp-block-paragraph\">La \u00eenceput.<\/p>\n\n\n\n<p class=\"wp-block-paragraph\">\u00cen prima zi mi-a trimis mesaj:<\/p>\n\n\n\n<p class=\"wp-block-paragraph\">\u201eSper c\u0103 te lini\u0219te\u0219ti \u0219i \u00ee\u021bi trece.\u201d<\/p>\n\n\n\n<p class=\"wp-block-paragraph\">\u00cen a doua:<\/p>\n\n\n\n<p class=\"wp-block-paragraph\">\u201eCristina mi-a zis c\u0103 ai plecat singur\u0103. Ce vor spune oamenii?\u201d<\/p>\n\n\n\n<p class=\"wp-block-paragraph\">Am privit mesajul mult timp.<\/p>\n\n\n\n<p class=\"wp-block-paragraph\">Apoi am r\u00e2s.<\/p>\n\n\n\n<p class=\"wp-block-paragraph\">Ce ciudat.<\/p>\n\n\n\n<p class=\"wp-block-paragraph\">\u00cen 15 ani singur\u0103 nu m-a \u00eentrebat nimeni ce spun oamenii.<\/p>\n\n\n\n<p class=\"wp-block-paragraph\">Dar dup\u0103 trei luni cu un b\u0103rbat, devenise brusc o problem\u0103.<\/p>\n\n\n\n<p class=\"wp-block-paragraph\">Nu i-am r\u0103spuns.<\/p>\n\n\n\n<hr class=\"wp-block-separator has-alpha-channel-opacity\"\/>\n\n\n\n<p class=\"wp-block-paragraph\">La Constan\u021ba, dimine\u021bile aveau din nou sunetul meu.<\/p>\n\n\n\n<p class=\"wp-block-paragraph\">M\u0103 trezeam c\u00e2nd voiam.<\/p>\n\n\n\n<p class=\"wp-block-paragraph\">Beam cafeaua f\u0103r\u0103 s\u0103 mut o can\u0103 uitat\u0103 de altcineva.<\/p>\n\n\n\n<p class=\"wp-block-paragraph\">Mergeam pe plaj\u0103.<\/p>\n\n\n\n<p class=\"wp-block-paragraph\">Citeam.<\/p>\n\n\n\n<p class=\"wp-block-paragraph\">\u0218i \u00eentr-o sear\u0103, privind apusul, mi-am dat seama de ceva:<\/p>\n\n\n\n<p class=\"wp-block-paragraph\">Nu \u00eemi lipsea Mihai.<\/p>\n\n\n\n<p class=\"wp-block-paragraph\">\u00cemi lipsea b\u0103rbatul pe care crezusem c\u0103 \u00eel cunosc.<\/p>\n\n\n\n<p class=\"wp-block-paragraph\">Cel atent.<\/p>\n\n\n\n<p class=\"wp-block-paragraph\">Cel care \u00eemi \u021binea m\u00e2na la primele \u00eent\u00e2lniri.<\/p>\n\n\n\n<p class=\"wp-block-paragraph\">Cel care spunea:<\/p>\n\n\n\n<p class=\"wp-block-paragraph\">\u201eVreau s\u0103-\u021bi fac via\u021ba mai frumoas\u0103.\u201d<\/p>\n\n\n\n<p class=\"wp-block-paragraph\">Nu omul care ap\u0103ruse dup\u0103 ce s-a instalat comod.<\/p>\n\n\n\n<hr class=\"wp-block-separator has-alpha-channel-opacity\"\/>\n\n\n\n<p class=\"wp-block-paragraph\">Dup\u0103 dou\u0103 s\u0103pt\u0103m\u00e2ni m-am \u00eentors.<\/p>\n\n\n\n<p class=\"wp-block-paragraph\">Apartamentul era curat.<\/p>\n\n\n\n<p class=\"wp-block-paragraph\">Prea curat.<\/p>\n\n\n\n<p class=\"wp-block-paragraph\">Pe mas\u0103 era un bilet.<\/p>\n\n\n\n<p class=\"wp-block-paragraph\">\u201eIoana, am plecat la Snagov. M-am g\u00e2ndit.\u201d<\/p>\n\n\n\n<p class=\"wp-block-paragraph\">Pentru o clip\u0103 am sim\u021bit o mic\u0103 speran\u021b\u0103.<\/p>\n\n\n\n<p class=\"wp-block-paragraph\">Apoi am continuat s\u0103 citesc.<\/p>\n\n\n\n<p class=\"wp-block-paragraph\">\u201eCred c\u0103 ai dreptate c\u0103 trebuie s\u0103 ne respect\u0103m ritmurile. Eu nu pot deveni alt om. Tu nu po\u021bi accepta omul care sunt. Poate ne-am gr\u0103bit.\u201d<\/p>\n\n\n\n<p class=\"wp-block-paragraph\">Am l\u0103sat biletul jos.<\/p>\n\n\n\n<p class=\"wp-block-paragraph\">\u0218i, pentru prima dat\u0103, nu m-a durut.<\/p>\n\n\n\n<p class=\"wp-block-paragraph\">Pentru c\u0103 era adev\u0103rul.<\/p>\n\n\n\n<hr class=\"wp-block-separator has-alpha-channel-opacity\"\/>\n\n\n\n<p class=\"wp-block-paragraph\">Mihai a venit dup\u0103 c\u00e2teva zile s\u0103-\u0219i ia lucrurile.<\/p>\n\n\n\n<p class=\"wp-block-paragraph\">A intrat \u00een apartament \u0219i s-a uitat \u00een jur.<\/p>\n\n\n\n<p class=\"wp-block-paragraph\">\u2014 E ciudat.<\/p>\n\n\n\n<p class=\"wp-block-paragraph\">\u2014 Ce anume?<\/p>\n\n\n\n<p class=\"wp-block-paragraph\">\u2014 Parc\u0103 e mai mult spa\u021biu.<\/p>\n\n\n\n<p class=\"wp-block-paragraph\">Am z\u00e2mbit.<\/p>\n\n\n\n<p class=\"wp-block-paragraph\">\u2014 Nu s-a schimbat apartamentul.<\/p>\n\n\n\n<p class=\"wp-block-paragraph\">A t\u0103cut.<\/p>\n\n\n\n<p class=\"wp-block-paragraph\">Pentru c\u0103 \u00een\u021belegea.<\/p>\n\n\n\n<p class=\"wp-block-paragraph\">Se schimbase ceva \u00een mine.<\/p>\n\n\n\n<p class=\"wp-block-paragraph\">A luat ultima geant\u0103.<\/p>\n\n\n\n<p class=\"wp-block-paragraph\">\u00cenainte s\u0103 plece, s-a oprit.<\/p>\n\n\n\n<p class=\"wp-block-paragraph\">\u2014 Ioana\u2026<\/p>\n\n\n\n<p class=\"wp-block-paragraph\">\u2014 Da?<\/p>\n\n\n\n<p class=\"wp-block-paragraph\">\u2014 Poate am gre\u0219it.<\/p>\n\n\n\n<p class=\"wp-block-paragraph\">Am a\u0219teptat.<\/p>\n\n\n\n<p class=\"wp-block-paragraph\">\u2014 Dar nu \u0219tiu cum s\u0103 fiu altfel.<\/p>\n\n\n\n<p class=\"wp-block-paragraph\">Am dat din cap.<\/p>\n\n\n\n<p class=\"wp-block-paragraph\">\u2014 \u0218tiu.<\/p>\n\n\n\n<p class=\"wp-block-paragraph\">\u0218i acesta era lucrul cel mai trist.<\/p>\n\n\n\n<p class=\"wp-block-paragraph\">Nu c\u0103 nu voia.<\/p>\n\n\n\n<p class=\"wp-block-paragraph\">Ci c\u0103 nu vedea de ce ar trebui.<\/p>\n\n\n\n<hr class=\"wp-block-separator has-alpha-channel-opacity\"\/>\n\n\n\n<h2 class=\"wp-block-heading\">Deznod\u0103m\u00e2nt \u2014 Casa \u00een care m-am \u00eentors<\/h2>\n\n\n\n<p class=\"wp-block-paragraph\">Mihai nu s-a mai mutat niciodat\u0103 \u00eenapoi.<\/p>\n\n\n\n<p class=\"wp-block-paragraph\">Am mai vorbit.<\/p>\n\n\n\n<p class=\"wp-block-paragraph\">Uneori la telefon.<\/p>\n\n\n\n<p class=\"wp-block-paragraph\">Uneori la o cafea.<\/p>\n\n\n\n<p class=\"wp-block-paragraph\">Nu ne-am desp\u0103r\u021bit cu ur\u0103.<\/p>\n\n\n\n<p class=\"wp-block-paragraph\">Doar am acceptat c\u0103 dou\u0103 persoane pot fi bune separat \u0219i nepotrivite \u00eempreun\u0103.<\/p>\n\n\n\n<p class=\"wp-block-paragraph\">El s-a \u00eentors la gr\u0103dina lui.<\/p>\n\n\n\n<p class=\"wp-block-paragraph\">Eu m-am \u00eentors la lini\u0219tea mea.<\/p>\n\n\n\n<p class=\"wp-block-paragraph\">Dar de data aceasta era altfel.<\/p>\n\n\n\n<p class=\"wp-block-paragraph\">Pentru c\u0103 acum \u0219tiam c\u0103 lini\u0219tea nu \u00eenseamn\u0103 singur\u0103tate.<\/p>\n\n\n\n<p class=\"wp-block-paragraph\">Uneori \u00eenseamn\u0103 pace.<\/p>\n\n\n\n<p class=\"wp-block-paragraph\">Au trecut doi ani.<\/p>\n\n\n\n<p class=\"wp-block-paragraph\">\u00centr-o diminea\u021b\u0103 de s\u00e2mb\u0103t\u0103, Cristina a venit la mine cu dou\u0103 pr\u0103jituri.<\/p>\n\n\n\n<p class=\"wp-block-paragraph\">S-a uitat \u00een sufragerie.<\/p>\n\n\n\n<p class=\"wp-block-paragraph\">\u2014 Tot singur\u0103?<\/p>\n\n\n\n<p class=\"wp-block-paragraph\">Am z\u00e2mbit.<\/p>\n\n\n\n<p class=\"wp-block-paragraph\">\u2014 Nu.<\/p>\n\n\n\n<p class=\"wp-block-paragraph\">A ridicat spr\u00e2nceana.<\/p>\n\n\n\n<p class=\"wp-block-paragraph\">\u2014 Nu?<\/p>\n\n\n\n<p class=\"wp-block-paragraph\">Am ar\u0103tat spre cana mea de cafea.<\/p>\n\n\n\n<p class=\"wp-block-paragraph\">\u2014 Sunt cu mine.<\/p>\n\n\n\n<p class=\"wp-block-paragraph\">A r\u00e2s.<\/p>\n\n\n\n<p class=\"wp-block-paragraph\">\u2014 Ioana, mereu ai fost pu\u021bin ciudat\u0103.<\/p>\n\n\n\n<p class=\"wp-block-paragraph\">\u2014 Poate.<\/p>\n\n\n\n<p class=\"wp-block-paragraph\">Am privit camera.<\/p>\n\n\n\n<p class=\"wp-block-paragraph\">Canapeaua mea.<\/p>\n\n\n\n<p class=\"wp-block-paragraph\">Masa mea.<\/p>\n\n\n\n<p class=\"wp-block-paragraph\">Lumina mea.<\/p>\n\n\n\n<p class=\"wp-block-paragraph\">\u2014 Dar acum sunt ciudat\u0103 fericit\u0103.<\/p>\n\n\n\n<p class=\"wp-block-paragraph\">\u0218i poate aceasta este lec\u021bia pe care am \u00eenv\u0103\u021bat-o:<\/p>\n\n\n\n<p class=\"wp-block-paragraph\">Nu orice u\u0219\u0103 deschis\u0103 trebuie s\u0103 r\u0103m\u00e2n\u0103 deschis\u0103.<\/p>\n\n\n\n<p class=\"wp-block-paragraph\">Uneori la\u0219i pe cineva s\u0103 intre \u0219i descoperi c\u0103 nu \u021bi-a adus companie.<\/p>\n\n\n\n<p class=\"wp-block-paragraph\">\u021ai-a luat lini\u0219tea.<\/p>\n\n\n\n<p class=\"wp-block-paragraph\">Iar cea mai mare dovad\u0103 de iubire fa\u021b\u0103 de tine \u00eensu\u021bi este s\u0103 \u0219tii c\u00e2nd s\u0103 \u00eenchizi u\u0219a.<\/p>\n\n\n\n<p class=\"wp-block-paragraph\">Chiar dac\u0103 omul de pe partea cealalt\u0103 nu este r\u0103u.<\/p>\n\n\n\n<p class=\"wp-block-paragraph\">Doar nu este omul potrivit pentru casa ta.&nbsp;<img decoding=\"async\" alt=\"\ud83e\ude75\" src=\"https:\/\/s.w.org\/images\/core\/emoji\/17.0.2\/svg\/1fa75.svg\"><\/p>\n","protected":false},"excerpt":{"rendered":"<p>Partea a 2-a \u2014 C\u00e2nd lini\u0219tea devine o alegere \u2014 Ori vii cu mine la gr\u0103din\u0103 \u0219i muncim \u00eempreun\u0103, ori eu\u2026 nu \u0219tiu dac\u0103 mai are rost. A l\u0103sat fraza suspendat\u0103 \u00een aer. Exact cum fac oamenii care vor ca tu s\u0103 completezi singur amenin\u021barea. Am r\u0103mas nemi\u0219cat\u0103. Nu pentru c\u0103 mi-a fost fric\u0103. Ci &#8230; <a title=\"Dup\u0103 15 ani singur\u0103, am crezut c\u0103 am g\u0103sit \u00een sf\u00e2r\u0219it iubirea. Dar dup\u0103 ce Mihai s-a mutat la mine, am \u00een\u021beles c\u0103 uneori lini\u0219tea valoreaz\u0103 mai mult dec\u00e2t orice companie\" class=\"read-more\" href=\"https:\/\/stiri-faine.com\/?p=1026\" aria-label=\"Read more about Dup\u0103 15 ani singur\u0103, am crezut c\u0103 am g\u0103sit \u00een sf\u00e2r\u0219it iubirea. Dar dup\u0103 ce Mihai s-a mutat la mine, am \u00een\u021beles c\u0103 uneori lini\u0219tea valoreaz\u0103 mai mult dec\u00e2t orice companie\">Read more<\/a><\/p>\n","protected":false},"author":1,"featured_media":0,"comment_status":"open","ping_status":"open","sticky":false,"template":"","format":"standard","meta":{"footnotes":""},"categories":[1],"tags":[],"class_list":["post-1026","post","type-post","status-publish","format-standard","hentry","category-uncategorized"],"_links":{"self":[{"href":"https:\/\/stiri-faine.com\/index.php?rest_route=\/wp\/v2\/posts\/1026","targetHints":{"allow":["GET"]}}],"collection":[{"href":"https:\/\/stiri-faine.com\/index.php?rest_route=\/wp\/v2\/posts"}],"about":[{"href":"https:\/\/stiri-faine.com\/index.php?rest_route=\/wp\/v2\/types\/post"}],"author":[{"embeddable":true,"href":"https:\/\/stiri-faine.com\/index.php?rest_route=\/wp\/v2\/users\/1"}],"replies":[{"embeddable":true,"href":"https:\/\/stiri-faine.com\/index.php?rest_route=%2Fwp%2Fv2%2Fcomments&post=1026"}],"version-history":[{"count":1,"href":"https:\/\/stiri-faine.com\/index.php?rest_route=\/wp\/v2\/posts\/1026\/revisions"}],"predecessor-version":[{"id":1027,"href":"https:\/\/stiri-faine.com\/index.php?rest_route=\/wp\/v2\/posts\/1026\/revisions\/1027"}],"wp:attachment":[{"href":"https:\/\/stiri-faine.com\/index.php?rest_route=%2Fwp%2Fv2%2Fmedia&parent=1026"}],"wp:term":[{"taxonomy":"category","embeddable":true,"href":"https:\/\/stiri-faine.com\/index.php?rest_route=%2Fwp%2Fv2%2Fcategories&post=1026"},{"taxonomy":"post_tag","embeddable":true,"href":"https:\/\/stiri-faine.com\/index.php?rest_route=%2Fwp%2Fv2%2Ftags&post=1026"}],"curies":[{"name":"wp","href":"https:\/\/api.w.org\/{rel}","templated":true}]}}