{"id":1018,"date":"2026-07-16T07:00:39","date_gmt":"2026-07-16T07:00:39","guid":{"rendered":"https:\/\/stiri-faine.com\/?p=1018"},"modified":"2026-07-16T07:00:39","modified_gmt":"2026-07-16T07:00:39","slug":"aceasta-este-jumatatea-voastra-de-masa-iar-aceasta-a-noastra-dupa-un-an-in-care-am-platit-si-am-tacut-am-decis-ca-nimeni-nu-va-mai-profita-de-bunatatea-noastra-2","status":"publish","type":"post","link":"https:\/\/stiri-faine.com\/?p=1018","title":{"rendered":"Aceasta este jum\u0103tatea voastr\u0103 de mas\u0103, iar aceasta \u2014 a noastr\u0103!\u201d Dup\u0103 un an \u00een care am pl\u0103tit \u0219i am t\u0103cut, am decis c\u0103 nimeni nu va mai profita de bun\u0103tatea noastr\u0103"},"content":{"rendered":"<p>R\u0103spunsul a venit imediat.<\/p>\n<p>\u2014 Nu \u00een\u021beleg ce vrei s\u0103 spui.<\/p>\n<p>Am privit c\u00e2teva secunde ecranul, apoi am scris:<\/p>\n<p>\u2014 Exact ce am spus. Noi vom g\u0103ti pentru noi \u0219i pentru mama. Voi v\u0103 ocupa\u021bi de voi.<\/p>\n<p>Au urmat trei puncte. Au disp\u0103rut. Au reap\u0103rut.<\/p>\n<p>\u2014 Serios? Pentru ziua mamei?<\/p>\n<p>\u2014 Foarte serios.<\/p>\n<p>Nu mi-a mai r\u0103spuns.<\/p>\n<p>\u00cen diminea\u021ba anivers\u0103rii, Sofia nici nu b\u0103nuia ce urma s\u0103 se \u00eent\u00e2mple.<\/p>\n<p>Ajunsesem primii. Am \u00eembr\u0103\u021bi\u0219at-o, i-am oferit cadoul \u0219i am intrat \u00een buc\u0103t\u0103rie.<\/p>\n<p>Luca m-a privit o singur\u0103 dat\u0103.<\/p>\n<p>\u2014 E\u0219ti sigur\u0103?<\/p>\n<p>\u2014 Da.<\/p>\n<p>Am g\u0103tit exact c\u00e2t trebuia pentru trei oameni.<\/p>\n<p>Un platou cu friptur\u0103.<\/p>\n<p>Cartofi la cuptor.<\/p>\n<p>Salat\u0103.<\/p>\n<p>Tortul pe care \u00eel comandasem pentru Sofia.<\/p>\n<p>Apoi am \u00eemp\u0103r\u021bit masa \u00een dou\u0103.<\/p>\n<p>Nu ca s\u0103 umilesc pe cineva.<\/p>\n<p>Ci ca s\u0103 fac vizibil ceea ce, p\u00e2n\u0103 atunci, fusese ascuns.<\/p>\n<p>C\u00e2nd au intrat Eliza \u0219i Sebastian, au r\u0103mas nemi\u0219ca\u021bi \u00een prag.<\/p>\n<p>Sebastian avea \u00een m\u00e2n\u0103 o pung\u0103 de la supermarket.<\/p>\n<p>Eliza \u021binea un buchet de flori.<\/p>\n<p>Privirea i-a fugit de la jum\u0103tatea bogat\u0103 a mesei la cea aproape goal\u0103.<\/p>\n<p>\u2014 Ce \u00eenseamn\u0103 asta? \u00eentreb\u0103 ea.<\/p>\n<p>Am r\u0103spuns calm.<\/p>\n<p>\u2014 Exact ce vezi.<\/p>\n<p>\u2014 Glume\u0219ti?<\/p>\n<p>\u2014 Nu.<\/p>\n<p>Luca s-a ridicat \u00een picioare.<\/p>\n<p>\u2014 Clara are dreptate.<\/p>\n<p>Eliza r\u00e2se scurt.<\/p>\n<p>\u2014 A\u021bi \u00eennebunit am\u00e2ndoi?<\/p>\n<p>\u2014 Nu. Doar am \u00eencetat s\u0103 mai pl\u0103tim \u0219i partea voastr\u0103.<\/p>\n<p>Sebastian \u00ee\u0219i drese glasul.<\/p>\n<p>\u2014 Putea\u021bi s\u0103 spune\u021bi dac\u0103 v\u0103 deranja.<\/p>\n<p>L-am privit.<\/p>\n<p>\u2014 Am spus.<\/p>\n<p>\u2014 Nu chiar\u2026<\/p>\n<p>\u2014 De fiecare dat\u0103 c\u00e2nd a\u021bi spus \u201e\u0219ti\u021bi cum e, avem credit\u201d, noi am r\u0103spuns \u201e\u00een\u021belegem\u201d. A\u021bi confundat \u00een\u021belegerea cu obliga\u021bia.<\/p>\n<p>Sofia privea c\u00e2nd la noi, c\u00e2nd la ei.<\/p>\n<p>\u2014 Copii\u2026<\/p>\n<p>Eliza se \u00eentoarse spre mama ei.<\/p>\n<p>\u2014 Vezi? Tocmai de ziua ta fac spectacol.<\/p>\n<p>\u2014 Nu facem niciun spectacol, am spus. Dac\u0103 masa era pus\u0103 normal, nimeni n-ar fi observat c\u00e2t de dezechilibrate au fost lucrurile \u00een ultimul an.<\/p>\n<p>Am ar\u0103tat spre partea noastr\u0103.<\/p>\n<p>\u2014 Asta este ceea ce am pl\u0103tit noi.<\/p>\n<p>Apoi spre cealalt\u0103.<\/p>\n<p>\u2014 Iar asta este ceea ce a\u021bi considerat, de fiecare dat\u0103, c\u0103 ni se cuvine s\u0103 aducem \u0219i pentru voi.<\/p>\n<p>Pentru c\u00e2teva clipe nu s-a auzit dec\u00e2t ceasul din sufragerie.<\/p>\n<p>\u00cen cele din urm\u0103, Sofia oft\u0103 ad\u00e2nc.<\/p>\n<p>\u2014 Eliza\u2026 e adev\u0103rat?<\/p>\n<p>Fiica ei evit\u0103 privirea.<\/p>\n<p>\u2014 Noi doar am avut nevoie de ajutor.<\/p>\n<p>\u2014 Un an \u00eentreg?<\/p>\n<p>Nimeni nu r\u0103spunse.<\/p>\n<p>Sofia \u00ee\u0219i scoase \u00eencet \u0219or\u021bul.<\/p>\n<p>\u2014 \u0218ti\u021bi ce m\u0103 doare cel mai tare? Nu c\u0103 a\u021bi cerut ajutor. Ci c\u0103 a\u021bi \u00eenceput s\u0103-l considera\u021bi normal. \u0218i nici m\u0103car n-a\u021bi mai spus \u201emul\u021bumesc\u201d.<\/p>\n<p>Sebastian l\u0103s\u0103 punga pe mas\u0103.<\/p>\n<p>\u2014 Cred c\u0103\u2026 am exagerat.<\/p>\n<p>Eliza \u00eel privi surprins\u0103.<\/p>\n<p>\u2014 Serios?<\/p>\n<p>\u2014 Da. Au dreptate.<\/p>\n<p>Ea \u00ee\u0219i mu\u0219c\u0103 buza.<\/p>\n<p>Pentru prima dat\u0103 nu mai p\u0103rea sigur\u0103 pe ea.<\/p>\n<p>Se apropie de mas\u0103 \u0219i r\u0103mase c\u00e2teva secunde privind cele dou\u0103 jum\u0103t\u0103\u021bi.<\/p>\n<p>\u2014 Chiar a\u0219a a\u021bi sim\u021bit?<\/p>\n<p>Luca r\u0103spunse \u00eenaintea mea.<\/p>\n<p>\u2014 De mult.<\/p>\n<p>Eliza \u00ee\u0219i l\u0103s\u0103 umerii \u00een jos.<\/p>\n<p>\u2014 N-am vrut s\u0103 profit\u0103m\u2026 La \u00eenceput chiar ne era greu. Dup\u0103 aceea\u2026 cred c\u0103 ne-am obi\u0219nuit.<\/p>\n<p>Am dat din cap.<\/p>\n<p>\u2014 Exact asta s-a \u00eent\u00e2mplat.<\/p>\n<p>T\u0103cerea nu mai era ap\u0103s\u0103toare.<\/p>\n<p>Era sincer\u0103.<\/p>\n<p>Sofia z\u00e2mbi trist.<\/p>\n<p>\u2014 Atunci haide\u021bi s\u0103 facem ceva.<\/p>\n<p>S-a ridicat, a luat platoul cu friptur\u0103 \u0219i l-a mutat \u00een mijlocul mesei.<\/p>\n<p>Apoi a luat salata de pe partea cealalt\u0103 \u0219i a pus-o l\u00e2ng\u0103 el.<\/p>\n<p>\u2014 \u00cen casa mea, masa nu se \u00eemparte. Dar nici responsabilitatea nu va mai c\u0103dea pe umerii acelora\u0219i oameni.<\/p>\n<p>S-a \u00eentors spre Eliza \u0219i Sebastian.<\/p>\n<p>\u2014 De Cr\u0103ciun g\u0103ti\u021bi voi.<\/p>\n<p>Apoi spre noi.<\/p>\n<p>\u2014 De Pa\u0219te g\u0103ti\u021bi voi.<\/p>\n<p>A z\u00e2mbit.<\/p>\n<p>\u2014 Iar \u00een restul anului contribuie fiecare cu ce poate. Corect.<\/p>\n<p>Pentru prima dat\u0103 dup\u0103 multe luni, nimeni nu a protestat.<\/p>\n<p>\u00cen timp ce t\u0103iam tortul, mi-am dat seama c\u0103 masa \u00eemp\u0103r\u021bit\u0103 \u00ee\u0219i f\u0103cuse datoria.<\/p>\n<p>Nu pentru c\u0103 desp\u0103r\u021bise familia.<\/p>\n<p>Ci pentru c\u0103 \u00eei obligase pe to\u021bi s\u0103 vad\u0103 un lucru pe care, p\u00e2n\u0103 atunci, \u00eel ascunseser\u0103 sub fe\u021be de mas\u0103 frumoase \u0219i vorbe politicoase.<\/p>\n<p>Uneori, cea mai puternic\u0103 lec\u021bie nu este un scandal.<\/p>\n<p>Este o limit\u0103 trasat\u0103 at\u00e2t de clar, \u00eenc\u00e2t nimeni nu mai poate pretinde c\u0103 n-a observat-o.<\/p>\n","protected":false},"excerpt":{"rendered":"<p>R\u0103spunsul a venit imediat. \u2014 Nu \u00een\u021beleg ce vrei s\u0103 spui. Am privit c\u00e2teva secunde ecranul, apoi am scris: \u2014 Exact ce am spus. Noi vom g\u0103ti pentru noi \u0219i pentru mama. Voi v\u0103 ocupa\u021bi de voi. Au urmat trei puncte. Au disp\u0103rut. Au reap\u0103rut. \u2014 Serios? Pentru ziua mamei? \u2014 Foarte serios. Nu mi-a &#8230; <a title=\"Aceasta este jum\u0103tatea voastr\u0103 de mas\u0103, iar aceasta \u2014 a noastr\u0103!\u201d Dup\u0103 un an \u00een care am pl\u0103tit \u0219i am t\u0103cut, am decis c\u0103 nimeni nu va mai profita de bun\u0103tatea noastr\u0103\" class=\"read-more\" href=\"https:\/\/stiri-faine.com\/?p=1018\" aria-label=\"Read more about Aceasta este jum\u0103tatea voastr\u0103 de mas\u0103, iar aceasta \u2014 a noastr\u0103!\u201d Dup\u0103 un an \u00een care am pl\u0103tit \u0219i am t\u0103cut, am decis c\u0103 nimeni nu va mai profita de bun\u0103tatea noastr\u0103\">Read more<\/a><\/p>\n","protected":false},"author":1,"featured_media":0,"comment_status":"closed","ping_status":"open","sticky":false,"template":"","format":"standard","meta":{"footnotes":""},"categories":[1],"tags":[],"class_list":["post-1018","post","type-post","status-publish","format-standard","hentry","category-uncategorized"],"_links":{"self":[{"href":"https:\/\/stiri-faine.com\/index.php?rest_route=\/wp\/v2\/posts\/1018","targetHints":{"allow":["GET"]}}],"collection":[{"href":"https:\/\/stiri-faine.com\/index.php?rest_route=\/wp\/v2\/posts"}],"about":[{"href":"https:\/\/stiri-faine.com\/index.php?rest_route=\/wp\/v2\/types\/post"}],"author":[{"embeddable":true,"href":"https:\/\/stiri-faine.com\/index.php?rest_route=\/wp\/v2\/users\/1"}],"replies":[{"embeddable":true,"href":"https:\/\/stiri-faine.com\/index.php?rest_route=%2Fwp%2Fv2%2Fcomments&post=1018"}],"version-history":[{"count":1,"href":"https:\/\/stiri-faine.com\/index.php?rest_route=\/wp\/v2\/posts\/1018\/revisions"}],"predecessor-version":[{"id":1019,"href":"https:\/\/stiri-faine.com\/index.php?rest_route=\/wp\/v2\/posts\/1018\/revisions\/1019"}],"wp:attachment":[{"href":"https:\/\/stiri-faine.com\/index.php?rest_route=%2Fwp%2Fv2%2Fmedia&parent=1018"}],"wp:term":[{"taxonomy":"category","embeddable":true,"href":"https:\/\/stiri-faine.com\/index.php?rest_route=%2Fwp%2Fv2%2Fcategories&post=1018"},{"taxonomy":"post_tag","embeddable":true,"href":"https:\/\/stiri-faine.com\/index.php?rest_route=%2Fwp%2Fv2%2Ftags&post=1018"}],"curies":[{"name":"wp","href":"https:\/\/api.w.org\/{rel}","templated":true}]}}